{"id":18299,"global_id":"www.carillons.ch\/blog?id=18299","global_id_lineage":["www.carillons.ch\/blog?id=18299"],"author":"1","status":"publish","date":"2026-03-13 20:44:40","date_utc":"2026-03-13 19:44:40","modified":"2026-04-21 10:09:29","modified_utc":"2026-04-21 08:09:29","url":"https:\/\/www.carillons.ch\/blog\/event\/duo-vocal-ou-flute-et-claviers\/","rest_url":"https:\/\/www.carillons.ch\/blog\/wp-json\/tribe\/events\/v1\/events\/18299","title":"Duo vocal ou fl\u00fbte et claviers","description":"<div  class=\"tribe-events-schedule tribe-clearfix\" >\n\t<p class=\"tribe-events-schedule__datetime\">\n\t\t<span class=\"tribe-events-schedule__date tribe-events-schedule__date--start\">\n\t\t\t\t\t<\/span>\n\n\t\t\t\t\t<span class=\"tribe-events-schedule__separator tribe-events-schedule__separator--date\">\n\t\t\t\t @ \t\t\t<\/span>\n\t\t\t<span class=\"tribe-events-schedule__time tribe-events-schedule__time--start\">\n\t\t\t\t\t\t\t<\/span>\n\t\t\n\t\t\t<\/p>\n<\/div>\n\n\n\n<p>Concert<\/p>\n\n\n\n<p><strong>Samedi 25 avril \u00e0 15 h 30&nbsp;<\/strong><\/p>\n\n\n\n<p>Lieu: Abbaye de Montheron (route de l\u2019Abbaye 3, 1053 Montheron (Lausanne, pr\u00e8s de Cugy).<\/p>\n\n\n\n<p>Autres dates : Dimanche 26 avril \u00e4 17 h Centre \u0153cum\u00e9nique de Froideville<\/p>\n\n\n\n<p>Vendredi 24 avril \u00e0 19 h 30, \u00e9glise de St-Am\u00e9d\u00e9e, Bellevaux, Lausanne<\/p>\n\n\n\n<p>Duo vocal ou fl\u00fbte et claviers<\/p>\n\n\n\n<p>Marjaana Miettinen, chant, fl\u00fbte traversi\u00e8re, Elise Gueroult, chant, Daniel Thomas orgue, piano ou clavecin. \u0152uvres de Vivaldi, Arne, Loeillet, musiques finnoises et suisses.<\/p>\n\n\n\n<figure class=\"wp-block-image size-large\"><img loading=\"lazy\" decoding=\"async\" width=\"1024\" height=\"768\" src=\"https:\/\/www.carillons.ch\/blog\/wp-content\/uploads\/abbaye-montheron-1-1024x768.jpg\" alt=\"\" class=\"wp-image-16677\" srcset=\"https:\/\/www.carillons.ch\/blog\/wp-content\/uploads\/abbaye-montheron-1-1024x768.jpg 1024w, https:\/\/www.carillons.ch\/blog\/wp-content\/uploads\/abbaye-montheron-1-300x225.jpg 300w, https:\/\/www.carillons.ch\/blog\/wp-content\/uploads\/abbaye-montheron-1-150x113.jpg 150w, https:\/\/www.carillons.ch\/blog\/wp-content\/uploads\/abbaye-montheron-1-768x576.jpg 768w, https:\/\/www.carillons.ch\/blog\/wp-content\/uploads\/abbaye-montheron-1-665x499.jpg 665w, https:\/\/www.carillons.ch\/blog\/wp-content\/uploads\/abbaye-montheron-1.jpg 1200w\" sizes=\"auto, (max-width: 1024px) 100vw, 1024px\" \/><\/figure>\n\n\n\n<p>Entr\u00e9e libre, collecte (prix conseill\u00e9 : 30.- plein, 20.- r\u00e9ductions). Informations, inscriptions (comme membres ou \u00e0 la lettre de nouvelles) : \u00e0 dt@carillonneur.ch ou 079 391 46 96. Pour recevoir l\u2019annonce de nos manifestations, transmettez-vous votre adresse de courriel.<\/p>\n\n\n\n<figure class=\"wp-block-image size-full\"><img loading=\"lazy\" decoding=\"async\" width=\"950\" height=\"950\" src=\"https:\/\/www.carillons.ch\/blog\/wp-content\/uploads\/Collage-concert-25-avril-copie.jpg\" alt=\"\" class=\"wp-image-18373\" srcset=\"https:\/\/www.carillons.ch\/blog\/wp-content\/uploads\/Collage-concert-25-avril-copie.jpg 950w, https:\/\/www.carillons.ch\/blog\/wp-content\/uploads\/Collage-concert-25-avril-copie-300x300.jpg 300w, https:\/\/www.carillons.ch\/blog\/wp-content\/uploads\/Collage-concert-25-avril-copie-150x150.jpg 150w, https:\/\/www.carillons.ch\/blog\/wp-content\/uploads\/Collage-concert-25-avril-copie-768x768.jpg 768w, https:\/\/www.carillons.ch\/blog\/wp-content\/uploads\/Collage-concert-25-avril-copie-665x665.jpg 665w\" sizes=\"auto, (max-width: 950px) 100vw, 950px\" \/><\/figure>\n\n\n\n<p>sonate de Loeillet 1<\/p>\n\n\n\n<p>Langlais: Cinq motets<\/p>\n\n\n\n<p>Faur\u00e9 J-B: Crucifix<\/p>\n\n\n\n<p>sonate de Loeillet 2<\/p>\n\n\n\n<p>Arne concerto en do majeur Minuetto<\/p>\n\n\n\n<p>Le carillon d&rsquo;Orsi\u00e8res (th\u00e8me valaisan traditionnel)&nbsp; &nbsp; (arr. Marc Vernet et Daniel Thomas)<\/p>\n\n\n\n<p>Pylkk\u00e4nen: Pastorale (Mara solo avec Daniel)<\/p>\n\n\n\n<p>Najib Hankash&nbsp; &nbsp; Aatini Al Nay Wa Ghanni.&nbsp;<\/p>\n\n\n\n<p>Trad. Finlande : On suuri sun rantas autius<\/p>\n\n\n\n<p>piano solo Das Munotgl\u00f6cklein de Ferdinand Buomberger inspir\u00e9 de la petite cloche de la tour du M\u00fcnot de Schaffhouse<\/p>\n\n\n\n<p>Kuula: Ave Maria (Elise solo avec Daniel)<\/p>\n\n\n\n<p>Tikka: Armolaulu (Mara solo avec Daniel)<\/p>\n\n\n\n<p>Clavecin : R. Carr chaconne italienne<\/p>\n\n\n\n<p>Vivaldi: Esurientes<\/p>\n\n\n\n<p>Vivaldi: Laudamus Te<\/p>\n\n\n<div  class=\"tribe-block tribe-block__event-price\" >\n\t\t<\/div>\n\n\n\n\n<div  class=\"tribe-block tribe-block__venue tribe-clearfix tribe-block__venue--has-map\" >\n\t\n\t\t\n<div class=\"tribe-block__venue__map\">\n\t\n<iframe loading=\"lazy\"\n  title=\"L\u2018iframe Google maps affichant l\u2019adresse \u00e0 Abbaye de Montheron\"\n  aria-label=\"Plan des lieux\"\n  width=\"310px\"\n  height=\"256px\"\n  frameborder=\"0\" style=\"border:0\"\n  src=\"https:\/\/www.google.com\/maps\/embed\/v1\/place?key=AIzaSyDNsicAsP6-VuGtAb1O9riI3oc_NOb7IOU&#038;q=Rte+de+l%E2%80%99Abbaye+3+Montheron+%28Lausanne%29+Vaud+1053+Suisse+&#038;zoom=10\" allowfullscreen>\n<\/iframe>\n<\/div>\n\n\t<\/div>\n\n\n\n\n\t<div  class=\"tribe-block tribe-block__events-link\" >\n\t\t<div class=\"tribe-events tribe-common\">\n\t\t\t<div class=\"tribe-events-c-subscribe-dropdown__container\">\n\t\t\t\t<div class=\"tribe-events-c-subscribe-dropdown\">\n\t\t\t\t\t<div class=\"tribe-common-c-btn-border tribe-events-c-subscribe-dropdown__button\">\n\t\t\t\t\t\t<svg\n\t class=\"tribe-common-c-svgicon tribe-common-c-svgicon--cal-export tribe-events-c-subscribe-dropdown__export-icon\" \taria-hidden=\"true\"\n\tviewBox=\"0 0 23 17\"\n\txmlns=\"http:\/\/www.w3.org\/2000\/svg\"\n>\n\t<path fill-rule=\"evenodd\" clip-rule=\"evenodd\" d=\"M.128.896V16.13c0 .211.145.383.323.383h15.354c.179 0 .323-.172.323-.383V.896c0-.212-.144-.383-.323-.383H.451C.273.513.128.684.128.896Zm16 6.742h-.901V4.679H1.009v10.729h14.218v-3.336h.901V7.638ZM1.01 1.614h14.218v2.058H1.009V1.614Z\" \/>\n\t<path d=\"M20.5 9.846H8.312M18.524 6.953l2.89 2.909-2.855 2.855\" stroke-width=\"1.2\" stroke-linecap=\"round\" stroke-linejoin=\"round\"\/>\n<\/svg>\n\t\t\t\t\t\t<button\n\t\t\t\t\t\t\tclass=\"tribe-events-c-subscribe-dropdown__button-text\"\n\t\t\t\t\t\t\taria-expanded=\"false\"\n\t\t\t\t\t\t\taria-controls=\"tribe-events-subscribe-dropdown-content\"\n\t\t\t\t\t\t\taria-label=\"Afficher les liens permettant d\u2019ajouter des \u00e9v\u00e8nements \u00e0 votre calendrier\"\n\t\t\t\t\t\t>\n\t\t\t\t\t\t\tAjouter au calendrier\t\t\t\t\t\t<\/button>\n\t\t\t\t\t\t<svg\n\t class=\"tribe-common-c-svgicon tribe-common-c-svgicon--caret-down tribe-events-c-subscribe-dropdown__button-icon\" \taria-hidden=\"true\"\n\tviewBox=\"0 0 10 7\"\n\txmlns=\"http:\/\/www.w3.org\/2000\/svg\"\n>\n\t<path fill-rule=\"evenodd\" clip-rule=\"evenodd\" d=\"M1.008.609L5 4.6 8.992.61l.958.958L5 6.517.05 1.566l.958-.958z\" class=\"tribe-common-c-svgicon__svg-fill\"\/>\n<\/svg>\n\t\t\t\t\t<\/div>\n\t\t\t\t\t<div id=\"tribe-events-subscribe-dropdown-content\" class=\"tribe-events-c-subscribe-dropdown__content\">\n\t\t\t\t\t\t<ul class=\"tribe-events-c-subscribe-dropdown__list\">\n\t\t\t\t\t\t\t\t\t\t\t\t\t\t\t<li class=\"tribe-events-c-subscribe-dropdown__list-item tribe-events-c-subscribe-dropdown__list-item--gcal\">\n\t\t\t\t\t\t\t\t\t<a\n\t\t\t\t\t\t\t\t\t\thref=\"\"\n\t\t\t\t\t\t\t\t\t\tclass=\"tribe-events-c-subscribe-dropdown__list-item-link\"\n\t\t\t\t\t\t\t\t\t\ttarget=\"_blank\"\n\t\t\t\t\t\t\t\t\t\trel=\"noopener noreferrer nofollow noindex\"\n\t\t\t\t\t\t\t\t\t>\n\t\t\t\t\t\t\t\t\t\tGoogle Agenda\t\t\t\t\t\t\t\t\t<\/a>\n\t\t\t\t\t\t\t\t<\/li>\n\t\t\t\t\t\t\t\t\t\t\t\t\t\t\t<li class=\"tribe-events-c-subscribe-dropdown__list-item tribe-events-c-subscribe-dropdown__list-item--ical\">\n\t\t\t\t\t\t\t\t\t<a\n\t\t\t\t\t\t\t\t\t\thref=\"\"\n\t\t\t\t\t\t\t\t\t\tclass=\"tribe-events-c-subscribe-dropdown__list-item-link\"\n\t\t\t\t\t\t\t\t\t\ttarget=\"_blank\"\n\t\t\t\t\t\t\t\t\t\trel=\"noopener noreferrer nofollow noindex\"\n\t\t\t\t\t\t\t\t\t>\n\t\t\t\t\t\t\t\t\t\tiCalendar\t\t\t\t\t\t\t\t\t<\/a>\n\t\t\t\t\t\t\t\t<\/li>\n\t\t\t\t\t\t\t\t\t\t\t\t\t\t\t<li class=\"tribe-events-c-subscribe-dropdown__list-item tribe-events-c-subscribe-dropdown__list-item--outlook-365\">\n\t\t\t\t\t\t\t\t\t<a\n\t\t\t\t\t\t\t\t\t\thref=\"\"\n\t\t\t\t\t\t\t\t\t\tclass=\"tribe-events-c-subscribe-dropdown__list-item-link\"\n\t\t\t\t\t\t\t\t\t\ttarget=\"_blank\"\n\t\t\t\t\t\t\t\t\t\trel=\"noopener noreferrer nofollow noindex\"\n\t\t\t\t\t\t\t\t\t>\n\t\t\t\t\t\t\t\t\t\tOutlook 365\t\t\t\t\t\t\t\t\t<\/a>\n\t\t\t\t\t\t\t\t<\/li>\n\t\t\t\t\t\t\t\t\t\t\t\t\t\t\t<li class=\"tribe-events-c-subscribe-dropdown__list-item tribe-events-c-subscribe-dropdown__list-item--outlook-live\">\n\t\t\t\t\t\t\t\t\t<a\n\t\t\t\t\t\t\t\t\t\thref=\"\"\n\t\t\t\t\t\t\t\t\t\tclass=\"tribe-events-c-subscribe-dropdown__list-item-link\"\n\t\t\t\t\t\t\t\t\t\ttarget=\"_blank\"\n\t\t\t\t\t\t\t\t\t\trel=\"noopener noreferrer nofollow noindex\"\n\t\t\t\t\t\t\t\t\t>\n\t\t\t\t\t\t\t\t\t\tOutlook Live\t\t\t\t\t\t\t\t\t<\/a>\n\t\t\t\t\t\t\t\t<\/li>\n\t\t\t\t\t\t\t\t\t\t\t\t\t<\/ul>\n\t\t\t\t\t<\/div>\n\t\t\t\t<\/div>\n\t\t\t<\/div>\n\t\t<\/div>\n\t<\/div>","excerpt":"","slug":"duo-vocal-ou-flute-et-claviers","image":{"url":"https:\/\/www.carillons.ch\/blog\/wp-content\/uploads\/abbaye-montheron-1.jpg","id":16677,"extension":"jpg","width":1200,"height":900,"filesize":458289,"sizes":{"medium":{"width":300,"height":225,"mime-type":"image\/jpeg","filesize":19865,"url":"https:\/\/www.carillons.ch\/blog\/wp-content\/uploads\/abbaye-montheron-1-300x225.jpg"},"large":{"width":1024,"height":768,"mime-type":"image\/jpeg","filesize":213585,"url":"https:\/\/www.carillons.ch\/blog\/wp-content\/uploads\/abbaye-montheron-1-1024x768.jpg"},"thumbnail":{"width":150,"height":113,"mime-type":"image\/jpeg","filesize":6060,"url":"https:\/\/www.carillons.ch\/blog\/wp-content\/uploads\/abbaye-montheron-1-150x113.jpg"},"medium_large":{"width":768,"height":576,"mime-type":"image\/jpeg","filesize":121395,"url":"https:\/\/www.carillons.ch\/blog\/wp-content\/uploads\/abbaye-montheron-1-768x576.jpg"},"excerpt-thumbnail":{"width":200,"height":140,"mime-type":"image\/jpeg","filesize":8975,"url":"https:\/\/www.carillons.ch\/blog\/wp-content\/uploads\/abbaye-montheron-1-200x140.jpg"},"themonic-thumbnail":{"width":60,"height":42,"mime-type":"image\/jpeg","filesize":1946,"url":"https:\/\/www.carillons.ch\/blog\/wp-content\/uploads\/abbaye-montheron-1-60x42.jpg"},"ioslider-thumbnail":{"width":658,"height":300,"mime-type":"image\/jpeg","filesize":60662,"url":"https:\/\/www.carillons.ch\/blog\/wp-content\/uploads\/abbaye-montheron-1-658x300.jpg"},"post-thumbnail":{"width":665,"height":499,"mime-type":"image\/jpeg","filesize":92021,"url":"https:\/\/www.carillons.ch\/blog\/wp-content\/uploads\/abbaye-montheron-1-665x499.jpg"},"sow-carousel-default":{"width":272,"height":182,"mime-type":"image\/jpeg","filesize":14845,"url":"https:\/\/www.carillons.ch\/blog\/wp-content\/uploads\/abbaye-montheron-1-272x182.jpg"}}},"all_day":false,"start_date":"2026-04-25 15:30:00","start_date_details":{"year":"2026","month":"04","day":"25","hour":"15","minutes":"30","seconds":"00"},"end_date":"2026-04-25 16:30:00","end_date_details":{"year":"2026","month":"04","day":"25","hour":"16","minutes":"30","seconds":"00"},"utc_start_date":"2026-04-25 13:30:00","utc_start_date_details":{"year":"2026","month":"04","day":"25","hour":"13","minutes":"30","seconds":"00"},"utc_end_date":"2026-04-25 14:30:00","utc_end_date_details":{"year":"2026","month":"04","day":"25","hour":"14","minutes":"30","seconds":"00"},"timezone":"Europe\/Zurich","timezone_abbr":"","cost":"","cost_details":{"currency_symbol":"CHF","currency_code":"USD","currency_position":"prefix","values":[]},"website":"","show_map":false,"show_map_link":false,"hide_from_listings":false,"sticky":false,"featured":false,"categories":[{"name":"Abbaye de Montheron","slug":"abbaye-de-montheron","term_group":0,"term_taxonomy_id":654,"taxonomy":"tribe_events_cat","description":"Concerts, balades, conf\u00e9rences, excursions et autres activit\u00e9s \u00e0 l'Abbaye de Montheron","parent":663,"count":41,"filter":"raw","id":654,"urls":{"self":"https:\/\/www.carillons.ch\/blog\/wp-json\/tribe\/events\/v1\/categories\/654","collection":"https:\/\/www.carillons.ch\/blog\/wp-json\/tribe\/events\/v1\/categories","up":"https:\/\/www.carillons.ch\/blog\/wp-json\/tribe\/events\/v1\/categories\/663"}},{"name":"Chant solo","slug":"chant-solo","term_group":0,"term_taxonomy_id":670,"taxonomy":"tribe_events_cat","description":"","parent":664,"count":14,"filter":"raw","id":670,"urls":{"self":"https:\/\/www.carillons.ch\/blog\/wp-json\/tribe\/events\/v1\/categories\/670","collection":"https:\/\/www.carillons.ch\/blog\/wp-json\/tribe\/events\/v1\/categories","up":"https:\/\/www.carillons.ch\/blog\/wp-json\/tribe\/events\/v1\/categories\/664"}},{"name":"Concert","slug":"concert","term_group":0,"term_taxonomy_id":644,"taxonomy":"tribe_events_cat","description":"","parent":661,"count":59,"filter":"raw","id":644,"urls":{"self":"https:\/\/www.carillons.ch\/blog\/wp-json\/tribe\/events\/v1\/categories\/644","collection":"https:\/\/www.carillons.ch\/blog\/wp-json\/tribe\/events\/v1\/categories","up":"https:\/\/www.carillons.ch\/blog\/wp-json\/tribe\/events\/v1\/categories\/661"}},{"name":"Fl\u00fbte","slug":"flute","term_group":0,"term_taxonomy_id":679,"taxonomy":"tribe_events_cat","description":"","parent":664,"count":7,"filter":"raw","id":679,"urls":{"self":"https:\/\/www.carillons.ch\/blog\/wp-json\/tribe\/events\/v1\/categories\/679","collection":"https:\/\/www.carillons.ch\/blog\/wp-json\/tribe\/events\/v1\/categories","up":"https:\/\/www.carillons.ch\/blog\/wp-json\/tribe\/events\/v1\/categories\/664"}},{"name":"Orgue","slug":"orgue","term_group":0,"term_taxonomy_id":666,"taxonomy":"tribe_events_cat","description":"","parent":664,"count":50,"filter":"raw","id":666,"urls":{"self":"https:\/\/www.carillons.ch\/blog\/wp-json\/tribe\/events\/v1\/categories\/666","collection":"https:\/\/www.carillons.ch\/blog\/wp-json\/tribe\/events\/v1\/categories","up":"https:\/\/www.carillons.ch\/blog\/wp-json\/tribe\/events\/v1\/categories\/664"}}],"tags":[{"name":"chant","slug":"chant","term_group":0,"term_taxonomy_id":33,"taxonomy":"post_tag","description":"Articles, activit\u00e9s, avec chant ou choeurs dans le site langages.ch. Pour voir les concerts avec chant, voir la page agenda chant : <a href=\"http:\/\/www.langages.ch\/blog\/agenda-chant-2\/\">concerts avec chant<\/a>.","parent":0,"count":29,"filter":"raw","id":27,"urls":{"self":"https:\/\/www.carillons.ch\/blog\/wp-json\/tribe\/events\/v1\/tags\/27","collection":"https:\/\/www.carillons.ch\/blog\/wp-json\/tribe\/events\/v1\/tags"}},{"name":"orgue","slug":"orgue","term_group":0,"term_taxonomy_id":44,"taxonomy":"post_tag","description":"Vous trouverez l'agenda des manifestations avec de l'orgue sur la page : <a href=\"http:\/\/www.langages.ch\/blog\/agenda-orgue\/\">agenda<\/a>.\r\nActivit\u00e9s li\u00e9es \u00e0 l\u2019orgue sur le site langages.ch, concerts, stages musicaux, excursions, \u2026\r\n\r\nBrillance, \u00e9clat\r\ntonnerre et paysages, en douceur ou en foudre\r\nqui plus que toi les contrastes peut dire\r\nen parole d\u2019en haut, voix du ciel, voix de Dieu,\r\ntu es l\u2019au-del\u00e0, la musique d\u2019ailleurs,\r\n\r\ncelle de la parole divine,\r\nmots cach\u00e9s, brume en mots, parole lointaine, au-del\u00e0 de l\u2019humain,\r\nsons feutr\u00e9s ou fl\u00fbt\u00e9s, bourdonnement grave ou chants d\u2019oiseaux,\r\nta voix multiple et diverse nous emporte comme un grand vaisseau,\r\npour des mers lointaines.","parent":0,"count":108,"filter":"raw","id":494,"urls":{"self":"https:\/\/www.carillons.ch\/blog\/wp-json\/tribe\/events\/v1\/tags\/494","collection":"https:\/\/www.carillons.ch\/blog\/wp-json\/tribe\/events\/v1\/tags"}}],"venue":{"id":12384,"author":"1","status":"publish","date":"2019-09-08 19:16:45","date_utc":"2019-09-08 18:16:45","modified":"2022-02-02 19:25:33","modified_utc":"2022-02-02 18:25:33","url":"https:\/\/www.carillons.ch\/blog\/lieu\/abbaye-de-montheron\/","venue":"Abbaye de Montheron","description":"<div id=\"pl-12384\"  class=\"panel-layout\" >\n<div id=\"pg-12384-0\"  class=\"panel-grid panel-no-style\" >\n<div id=\"pgc-12384-0-0\"  class=\"panel-grid-cell\"  data-weight=\"1\" >\n<div id=\"panel-12384-0-0-0\" class=\"so-panel widget widget_sow-editor panel-first-child panel-last-child\" data-index=\"0\" >\n<div class=\"so-widget-sow-editor so-widget-sow-editor-base\">\n<div class=\"siteorigin-widget-tinymce textwidget\">\n\t<div id=\"attachment_12374\" style=\"width: 1210px\" class=\"wp-caption alignleft\"><a href=\"http:\/\/www.langages.ch\/blog\/wp-content\/uploads\/IMG_2520.jpg\"><img loading=\"lazy\" decoding=\"async\" aria-describedby=\"caption-attachment-12374\" class=\"size-full wp-image-12374\" src=\"http:\/\/www.langages.ch\/blog\/wp-content\/uploads\/IMG_2520.jpg\" alt=\"Abbaye de Montheron dans la for\u00eat\" width=\"1200\" height=\"900\" srcset=\"https:\/\/www.carillons.ch\/blog\/wp-content\/uploads\/IMG_2520.jpg 1200w, https:\/\/www.carillons.ch\/blog\/wp-content\/uploads\/IMG_2520-150x113.jpg 150w, https:\/\/www.carillons.ch\/blog\/wp-content\/uploads\/IMG_2520-300x225.jpg 300w, https:\/\/www.carillons.ch\/blog\/wp-content\/uploads\/IMG_2520-768x576.jpg 768w, https:\/\/www.carillons.ch\/blog\/wp-content\/uploads\/IMG_2520-1024x768.jpg 1024w\" sizes=\"auto, (max-width: 1200px) 100vw, 1200px\" \/><\/a><p id=\"caption-attachment-12374\" class=\"wp-caption-text\">Abbaye de Montheron dans la for\u00eat<\/p><\/div><\/div>\n<\/div>\n<\/div>\n<\/div>\n<\/div>\n<div id=\"pg-12384-1\"  class=\"panel-grid panel-no-style\"  data-style=\"{&quot;background_image_attachment&quot;:false,&quot;background_display&quot;:&quot;tile&quot;,&quot;cell_alignment&quot;:&quot;flex-start&quot;}\" >\n<div id=\"pgc-12384-1-0\"  class=\"panel-grid-cell panel-grid-cell-empty panel-grid-cell-mobile-last\"  data-weight=\"0.5\" ><\/div>\n<div id=\"pgc-12384-1-1\"  class=\"panel-grid-cell panel-grid-cell-empty\"  data-weight=\"0.5\" ><\/div>\n<\/div>\n<\/div>","slug":"abbaye-de-montheron","address":"Rte de l\u2019Abbaye 3","city":"Montheron (Lausanne)","country":"Suisse","province":"Vaud","zip":"1053","phone":"079 391 46 96","website":"https:\/\/www.carillons.ch\/blog\/sujet\/associations\/aaam-abbaye-de-montheron\/","stateprovince":"Vaud","json_ld":{"@type":"Place","name":"Abbaye de Montheron","description":"&lt;p&gt;Abbaye de Montheron dans la for\u00eat&lt;\/p&gt;\\n","url":"","address":{"@type":"PostalAddress","streetAddress":"Rte de l\u2019Abbaye 3","addressLocality":"Montheron (Lausanne)","addressRegion":"Vaud","postalCode":"1053","addressCountry":"Suisse"},"telephone":"079 391 46 96","sameAs":"https:\/\/www.carillons.ch\/blog\/sujet\/associations\/aaam-abbaye-de-montheron\/"},"show_map":true,"show_map_link":true,"global_id":"www.carillons.ch\/blog?id=12384","global_id_lineage":["www.carillons.ch\/blog?id=12384"]},"organizer":[],"custom_fields":[],"json_ld":{"@context":"http:\/\/schema.org","@type":"Event","name":"Duo vocal ou fl\u00fbte et claviers","description":"&lt;p&gt;Concert Samedi 25 avril \u00e0 15 h 30&nbsp; Lieu: Abbaye de Montheron (route de l\u2019Abbaye 3, 1053 Montheron (Lausanne, pr\u00e8s de Cugy). Autres dates : Dimanche 26 avril \u00e4 17 h Centre \u0153cum\u00e9nique de Froideville Vendredi 24 avril \u00e0 19 h 30, \u00e9glise de St-Am\u00e9d\u00e9e, Bellevaux, Lausanne Duo vocal ou fl\u00fbte et claviers Marjaana Miettinen, chant, fl\u00fbte traversi\u00e8re,\u2026 &lt;span class=&quot;read-more&quot;&gt;&lt;a href=&quot;https:\/\/www.carillons.ch\/blog\/event\/duo-vocal-ou-flute-et-claviers\/&quot;&gt;Lire la suite &raquo;&lt;\/a&gt;&lt;\/span&gt;&lt;\/p&gt;\\n","image":"https:\/\/www.carillons.ch\/blog\/wp-content\/uploads\/abbaye-montheron-1.jpg","url":"https:\/\/www.carillons.ch\/blog\/event\/duo-vocal-ou-flute-et-claviers\/","eventAttendanceMode":"https:\/\/schema.org\/OfflineEventAttendanceMode","eventStatus":"https:\/\/schema.org\/EventScheduled","startDate":"2026-04-25T15:30:00+02:00","endDate":"2026-04-25T16:30:00+02:00","location":{"@type":"Place","name":"Abbaye de Montheron","description":"&lt;p&gt;Abbaye de Montheron dans la for\u00eat&lt;\/p&gt;\\n","url":"","address":{"@type":"PostalAddress","streetAddress":"Rte de l\u2019Abbaye 3","addressLocality":"Montheron (Lausanne)","addressRegion":"Vaud","postalCode":"1053","addressCountry":"Suisse"},"telephone":"079 391 46 96","sameAs":"https:\/\/www.carillons.ch\/blog\/sujet\/associations\/aaam-abbaye-de-montheron\/"},"performer":"Organization"}}