{"id":702,"count":1,"description":"Durant une soir\u00e9e, dans le Grand Lausanne, les \u00e9glises de toutes confessions ouvrent leurs portes au grand public avec des activit\u00e9s alliant spiritualit\u00e9 et culture. Cette manifestation a lieu tous les trois ans. 2014, 2017, 2020, ...\r\nLa prochaine Nuit des \u00e9glises: le vendredi 5 juin 2020 ! Notez la date!","link":"https:\/\/www.carillons.ch\/blog\/sujet\/associations\/nuit-des-eglises\/","name":"Nuit des \u00e9glises","slug":"nuit-des-eglises","taxonomy":"category","parent":7,"meta":[],"_links":{"self":[{"href":"https:\/\/www.carillons.ch\/blog\/wp-json\/wp\/v2\/categories\/702","targetHints":{"allow":["GET"]}}],"collection":[{"href":"https:\/\/www.carillons.ch\/blog\/wp-json\/wp\/v2\/categories"}],"about":[{"href":"https:\/\/www.carillons.ch\/blog\/wp-json\/wp\/v2\/taxonomies\/category"}],"up":[{"embeddable":true,"href":"https:\/\/www.carillons.ch\/blog\/wp-json\/wp\/v2\/categories\/7"}],"wp:post_type":[{"href":"https:\/\/www.carillons.ch\/blog\/wp-json\/wp\/v2\/posts?categories=702"}],"curies":[{"name":"wp","href":"https:\/\/api.w.org\/{rel}","templated":true}]}}