{"id":10367,"date":"2018-04-30T06:26:42","date_gmt":"2018-04-30T05:26:42","guid":{"rendered":"http:\/\/www.langages.ch\/blog\/?p=10367"},"modified":"2019-05-03T07:24:28","modified_gmt":"2019-05-03T06:24:28","slug":"carillon-de-bulle","status":"publish","type":"post","link":"https:\/\/www.carillons.ch\/blog\/carillon-de-bulle\/","title":{"rendered":"Carillon de Bulle"},"content":{"rendered":"\n<p>Bulle FR, Eglise Saint-Pierre-aux-Liens<br>10 cloches (sib2, do3, r\u00e93, mib3, fa3, sol3, lab3, la3, sib3, do4)<br>2 Dreffet\/Tr\u00e9boux 1809\/1813, 5 Paccard 1905, 1 R\u00fcetschi 1964, 2 Paccard 2005<\/p>\n\n\n\n<p>Reb\u00e2tie apr\u00e8s l\u2019incendie de 1805, la reconstruction de l\u2019\u00e9glise devient le symbole de la renaissance de la ville. Plusieurs loteries sont organis\u00e9es pour compl\u00e9ter le financement des travaux. Deux canons achet\u00e9s \u00e0 l\u2019Etat de Fribourg sont fondus pour r\u00e9aliser les six cloches du carillon de l\u2019\u00e9glise. C\u2019est aujourd\u2019hui le dernier carillon manuel \u00e0 levier de Suisse avec celui de Salvan (VS).<\/p>\n\n\n\n<p>Le carillon de Bulle de Nuit:<\/p>\n\n\n\n<figure class=\"wp-block-image\"><a href=\"http:\/\/www.langages.ch\/blog\/wp-content\/uploads\/Bulle-nuit.jpg\"><img loading=\"lazy\" decoding=\"async\" width=\"1200\" height=\"900\" src=\"http:\/\/www.langages.ch\/blog\/wp-content\/uploads\/Bulle-nuit.jpg\" alt=\"\" class=\"wp-image-10369\" srcset=\"https:\/\/www.carillons.ch\/blog\/wp-content\/uploads\/Bulle-nuit.jpg 1200w, https:\/\/www.carillons.ch\/blog\/wp-content\/uploads\/Bulle-nuit-150x113.jpg 150w, https:\/\/www.carillons.ch\/blog\/wp-content\/uploads\/Bulle-nuit-300x225.jpg 300w, https:\/\/www.carillons.ch\/blog\/wp-content\/uploads\/Bulle-nuit-768x576.jpg 768w, https:\/\/www.carillons.ch\/blog\/wp-content\/uploads\/Bulle-nuit-1024x768.jpg 1024w\" sizes=\"auto, (max-width: 1200px) 100vw, 1200px\" \/><\/a><\/figure>\n\n\n\n<figure><iframe loading=\"lazy\" src=\"https:\/\/www.youtube.com\/embed\/ka34-zXEgaA\" width=\"560\" height=\"315\" frameborder=\"0\" allowfullscreen=\"allowfullscreen\"><\/iframe><\/figure>\n","protected":false},"excerpt":{"rendered":"<p>Bulle FR, Eglise Saint-Pierre-aux-Liens10 cloches (sib2, do3, r\u00e93, mib3, fa3, sol3, lab3, la3, sib3, do4)2 Dreffet\/Tr\u00e9boux 1809\/1813, 5 Paccard 1905, 1 R\u00fcetschi 1964, 2 Paccard 2005 Reb\u00e2tie apr\u00e8s l\u2019incendie de 1805, la reconstruction de l\u2019\u00e9glise devient le symbole de la renaissance de la ville. Plusieurs loteries sont organis\u00e9es pour compl\u00e9ter le financement des travaux. Deux canons achet\u00e9s \u00e0\u2026 <span class=\"read-more\"><a href=\"https:\/\/www.carillons.ch\/blog\/carillon-de-bulle\/\">Lire la suite &raquo;<\/a><\/span><\/p>\n","protected":false},"author":1,"featured_media":10368,"comment_status":"closed","ping_status":"closed","sticky":false,"template":"","format":"standard","meta":{"sfsi_plus_gutenberg_text_before_share":"","sfsi_plus_gutenberg_show_text_before_share":"","sfsi_plus_gutenberg_icon_type":"","sfsi_plus_gutenberg_icon_alignemt":"","sfsi_plus_gutenburg_max_per_row":"","_EventAllDay":false,"_EventTimezone":"","_EventStartDate":"","_EventEndDate":"","_EventStartDateUTC":"","_EventEndDateUTC":"","_EventShowMap":false,"_EventShowMapLink":false,"_EventURL":"","_EventCost":"","_EventCostDescription":"","_EventCurrencySymbol":"","_EventCurrencyCode":"","_EventCurrencyPosition":"","_EventDateTimeSeparator":"","_EventTimeRangeSeparator":"","_EventOrganizerID":[],"_EventVenueID":[],"_OrganizerEmail":"","_OrganizerPhone":"","_OrganizerWebsite":"","_VenueAddress":"","_VenueCity":"","_VenueCountry":"","_VenueProvince":"","_VenueState":"","_VenueZip":"","_VenuePhone":"","_VenueURL":"","_VenueStateProvince":"","_VenueLat":"","_VenueLng":"","_VenueShowMap":false,"_VenueShowMapLink":false,"footnotes":""},"categories":[9],"tags":[490,587,198],"class_list":["post-10367","post","type-post","status-publish","format-standard","has-post-thumbnail","hentry","category-carillon","tag-carillon","tag-carillon-avec-clavier-mecanique","tag-tour"],"_links":{"self":[{"href":"https:\/\/www.carillons.ch\/blog\/wp-json\/wp\/v2\/posts\/10367","targetHints":{"allow":["GET"]}}],"collection":[{"href":"https:\/\/www.carillons.ch\/blog\/wp-json\/wp\/v2\/posts"}],"about":[{"href":"https:\/\/www.carillons.ch\/blog\/wp-json\/wp\/v2\/types\/post"}],"author":[{"embeddable":true,"href":"https:\/\/www.carillons.ch\/blog\/wp-json\/wp\/v2\/users\/1"}],"replies":[{"embeddable":true,"href":"https:\/\/www.carillons.ch\/blog\/wp-json\/wp\/v2\/comments?post=10367"}],"version-history":[{"count":2,"href":"https:\/\/www.carillons.ch\/blog\/wp-json\/wp\/v2\/posts\/10367\/revisions"}],"predecessor-version":[{"id":12132,"href":"https:\/\/www.carillons.ch\/blog\/wp-json\/wp\/v2\/posts\/10367\/revisions\/12132"}],"wp:featuredmedia":[{"embeddable":true,"href":"https:\/\/www.carillons.ch\/blog\/wp-json\/wp\/v2\/media\/10368"}],"wp:attachment":[{"href":"https:\/\/www.carillons.ch\/blog\/wp-json\/wp\/v2\/media?parent=10367"}],"wp:term":[{"taxonomy":"category","embeddable":true,"href":"https:\/\/www.carillons.ch\/blog\/wp-json\/wp\/v2\/categories?post=10367"},{"taxonomy":"post_tag","embeddable":true,"href":"https:\/\/www.carillons.ch\/blog\/wp-json\/wp\/v2\/tags?post=10367"}],"curies":[{"name":"wp","href":"https:\/\/api.w.org\/{rel}","templated":true}]}}