{"id":10372,"date":"2018-04-30T19:50:52","date_gmt":"2018-04-30T18:50:52","guid":{"rendered":"http:\/\/www.langages.ch\/blog\/?p=10372"},"modified":"2025-06-19T13:58:50","modified_gmt":"2025-06-19T11:58:50","slug":"carillon-daarau","status":"publish","type":"post","link":"https:\/\/www.carillons.ch\/blog\/carillon-daarau\/","title":{"rendered":"Carillon d&rsquo;Aarau"},"content":{"rendered":"\n<p>Aarau AG, Obertor<br>11 cloches (mib4, fa4, sol4, lab4, sib4, do5 &#8211; mib5, f5, g5)<br>R\u00fcetschi 1969\/1976<\/p>\n\n\n\n<p>Dans la belle grande tour m\u00e9di\u00e9vale d&rsquo;Aarau, il y a un petit carillon de 11 cloches, avec un petit clavier m\u00e9canique.<br>M\u00e9connu, construit par le fondeur d&rsquo;Aarau, R\u00fcetschi.<\/p>\n\n\n\n<p>Le carillon d&rsquo;Aarau f\u00eate ses 50 ans samedi 10 ao\u00fbt 2019 :<\/p>\n\n\n\n<figure class=\"wp-block-image\"><a href=\"http:\/\/www.langages.ch\/blog\/wp-content\/uploads\/Aarau-Glockenspiel-50-ans.jpg\"><img loading=\"lazy\" decoding=\"async\" width=\"517\" height=\"1024\" src=\"http:\/\/www.langages.ch\/blog\/wp-content\/uploads\/Aarau-Glockenspiel-50-ans-517x1024.jpg\" alt=\"\" class=\"wp-image-12280\" srcset=\"https:\/\/www.carillons.ch\/blog\/wp-content\/uploads\/Aarau-Glockenspiel-50-ans-517x1024.jpg 517w, https:\/\/www.carillons.ch\/blog\/wp-content\/uploads\/Aarau-Glockenspiel-50-ans-76x150.jpg 76w, https:\/\/www.carillons.ch\/blog\/wp-content\/uploads\/Aarau-Glockenspiel-50-ans-151x300.jpg 151w, https:\/\/www.carillons.ch\/blog\/wp-content\/uploads\/Aarau-Glockenspiel-50-ans-768x1522.jpg 768w, https:\/\/www.carillons.ch\/blog\/wp-content\/uploads\/Aarau-Glockenspiel-50-ans.jpg 800w\" sizes=\"auto, (max-width: 517px) 100vw, 517px\" \/><\/a><\/figure>\n\n\n\n<p><\/p>\n\n\n\n<figure><iframe loading=\"lazy\" src=\"https:\/\/www.youtube.com\/embed\/PC5bgwAk0ec\" width=\"560\" height=\"315\" frameborder=\"0\" allowfullscreen=\"allowfullscreen\"><\/iframe><\/figure>\n\n\n\n<p>Carillon d&rsquo;Aarau au temps de No\u00ebl, jou\u00e9 par Hubert Sch\u00e4pper, le carillonneur d&rsquo;Aarau:<br><\/p>\n\n\n<div class=\"wp-block-image\">\n<figure class=\"alignleft\"><a href=\"http:\/\/www.langages.ch\/blog\/wp-content\/uploads\/clavier-du-carillon-Aarau.jpg\"><img loading=\"lazy\" decoding=\"async\" width=\"853\" height=\"1280\" src=\"http:\/\/www.langages.ch\/blog\/wp-content\/uploads\/clavier-du-carillon-Aarau.jpg\" alt=\"\" class=\"wp-image-10373\" srcset=\"https:\/\/www.carillons.ch\/blog\/wp-content\/uploads\/clavier-du-carillon-Aarau.jpg 853w, https:\/\/www.carillons.ch\/blog\/wp-content\/uploads\/clavier-du-carillon-Aarau-100x150.jpg 100w, https:\/\/www.carillons.ch\/blog\/wp-content\/uploads\/clavier-du-carillon-Aarau-200x300.jpg 200w, https:\/\/www.carillons.ch\/blog\/wp-content\/uploads\/clavier-du-carillon-Aarau-768x1152.jpg 768w, https:\/\/www.carillons.ch\/blog\/wp-content\/uploads\/clavier-du-carillon-Aarau-682x1024.jpg 682w\" sizes=\"auto, (max-width: 853px) 100vw, 853px\" \/><\/a><\/figure>\n<\/div>\n\n\n<p>Clavier du carillon d&rsquo;Aarau<br><br>Hubert Sch\u00e4pper, le carillonneur d&rsquo;Aarau<\/p>\n","protected":false},"excerpt":{"rendered":"<p>Aarau AG, Obertor11 cloches (mib4, fa4, sol4, lab4, sib4, do5 &#8211; mib5, f5, g5)R\u00fcetschi 1969\/1976 Dans la belle grande tour m\u00e9di\u00e9vale d&rsquo;Aarau, il y a un petit carillon de 11 cloches, avec un petit clavier m\u00e9canique.M\u00e9connu, construit par le fondeur d&rsquo;Aarau, R\u00fcetschi. Le carillon d&rsquo;Aarau f\u00eate ses 50 ans samedi 10 ao\u00fbt 2019 : Carillon d&rsquo;Aarau au temps\u2026 <span class=\"read-more\"><a href=\"https:\/\/www.carillons.ch\/blog\/carillon-daarau\/\">Lire la suite &raquo;<\/a><\/span><\/p>\n","protected":false},"author":1,"featured_media":10374,"comment_status":"closed","ping_status":"closed","sticky":false,"template":"","format":"standard","meta":{"sfsi_plus_gutenberg_text_before_share":"","sfsi_plus_gutenberg_show_text_before_share":"","sfsi_plus_gutenberg_icon_type":"","sfsi_plus_gutenberg_icon_alignemt":"","sfsi_plus_gutenburg_max_per_row":"","_EventAllDay":false,"_EventTimezone":"","_EventStartDate":"","_EventEndDate":"","_EventStartDateUTC":"","_EventEndDateUTC":"","_EventShowMap":false,"_EventShowMapLink":false,"_EventURL":"","_EventCost":"","_EventCostDescription":"","_EventCurrencySymbol":"","_EventCurrencyCode":"","_EventCurrencyPosition":"","_EventDateTimeSeparator":"","_EventTimeRangeSeparator":"","_EventOrganizerID":[],"_EventVenueID":[],"_OrganizerEmail":"","_OrganizerPhone":"","_OrganizerWebsite":"","_VenueAddress":"","_VenueCity":"","_VenueCountry":"","_VenueProvince":"","_VenueState":"","_VenueZip":"","_VenuePhone":"","_VenueURL":"","_VenueStateProvince":"","_VenueLat":"","_VenueLng":"","_VenueShowMap":false,"_VenueShowMapLink":false,"footnotes":""},"categories":[9],"tags":[490,587,198],"class_list":["post-10372","post","type-post","status-publish","format-standard","has-post-thumbnail","hentry","category-carillon","tag-carillon","tag-carillon-avec-clavier-mecanique","tag-tour"],"_links":{"self":[{"href":"https:\/\/www.carillons.ch\/blog\/wp-json\/wp\/v2\/posts\/10372","targetHints":{"allow":["GET"]}}],"collection":[{"href":"https:\/\/www.carillons.ch\/blog\/wp-json\/wp\/v2\/posts"}],"about":[{"href":"https:\/\/www.carillons.ch\/blog\/wp-json\/wp\/v2\/types\/post"}],"author":[{"embeddable":true,"href":"https:\/\/www.carillons.ch\/blog\/wp-json\/wp\/v2\/users\/1"}],"replies":[{"embeddable":true,"href":"https:\/\/www.carillons.ch\/blog\/wp-json\/wp\/v2\/comments?post=10372"}],"version-history":[{"count":4,"href":"https:\/\/www.carillons.ch\/blog\/wp-json\/wp\/v2\/posts\/10372\/revisions"}],"predecessor-version":[{"id":18014,"href":"https:\/\/www.carillons.ch\/blog\/wp-json\/wp\/v2\/posts\/10372\/revisions\/18014"}],"wp:featuredmedia":[{"embeddable":true,"href":"https:\/\/www.carillons.ch\/blog\/wp-json\/wp\/v2\/media\/10374"}],"wp:attachment":[{"href":"https:\/\/www.carillons.ch\/blog\/wp-json\/wp\/v2\/media?parent=10372"}],"wp:term":[{"taxonomy":"category","embeddable":true,"href":"https:\/\/www.carillons.ch\/blog\/wp-json\/wp\/v2\/categories?post=10372"},{"taxonomy":"post_tag","embeddable":true,"href":"https:\/\/www.carillons.ch\/blog\/wp-json\/wp\/v2\/tags?post=10372"}],"curies":[{"name":"wp","href":"https:\/\/api.w.org\/{rel}","templated":true}]}}