{"id":106,"date":"2008-06-28T11:45:42","date_gmt":"2008-06-28T09:45:42","guid":{"rendered":"http:\/\/www.langages.ch\/blog\/?p=106"},"modified":"2016-12-30T07:41:30","modified_gmt":"2016-12-30T06:41:30","slug":"cds-des-orgues-de-montheron","status":"publish","type":"post","link":"https:\/\/www.carillons.ch\/blog\/cds-des-orgues-de-montheron\/","title":{"rendered":"c\\ Cds des orgues de Montheron"},"content":{"rendered":"<p><span style=\"font-size: small;\">CDs, enregistrements des concerts d&rsquo;inauguration des nouvelles orgues<br \/>\nA l&rsquo;occasion de la f\u00eate d&rsquo;inauguration des orgues \u00abDenis Londe\u00bb, et des 4 concerts donn\u00e9s en avril 2007, il a \u00e9t\u00e9 grav\u00e9 2 CDs souvenir de ces journ\u00e9es, l&rsquo;un des concerts \u00aborgue solo\u00bb et l&rsquo;autre des concerts \u00aborgue et ensemble instrumental, concertos\u00bb.<br \/>\nVous pouvez commander ces deux CDs au prix de Fr. 30.\u2013 l&rsquo;exemplaire. Frais de port unique: Fr. 5.\u2013 en utilisant le\u00a0<a title=\"coupon de commandes de cds\" href=\"http:\/\/irreel.ch\/abbayedemontheron\/pdf-aaam\/programme-aaam-2007-3.pdf\">coupon<\/a> en pdf ou les boutons d&rsquo;achat ci-dessous. Ne manquez pas ce bel \u00e9v\u00e9nement musical, offrez-en \u00e0 vos amis.<\/span><\/p>\n<p><span style=\"font-size: medium;\">Programme Cd 1 <\/span><span style=\"font-size: small;\">: Daniel Thomas: Fran\u00e7ois Couperin, Le Tic-toc-choc ou les Maillotins, Le carillon de Cith\u00e8re\u00a0; John Bull, Les bouffons\u00a0; Edvard Grieg, Springdans fra Viaje (danse du printemps), Giuseppe Perosi, Versetti brillanti e fugati per Organo: allegro con campanelli. Anne Chollet: W.A. Mozart, 12 Variations sur le th\u00e8me \u00ab\u00a0Ah vous dirais-je Maman\u00a0\u00bb KV 265. Beno\u00eet Zimmermann\u00a0: Heinrich Scheidemann, 2 versets sur le choral Christ lag in Todesbanden\u00a0; Jan Pieterszoon Sweelinck, Fantaisie en \u00e9cho sur la. Daniel Meylan: Nicolaus Bruhns (1665 \u2013 1697), Pr\u00e9lude en e\u00a0; Johann Sebastian Bach (1685-1750) Fugue en G (gigue). Daniel Thomas: Daniel Thomas, Marionnettes\u00a0; Dmitri Shostakovitch, Romance, Waltz-scherzo, hurdy-gurdy, danse (danses des poup\u00e9es)\u00a0; Edvard Grieg, Le matin (de Peer Gynt\u00a0) allegretto pastorale\u00a0; Daniel Thomas, Le carillon d&rsquo;Orsi\u00e8res (th\u00e8me valaisan traditionnel).<br \/>\nCd 1, achat avec le syst\u00e8me Paypal: <\/span><\/p>\n<form action=\"https:\/\/www.paypal.com\/cgi-bin\/webscr\" method=\"post\"> <input alt=\"PayPal - la solution de paiement en ligne la plus simple et la plus s\u00e9curis\u00e9e !\" name=\"submit\" src=\"https:\/\/www.paypal.com\/fr_FR\/CH\/i\/btn\/btn_cart_LG.gif\" type=\"image\" \/> <img loading=\"lazy\" decoding=\"async\" src=\"https:\/\/www.paypal.com\/fr_FR\/i\/scr\/pixel.gif\" border=\"0\" alt=\"\" width=\"1\" height=\"1\" \/><\/p>\n<p><input name=\"add\" type=\"hidden\" value=\"1\" \/> <input name=\"cmd\" type=\"hidden\" value=\"_cart\" \/> <input name=\"business\" type=\"hidden\" value=\"dt@carillonneur.ch\" \/> <input name=\"item_name\" type=\"hidden\" value=\"Cd Orgue de Montheron 2006 no 1 orgue\" \/> <input name=\"item_number\" type=\"hidden\" value=\"AAAM002\" \/> <input name=\"amount\" type=\"hidden\" value=\"30.00\" \/> <input name=\"no_shipping\" type=\"hidden\" value=\"0\" \/> <input name=\"no_note\" type=\"hidden\" value=\"1\" \/> <input name=\"currency_code\" type=\"hidden\" value=\"CHF\" \/> <input name=\"lc\" type=\"hidden\" value=\"CH\" \/> <input name=\"bn\" type=\"hidden\" value=\"PP-ShopCartBF\" \/><\/form>\n<div id=\"attachment_1002\" style=\"width: 595px\" class=\"wp-caption alignnone\"><a href=\"http:\/\/www.langages.ch\/blog\/wp-content\/uploads\/cd-montheron3.jpg\"><img decoding=\"async\" aria-describedby=\"caption-attachment-1002\" class=\"size-large wp-image-1002\" title=\"cd-montheron3\" src=\"http:\/\/www.langages.ch\/blog\/wp-content\/uploads\/cd-montheron3-1024x451.jpg\" alt=\"Concertos orgue et ensemble\" width=\"585\" srcset=\"https:\/\/www.carillons.ch\/blog\/wp-content\/uploads\/cd-montheron3-1024x451.jpg 1024w, https:\/\/www.carillons.ch\/blog\/wp-content\/uploads\/cd-montheron3-150x66.jpg 150w, https:\/\/www.carillons.ch\/blog\/wp-content\/uploads\/cd-montheron3-300x132.jpg 300w\" sizes=\"(max-width: 1024px) 100vw, 1024px\" \/><\/a><p id=\"caption-attachment-1002\" class=\"wp-caption-text\">Concertos orgue et ensemble<\/p><\/div>\n<p><span style=\"font-size: medium;\">Programme CD 2 <\/span><span style=\"font-size: small;\">: Thomas A. Arne, Concerto no 1 en do majeur pour orgue solo et ensemble (Angleterre, XVIII\u00e8me si\u00e8cle)\u00a0; J. Haydn, Fl\u00f6tenuhrst\u00fccke (allegro moderato, andante, presto, Menuett \u00ab\u00a0Der Wachtelschlag\u00a0\u00bb \u00e0 l&rsquo;orgue)\u00a0; Daniel Thomas, \u00ab\u00a0conte\u00a0\u00bb, concerto pour guitare et ensemble de chambre\u00a0; Thomas A. Arne, Concerto no 6 en si b\u00e9mol majeur pour orgue solo et ensemble, G. Ph. Telemann, Wassermusik : 1\/ Bourr\u00e9e (die erwachende Thetis) 2\/ Der St\u00fcrmende Eolus 3\/ Harlequinade: der schertzende Tritonus.<br \/>\nCd 2: <\/span><\/p>\n<form action=\"https:\/\/www.paypal.com\/cgi-bin\/webscr\" method=\"post\"> <input alt=\"PayPal - la solution de paiement en ligne la plus simple et la plus s\u00e9curis\u00e9e !\" name=\"submit\" src=\"https:\/\/www.paypal.com\/fr_FR\/CH\/i\/btn\/btn_cart_LG.gif\" type=\"image\" \/> <img loading=\"lazy\" decoding=\"async\" src=\"https:\/\/www.paypal.com\/fr_FR\/i\/scr\/pixel.gif\" border=\"0\" alt=\"\" width=\"1\" height=\"1\" \/><\/p>\n<p><input name=\"add\" type=\"hidden\" value=\"1\" \/> <input name=\"cmd\" type=\"hidden\" value=\"_cart\" \/> <input name=\"business\" type=\"hidden\" value=\"dt@carillonneur.ch\" \/> <input name=\"item_name\" type=\"hidden\" value=\"Cd Orgues de Montheron 2006 no 2 concertos\" \/> <input name=\"item_number\" type=\"hidden\" value=\"AAAM003\" \/> <input name=\"amount\" type=\"hidden\" value=\"30.00\" \/> <input name=\"no_shipping\" type=\"hidden\" value=\"0\" \/> <input name=\"no_note\" type=\"hidden\" value=\"1\" \/> <input name=\"currency_code\" type=\"hidden\" value=\"CHF\" \/> <input name=\"lc\" type=\"hidden\" value=\"CH\" \/> <input name=\"bn\" type=\"hidden\" value=\"PP-ShopCartBF\" \/> <\/form>\n<form action=\"https:\/\/www.paypal.com\/cgi-bin\/webscr\" method=\"post\"> <input name=\"cmd\" type=\"hidden\" value=\"_cart\" \/> <input name=\"business\" type=\"hidden\" value=\"dt@carillonneur.ch\" \/> <input alt=\"PayPal - la solution de paiement en ligne la plus simple et la plus s\u00e9curis\u00e9e !\" name=\"submit\" src=\"https:\/\/www.paypal.com\/fr_FR\/i\/btn\/view_cart.gif\" type=\"image\" \/> <input name=\"display\" type=\"hidden\" value=\"1\" \/> <\/form>\n","protected":false},"excerpt":{"rendered":"<p>CDs, enregistrements des concerts d&rsquo;inauguration des nouvelles orgues A l&rsquo;occasion de la f\u00eate d&rsquo;inauguration des orgues \u00abDenis Londe\u00bb, et des 4 concerts donn\u00e9s en avril 2007, il a \u00e9t\u00e9 grav\u00e9 2 CDs souvenir de ces journ\u00e9es, l&rsquo;un des concerts \u00aborgue solo\u00bb et l&rsquo;autre des concerts \u00aborgue et ensemble instrumental, concertos\u00bb. Vous pouvez commander ces deux CDs au prix\u2026 <span class=\"read-more\"><a href=\"https:\/\/www.carillons.ch\/blog\/cds-des-orgues-de-montheron\/\">Lire la suite &raquo;<\/a><\/span><\/p>\n","protected":false},"author":5,"featured_media":1002,"comment_status":"open","ping_status":"closed","sticky":false,"template":"","format":"standard","meta":{"sfsi_plus_gutenberg_text_before_share":"","sfsi_plus_gutenberg_show_text_before_share":"","sfsi_plus_gutenberg_icon_type":"","sfsi_plus_gutenberg_icon_alignemt":"","sfsi_plus_gutenburg_max_per_row":"","_EventAllDay":false,"_EventTimezone":"","_EventStartDate":"","_EventEndDate":"","_EventStartDateUTC":"","_EventEndDateUTC":"","_EventShowMap":false,"_EventShowMapLink":false,"_EventURL":"","_EventCost":"","_EventCostDescription":"","_EventCurrencySymbol":"","_EventCurrencyCode":"","_EventCurrencyPosition":"","_EventDateTimeSeparator":"","_EventTimeRangeSeparator":"","_EventOrganizerID":[],"_EventVenueID":[],"_OrganizerEmail":"","_OrganizerPhone":"","_OrganizerWebsite":"","_VenueAddress":"","_VenueCity":"","_VenueCountry":"","_VenueProvince":"","_VenueState":"","_VenueZip":"","_VenuePhone":"","_VenueURL":"","_VenueStateProvince":"","_VenueLat":"","_VenueLng":"","_VenueShowMap":false,"_VenueShowMapLink":false,"footnotes":""},"categories":[8,50,25],"tags":[494],"class_list":["post-106","post","type-post","status-publish","format-standard","has-post-thumbnail","hentry","category-aaam-abbaye-de-montheron","category-cds","category-orgue","tag-orgue"],"_links":{"self":[{"href":"https:\/\/www.carillons.ch\/blog\/wp-json\/wp\/v2\/posts\/106","targetHints":{"allow":["GET"]}}],"collection":[{"href":"https:\/\/www.carillons.ch\/blog\/wp-json\/wp\/v2\/posts"}],"about":[{"href":"https:\/\/www.carillons.ch\/blog\/wp-json\/wp\/v2\/types\/post"}],"author":[{"embeddable":true,"href":"https:\/\/www.carillons.ch\/blog\/wp-json\/wp\/v2\/users\/5"}],"replies":[{"embeddable":true,"href":"https:\/\/www.carillons.ch\/blog\/wp-json\/wp\/v2\/comments?post=106"}],"version-history":[{"count":10,"href":"https:\/\/www.carillons.ch\/blog\/wp-json\/wp\/v2\/posts\/106\/revisions"}],"predecessor-version":[{"id":8987,"href":"https:\/\/www.carillons.ch\/blog\/wp-json\/wp\/v2\/posts\/106\/revisions\/8987"}],"wp:featuredmedia":[{"embeddable":true,"href":"https:\/\/www.carillons.ch\/blog\/wp-json\/wp\/v2\/media\/1002"}],"wp:attachment":[{"href":"https:\/\/www.carillons.ch\/blog\/wp-json\/wp\/v2\/media?parent=106"}],"wp:term":[{"taxonomy":"category","embeddable":true,"href":"https:\/\/www.carillons.ch\/blog\/wp-json\/wp\/v2\/categories?post=106"},{"taxonomy":"post_tag","embeddable":true,"href":"https:\/\/www.carillons.ch\/blog\/wp-json\/wp\/v2\/tags?post=106"}],"curies":[{"name":"wp","href":"https:\/\/api.w.org\/{rel}","templated":true}]}}