{"id":10657,"date":"2018-06-09T10:19:30","date_gmt":"2018-06-09T08:19:30","guid":{"rendered":"http:\/\/www.langages.ch\/blog\/?p=10657"},"modified":"2019-09-26T09:37:22","modified_gmt":"2019-09-26T07:37:22","slug":"orgues-de-choeur-de-leglise-de-bottens","status":"publish","type":"post","link":"https:\/\/www.carillons.ch\/blog\/orgues-de-choeur-de-leglise-de-bottens\/","title":{"rendered":"Orgues de choeur de l&rsquo;\u00e9glise de Bottens"},"content":{"rendered":"<p>Petit orgue de choeur<\/p>\n<p>2 jeux, dont un jeu coup\u00e9<br \/>\nDessus de fl\u00fbte \u00e0 chemin\u00e9e 4&prime; (Rohrfl\u00f6te 4&prime;)<br \/>\nBasse de fl\u00fbte bouch\u00e9e 4&prime; (Gedeckt-fl\u00f6te 4&prime;)<br \/>\nBourdon 8&prime;<\/p>\n<p>\u00ab\u00a0Le r\u00e9cit de l\u2019acquisition de l\u2019orgue de choeur nous a particuli\u00e8rement touch\u00e9s. Alors que notre organiste (Christian Grognuz \u00e0 cette \u00e9poque) se prom\u00e8ne en ville, l\u2019instrument, plac\u00e9 dans une vitrine, semble lui faire signe. Sobre, \u00e9l\u00e9gant c\u2019est l\u2019orgue d\u00e9sign\u00e9 par le ciel pour enrichir les possibilit\u00e9s offertes par l\u2019instrument de tribune.\u00a0\u00bb<\/p>\n<p>Les deux orgues de l&rsquo;\u00e9glise Saint-Etienne de Bottens:<br \/>\n<a href=\"http:\/\/www.langages.ch\/blog\/wp-content\/uploads\/deux-orgues-Bottens.jpg\"><img loading=\"lazy\" decoding=\"async\" class=\"alignnone size-full wp-image-10668\" src=\"http:\/\/www.langages.ch\/blog\/wp-content\/uploads\/deux-orgues-Bottens.jpg\" alt=\"\" width=\"1200\" height=\"270\" srcset=\"https:\/\/www.carillons.ch\/blog\/wp-content\/uploads\/deux-orgues-Bottens.jpg 1200w, https:\/\/www.carillons.ch\/blog\/wp-content\/uploads\/deux-orgues-Bottens-150x34.jpg 150w, https:\/\/www.carillons.ch\/blog\/wp-content\/uploads\/deux-orgues-Bottens-300x68.jpg 300w, https:\/\/www.carillons.ch\/blog\/wp-content\/uploads\/deux-orgues-Bottens-768x173.jpg 768w, https:\/\/www.carillons.ch\/blog\/wp-content\/uploads\/deux-orgues-Bottens-1024x230.jpg 1024w\" sizes=\"auto, (max-width: 1200px) 100vw, 1200px\" \/><\/a><\/p>\n<p>http:\/\/www.langages.ch\/blog\/orgues-de-leglise-saint-etienne-de-bottens\/<\/p>\n<p>http:\/\/www.langages.ch\/blog\/daniel-thomas-organiste\/<\/p>\n","protected":false},"excerpt":{"rendered":"<p>Petit orgue de choeur 2 jeux, dont un jeu coup\u00e9 Dessus de fl\u00fbte \u00e0 chemin\u00e9e 4&prime; (Rohrfl\u00f6te 4&prime;) Basse de fl\u00fbte bouch\u00e9e 4&prime; (Gedeckt-fl\u00f6te 4&prime;) Bourdon 8&prime; \u00ab\u00a0Le r\u00e9cit de l\u2019acquisition de l\u2019orgue de choeur nous a particuli\u00e8rement touch\u00e9s. Alors que notre organiste (Christian Grognuz \u00e0 cette \u00e9poque) se prom\u00e8ne en ville, l\u2019instrument, plac\u00e9 dans une vitrine, semble\u2026 <span class=\"read-more\"><a href=\"https:\/\/www.carillons.ch\/blog\/orgues-de-choeur-de-leglise-de-bottens\/\">Lire la suite &raquo;<\/a><\/span><\/p>\n","protected":false},"author":1,"featured_media":10667,"comment_status":"closed","ping_status":"closed","sticky":false,"template":"","format":"standard","meta":{"sfsi_plus_gutenberg_text_before_share":"","sfsi_plus_gutenberg_show_text_before_share":"","sfsi_plus_gutenberg_icon_type":"","sfsi_plus_gutenberg_icon_alignemt":"","sfsi_plus_gutenburg_max_per_row":"","_EventAllDay":false,"_EventTimezone":"","_EventStartDate":"","_EventEndDate":"","_EventStartDateUTC":"","_EventEndDateUTC":"","_EventShowMap":false,"_EventShowMapLink":false,"_EventURL":"","_EventCost":"","_EventCostDescription":"","_EventCurrencySymbol":"","_EventCurrencyCode":"","_EventCurrencyPosition":"","_EventDateTimeSeparator":"","_EventTimeRangeSeparator":"","_EventOrganizerID":[],"_EventVenueID":[],"_OrganizerEmail":"","_OrganizerPhone":"","_OrganizerWebsite":"","_VenueAddress":"","_VenueCity":"","_VenueCountry":"","_VenueProvince":"","_VenueState":"","_VenueZip":"","_VenuePhone":"","_VenueURL":"","_VenueStateProvince":"","_VenueLat":"","_VenueLng":"","_VenueShowMap":false,"_VenueShowMapLink":false,"footnotes":""},"categories":[711,25,703],"tags":[591,494],"class_list":["post-10657","post","type-post","status-publish","format-standard","has-post-thumbnail","hentry","category-organiste-du-site","category-orgue","category-paroisse-st-etienne-de-bottens","tag-eglise-de-bottens","tag-orgue"],"_links":{"self":[{"href":"https:\/\/www.carillons.ch\/blog\/wp-json\/wp\/v2\/posts\/10657","targetHints":{"allow":["GET"]}}],"collection":[{"href":"https:\/\/www.carillons.ch\/blog\/wp-json\/wp\/v2\/posts"}],"about":[{"href":"https:\/\/www.carillons.ch\/blog\/wp-json\/wp\/v2\/types\/post"}],"author":[{"embeddable":true,"href":"https:\/\/www.carillons.ch\/blog\/wp-json\/wp\/v2\/users\/1"}],"replies":[{"embeddable":true,"href":"https:\/\/www.carillons.ch\/blog\/wp-json\/wp\/v2\/comments?post=10657"}],"version-history":[{"count":4,"href":"https:\/\/www.carillons.ch\/blog\/wp-json\/wp\/v2\/posts\/10657\/revisions"}],"predecessor-version":[{"id":12901,"href":"https:\/\/www.carillons.ch\/blog\/wp-json\/wp\/v2\/posts\/10657\/revisions\/12901"}],"wp:featuredmedia":[{"embeddable":true,"href":"https:\/\/www.carillons.ch\/blog\/wp-json\/wp\/v2\/media\/10667"}],"wp:attachment":[{"href":"https:\/\/www.carillons.ch\/blog\/wp-json\/wp\/v2\/media?parent=10657"}],"wp:term":[{"taxonomy":"category","embeddable":true,"href":"https:\/\/www.carillons.ch\/blog\/wp-json\/wp\/v2\/categories?post=10657"},{"taxonomy":"post_tag","embeddable":true,"href":"https:\/\/www.carillons.ch\/blog\/wp-json\/wp\/v2\/tags?post=10657"}],"curies":[{"name":"wp","href":"https:\/\/api.w.org\/{rel}","templated":true}]}}