{"id":10683,"date":"2018-06-09T13:26:38","date_gmt":"2018-06-09T12:26:38","guid":{"rendered":"http:\/\/www.langages.ch\/blog\/?p=10683"},"modified":"2024-01-22T22:03:28","modified_gmt":"2024-01-22T21:03:28","slug":"daniel-thomas-visites-guidees","status":"publish","type":"post","link":"https:\/\/www.carillons.ch\/blog\/daniel-thomas-visites-guidees\/","title":{"rendered":"Daniel Thomas, visites guid\u00e9es"},"content":{"rendered":"\n<p>Visites guid\u00e9es, balades historiques \u00e0 la d\u00e9couverte, regard propos\u00e9es par Daniel Thomas, organiste et carillonneur, licenci\u00e9 \u00e8s Lettres, en Grec, Latin et Philosophie.<\/p>\n\n\n\n<p>Balades historiques ou culturelles<\/p>\n\n\n\n<p>Venise-sous-Echallens ou Barcelone-sur-Morrens, ou comment voyager tr\u00e8s loin pr\u00e8s de chez soi, d\u00e9couvrir des merveilles sur les chemins que l\u2019on parcourt. Voil\u00e0 mon plaisir montrer ces beaut\u00e9s qui sont pr\u00e8s de nous, comme ce coq dor\u00e9 au sommet du clocher qui nous rappelle le temps qui passe, ou cette belle croix de ferronnerie au carrefour fr\u00e9quent\u00e9, que l\u2019on ne voit pas, et si on la voit, on ne sait pas pourquoi elle est l\u00e0. Montrer ce que l\u2019on ne voit pas ou plus, par habitude, peut-\u00eatre, et expliquer, faire comprendre pourquoi cet objet est l\u00e0, quelle est ou \u00e9tait sa fonction!<\/p>\n\n\n\n<p>A c\u00f4t\u00e9 de cette belle cure, un grand tilleul centenaire, rappeler son r\u00f4le sacr\u00e9, ou regarder au nord du b\u00e2timent, il y a une cellule, un ancien cachot, une petite prison, curieux, pourquoi une prison au nord d\u2019une cure? Tant de choses \u00e0 expliquer, le r\u00f4le des ministres dans un village. Cette cure a un four \u00e0 pain? Cette autre a des \u00e9curies? Ici la cure est habit\u00e9e par un cur\u00e9 et dans le village voisin par un pasteur. Pourquoi? Petits myst\u00e8res voisins.<\/p>\n\n\n\n<p>Pourquoi ces ch\u00e2teaux dans chaque village, et ici deux, ch\u00e2teau-dessus et ch\u00e2teau-dessous, ou encore rue du ch\u00e2teau-vieux, que nous dit ce nom? Ici nous grimpons dans une des quatre tours et d\u00e9couvrons sous le toit une toute petite chambre en bois, avec une \u00e9troite fen\u00eatre, une ancienne chambre de bonne, avec tout ce que cela \u00e9voque pour nous du mode de vie chez les seigneurs d\u2019antan avec leurs domestiques grimpant le soir dans leur mansarde sans confort. D\u00e9couvrir la tour des prisons, avec deux petits cachots superpos\u00e9s, et des anneaux pour encha\u00eener le prisonnier, enfermer quelqu\u2019un dans un si petit<span class=\"Apple-converted-space\">&nbsp; <\/span>espace, et tout pr\u00e8s de son propre habitat seigneurial, autres temps autres moeurs.<span class=\"Apple-converted-space\">&nbsp;<\/span><\/p>\n\n\n\n<p>D\u00e9couvrir un village, son histoire, son ch\u00e2teau, son prieur\u00e9 ou son \u00e9glise, ses anciennes maisons, c\u2019est une belle aventure, et aussi des rencontres avec les personnes qui vivent aujourd\u2019hui dans l\u2019histoire de leur lieu.<\/p>\n\n\n\n<p>En fin de balades, comme je suis organiste aussi et carillonneur, j\u2019aime faire sonner les belles orgues de nos r\u00e9gions ou les carillons, et donne ainsi une conclusion musicale \u00e0 ces moments de d\u00e9couvertes.<\/p>\n\n\n\n<p><i>Daniel Thomas<\/i><\/p>\n\n\n\n<a data-flickr-embed=\"true\" data-header=\"true\" data-footer=\"true\" href=\"https:\/\/www.flickr.com\/photos\/polymusicien\/albums\/72157720064858282\" title=\"Visites guid\u00e9es,Daniel Thomas\"><img loading=\"lazy\" decoding=\"async\" src=\"https:\/\/live.staticflickr.com\/7183\/6780374714_d0bae5e523_z.jpg\" width=\"640\" height=\"480\" alt=\"Visites guid\u00e9es,Daniel Thomas\"\/><\/a><script async src=\"\/\/embedr.flickr.com\/assets\/client-code.js\" charset=\"utf-8\"><\/script>\n\n\n\n<p>Visites guid\u00e9es propos\u00e9es par Daniel Thomas:<\/p>\n\n\n\n<p><a href=\"https:\/\/www.carillons.ch\/blog\/tag\/visite-guidee\/\">https:\/\/www.carillons.ch\/blog\/tag\/visite-guidee\/<\/a><br><\/p>\n\n\n\n<p><a href=\"https:\/\/www.facebook.com\/Daniel.Thomas.Visites\" target=\"_blank\" rel=\"noreferrer noopener\">https:\/\/www.facebook.com\/Daniel.Thomas.Visites<\/a><\/p>\n\n\n\n<div class=\"powr-facebook-feed\" id=\"8c8041d8_1662430680\"><\/div><script src=\"https:\/\/www.powr.io\/powr.js?platform=wordpress\"><\/script>\n","protected":false},"excerpt":{"rendered":"<p>Visites guid\u00e9es, balades historiques \u00e0 la d\u00e9couverte, regard propos\u00e9es par Daniel Thomas, organiste et carillonneur, licenci\u00e9 \u00e8s Lettres, en Grec, Latin et Philosophie. Balades historiques ou culturelles Venise-sous-Echallens ou Barcelone-sur-Morrens, ou comment voyager tr\u00e8s loin pr\u00e8s de chez soi, d\u00e9couvrir des merveilles sur les chemins que l\u2019on parcourt. Voil\u00e0 mon plaisir montrer ces beaut\u00e9s qui sont pr\u00e8s de\u2026 <span class=\"read-more\"><a href=\"https:\/\/www.carillons.ch\/blog\/daniel-thomas-visites-guidees\/\">Lire la suite &raquo;<\/a><\/span><\/p>\n","protected":false},"author":1,"featured_media":14620,"comment_status":"closed","ping_status":"closed","sticky":false,"template":"","format":"standard","meta":{"sfsi_plus_gutenberg_text_before_share":"","sfsi_plus_gutenberg_show_text_before_share":"","sfsi_plus_gutenberg_icon_type":"","sfsi_plus_gutenberg_icon_alignemt":"","sfsi_plus_gutenburg_max_per_row":"","_EventAllDay":false,"_EventTimezone":"","_EventStartDate":"","_EventEndDate":"","_EventStartDateUTC":"","_EventEndDateUTC":"","_EventShowMap":false,"_EventShowMapLink":false,"_EventURL":"","_EventCost":"","_EventCostDescription":"","_EventCurrencySymbol":"","_EventCurrencyCode":"","_EventCurrencyPosition":"","_EventDateTimeSeparator":"","_EventTimeRangeSeparator":"","_EventOrganizerID":[],"_EventVenueID":[],"_OrganizerEmail":"","_OrganizerPhone":"","_OrganizerWebsite":"","_VenueAddress":"","_VenueCity":"","_VenueCountry":"","_VenueProvince":"","_VenueState":"","_VenueZip":"","_VenuePhone":"","_VenueURL":"","_VenueStateProvince":"","_VenueLat":"","_VenueLng":"","_VenueShowMap":false,"_VenueShowMapLink":false,"footnotes":""},"categories":[253],"tags":[564,189],"class_list":["post-10683","post","type-post","status-publish","format-standard","has-post-thumbnail","hentry","category-visite-guidee-style","tag-page-facebook","tag-visite-guidee"],"_links":{"self":[{"href":"https:\/\/www.carillons.ch\/blog\/wp-json\/wp\/v2\/posts\/10683","targetHints":{"allow":["GET"]}}],"collection":[{"href":"https:\/\/www.carillons.ch\/blog\/wp-json\/wp\/v2\/posts"}],"about":[{"href":"https:\/\/www.carillons.ch\/blog\/wp-json\/wp\/v2\/types\/post"}],"author":[{"embeddable":true,"href":"https:\/\/www.carillons.ch\/blog\/wp-json\/wp\/v2\/users\/1"}],"replies":[{"embeddable":true,"href":"https:\/\/www.carillons.ch\/blog\/wp-json\/wp\/v2\/comments?post=10683"}],"version-history":[{"count":19,"href":"https:\/\/www.carillons.ch\/blog\/wp-json\/wp\/v2\/posts\/10683\/revisions"}],"predecessor-version":[{"id":17316,"href":"https:\/\/www.carillons.ch\/blog\/wp-json\/wp\/v2\/posts\/10683\/revisions\/17316"}],"wp:featuredmedia":[{"embeddable":true,"href":"https:\/\/www.carillons.ch\/blog\/wp-json\/wp\/v2\/media\/14620"}],"wp:attachment":[{"href":"https:\/\/www.carillons.ch\/blog\/wp-json\/wp\/v2\/media?parent=10683"}],"wp:term":[{"taxonomy":"category","embeddable":true,"href":"https:\/\/www.carillons.ch\/blog\/wp-json\/wp\/v2\/categories?post=10683"},{"taxonomy":"post_tag","embeddable":true,"href":"https:\/\/www.carillons.ch\/blog\/wp-json\/wp\/v2\/tags?post=10683"}],"curies":[{"name":"wp","href":"https:\/\/api.w.org\/{rel}","templated":true}]}}