{"id":10816,"date":"2018-08-20T06:40:56","date_gmt":"2018-08-20T05:40:56","guid":{"rendered":"http:\/\/www.langages.ch\/blog\/?p=10816"},"modified":"2023-09-10T21:41:02","modified_gmt":"2023-09-10T19:41:02","slug":"2018-10-11-octobre-assens-visite-guidee","status":"publish","type":"post","link":"https:\/\/www.carillons.ch\/blog\/2018-10-11-octobre-assens-visite-guidee\/","title":{"rendered":"Assens, visite guid\u00e9e"},"content":{"rendered":"\n<h1 class=\"wp-block-heading\" id=\"page-title\">L\u2019\u00c9glise paritaire Saint-Germain d\u2019Assens, t\u00e9moin d\u2019un mode de vie exceptionnel en Europe: le partage des lieux de culte<\/h1>\n\n\n\n<h2 class=\"wp-block-heading\">Balade \u00e0 Assens<\/h2>\n\n\n\n<p>Par Daniel Thomas, formateur dipl\u00f4m\u00e9<br>organiste dipl\u00f4m\u00e9, carillonneur, licenci\u00e9 \u00e8s Lettres<\/p>\n\n\n\n<p>Vous pourrez-vous voir sur le site langages.ch quand la visite sera donn\u00e9e \u00e0 nouveau : <a href=\"https:\/\/www.carillons.ch\/blog\/events\/categorie\/agenda\/type-dactivite\/visite-guidee\/\" data-type=\"link\" data-id=\"https:\/\/www.carillons.ch\/blog\/events\/categorie\/agenda\/type-dactivite\/visite-guidee\/\">agenda<\/a> des visites.<\/p>\n\n\n\n<p>Vous pouvez aussi r\u00e9server une visite priv\u00e9e pour une famille, un groupe ou vous-m\u00eames sur la page de&nbsp;<a href=\"http:\/\/www.irreel.ch\/blog\/plan\/contact\/\">contact<\/a>.<\/p>\n\n\n\n<figure class=\"wp-block-table\"><table><tbody><tr><th>Saison \/ No. cours<\/th><td>135 \/ 17-1<\/td><\/tr><tr><th>P\u00e9riode<\/th><td>Date \u00e0 fixer<\/td><\/tr><tr><th>Dur\u00e9e<\/th><td>1 s\u00e9ances, 2 p\u00e9riodes de 45 min.<\/td><\/tr><tr><th>Participants<\/th><td>12 maximum<\/td><\/tr><tr><th>Objectifs<\/th><td>Etudier un village vaudois \u00e0 la R\u00e9forme, sous l\u2019influence double de Berne et Fribourg<br>Parcours \u00e0 la recherche des traces visibles d\u2019un mode de vie de partage entre deux confessions<br>\u00c9tude de l\u2019architecture, du mobilier, chaires, des fresques et d\u2019un retable de 1650 dans une ancienne \u00e9glise<br>Ecoute de musiques catholiques et r\u00e9form\u00e9es sur les orgues des deux \u00e9glises<\/td><\/tr><tr><th>Contenu<\/th><td>Visite guid\u00e9e du village d\u2019Assens du point de vue de son mode de vie exceptionnel catholique et r\u00e9form\u00e9 sous le baillage d\u2019Echallens qui fut administr\u00e9 conjointement d\u00e8s 1476 par les cantons de Berne et Fribourg, et qui se refl\u00e8te concr\u00e8tement dans ses deux cures, ses deux \u00e9coles, les deux chaires dans l\u2019ancienne \u00e9glise. Visite des fresques et du retable de l\u2019ancienne \u00e9glise St-Germain, un sanctuaire de la fin du Moyen Age qui releva du couvent savoyard d&rsquo;Abondance. Cet \u00e9difice abrite un joyau de l&rsquo;art baroque : dans le ch\u0153ur, un retable, \u0153uvre originelle du milieu du XVII\u00e8 si\u00e8cle. Centre de d\u00e9votion des catholiques lausannois apr\u00e8s la R\u00e9forme, on d\u00e9nombre parmi les paroissiens d&rsquo;Assens Jean-Jacques Rousseau, en 1730. Etudier la pr\u00e9sence historique et architecturale de ce mode de vie aux deux confessions dans le village. Ecoute de musiques catholiques et r\u00e9form\u00e9es sur les orgues F\u00fcglister de deux \u00e9glises.Visite anim\u00e9e par Daniel Thomas, musicien et licenci\u00e9 \u00e8s Lettres. Partie de la visite en plein air, pr\u00e9voir une tenue adapt\u00e9e \u00e0 la m\u00e9t\u00e9o. Acc\u00e8s par train LEB.<\/td><\/tr><tr><th>M\u00e9thode<\/th><td>Visite, observation, dialogue, questions et \u00e9coute musicale<\/td><\/tr><tr><th>Lieu<\/th><td>Rendez-vous \u00e0 l&rsquo;ancienne \u00e9glise St-Germain, route des Roches 14, Assens<\/td><\/tr><\/tbody><\/table><\/figure>\n\n\n\n<p>La cure catholique d&rsquo;Assens, de style n\u00e9ogothique :<\/p>\n\n\n<div class=\"wp-block-image\">\n<figure class=\"alignleft\"><a href=\"http:\/\/www.langages.ch\/blog\/wp-content\/uploads\/cure-catholique-assens.jpg\"><img loading=\"lazy\" decoding=\"async\" width=\"1200\" height=\"900\" src=\"http:\/\/www.langages.ch\/blog\/wp-content\/uploads\/cure-catholique-assens.jpg\" alt=\"\" class=\"wp-image-10824\" srcset=\"https:\/\/www.carillons.ch\/blog\/wp-content\/uploads\/cure-catholique-assens.jpg 1200w, https:\/\/www.carillons.ch\/blog\/wp-content\/uploads\/cure-catholique-assens-150x113.jpg 150w, https:\/\/www.carillons.ch\/blog\/wp-content\/uploads\/cure-catholique-assens-300x225.jpg 300w, https:\/\/www.carillons.ch\/blog\/wp-content\/uploads\/cure-catholique-assens-768x576.jpg 768w, https:\/\/www.carillons.ch\/blog\/wp-content\/uploads\/cure-catholique-assens-1024x768.jpg 1024w\" sizes=\"auto, (max-width: 1200px) 100vw, 1200px\" \/><\/a><\/figure>\n<\/div>","protected":false},"excerpt":{"rendered":"<p>L\u2019\u00c9glise paritaire Saint-Germain d\u2019Assens, t\u00e9moin d\u2019un mode de vie exceptionnel en Europe: le partage des lieux de culte Balade \u00e0 Assens Par Daniel Thomas, formateur dipl\u00f4m\u00e9organiste dipl\u00f4m\u00e9, carillonneur, licenci\u00e9 \u00e8s Lettres Vous pourrez-vous voir sur le site langages.ch quand la visite sera donn\u00e9e \u00e0 nouveau : agenda des visites. Vous pouvez aussi r\u00e9server une visite priv\u00e9e pour une\u2026 <span class=\"read-more\"><a href=\"https:\/\/www.carillons.ch\/blog\/2018-10-11-octobre-assens-visite-guidee\/\">Lire la suite &raquo;<\/a><\/span><\/p>\n","protected":false},"author":1,"featured_media":10817,"comment_status":"closed","ping_status":"closed","sticky":false,"template":"","format":"standard","meta":{"sfsi_plus_gutenberg_text_before_share":"","sfsi_plus_gutenberg_show_text_before_share":"","sfsi_plus_gutenberg_icon_type":"","sfsi_plus_gutenberg_icon_alignemt":"","sfsi_plus_gutenburg_max_per_row":"","_EventAllDay":false,"_EventTimezone":"","_EventStartDate":"","_EventEndDate":"","_EventStartDateUTC":"","_EventEndDateUTC":"","_EventShowMap":false,"_EventShowMapLink":false,"_EventURL":"","_EventCost":"","_EventCostDescription":"","_EventCurrencySymbol":"","_EventCurrencyCode":"","_EventCurrencyPosition":"","_EventDateTimeSeparator":"","_EventTimeRangeSeparator":"","_EventOrganizerID":[],"_EventVenueID":[],"_OrganizerEmail":"","_OrganizerPhone":"","_OrganizerWebsite":"","_VenueAddress":"","_VenueCity":"","_VenueCountry":"","_VenueProvince":"","_VenueState":"","_VenueZip":"","_VenuePhone":"","_VenueURL":"","_VenueStateProvince":"","_VenueLat":"","_VenueLng":"","_VenueShowMap":false,"_VenueShowMapLink":false,"footnotes":""},"categories":[253],"tags":[104,494,617,586,189],"class_list":["post-10816","post","type-post","status-publish","format-standard","has-post-thumbnail","hentry","category-visite-guidee-style","tag-eglise","tag-orgue","tag-retable","tag-sculpture","tag-visite-guidee"],"_links":{"self":[{"href":"https:\/\/www.carillons.ch\/blog\/wp-json\/wp\/v2\/posts\/10816","targetHints":{"allow":["GET"]}}],"collection":[{"href":"https:\/\/www.carillons.ch\/blog\/wp-json\/wp\/v2\/posts"}],"about":[{"href":"https:\/\/www.carillons.ch\/blog\/wp-json\/wp\/v2\/types\/post"}],"author":[{"embeddable":true,"href":"https:\/\/www.carillons.ch\/blog\/wp-json\/wp\/v2\/users\/1"}],"replies":[{"embeddable":true,"href":"https:\/\/www.carillons.ch\/blog\/wp-json\/wp\/v2\/comments?post=10816"}],"version-history":[{"count":8,"href":"https:\/\/www.carillons.ch\/blog\/wp-json\/wp\/v2\/posts\/10816\/revisions"}],"predecessor-version":[{"id":16966,"href":"https:\/\/www.carillons.ch\/blog\/wp-json\/wp\/v2\/posts\/10816\/revisions\/16966"}],"wp:featuredmedia":[{"embeddable":true,"href":"https:\/\/www.carillons.ch\/blog\/wp-json\/wp\/v2\/media\/10817"}],"wp:attachment":[{"href":"https:\/\/www.carillons.ch\/blog\/wp-json\/wp\/v2\/media?parent=10816"}],"wp:term":[{"taxonomy":"category","embeddable":true,"href":"https:\/\/www.carillons.ch\/blog\/wp-json\/wp\/v2\/categories?post=10816"},{"taxonomy":"post_tag","embeddable":true,"href":"https:\/\/www.carillons.ch\/blog\/wp-json\/wp\/v2\/tags?post=10816"}],"curies":[{"name":"wp","href":"https:\/\/api.w.org\/{rel}","templated":true}]}}