{"id":10949,"date":"2018-09-22T05:19:22","date_gmt":"2018-09-22T04:19:22","guid":{"rendered":"http:\/\/www.langages.ch\/blog\/?p=10949"},"modified":"2023-05-01T12:21:45","modified_gmt":"2023-05-01T10:21:45","slug":"poliez-pittet-et-ses-4-clochers-visite-guidee","status":"publish","type":"post","link":"https:\/\/www.carillons.ch\/blog\/poliez-pittet-et-ses-4-clochers-visite-guidee\/","title":{"rendered":"Poliez-Pittet et ses 4 clochers \/ visite guid\u00e9e"},"content":{"rendered":"<p>Le village aux 5 clochers, avec 6 cloches, 3 coqs, 2 croix, deux girouettes et une horloge! C&rsquo;est rare, voire tout-\u00e0-fait unique pour un village!<\/p>\n<p>La petite tour du Turlet \u00e0 Poliez-Pittet, clocher du village pour annoncer les \u00e9v\u00e9nements:<\/p>\n<h1 id=\"page-title\" class=\"title\">Poliez-Pittet, ses deux \u00e9glises, son Turlet, ses 4 clochers, et son grenier<\/h1>\n<div class=\"region region-content\">\n<div id=\"block-system-main\" class=\"block block-system first last odd\">\n<div class=\"content\">\n<div id=\"node-3864\" class=\"node node-activity view-mode-full clearfix\">\n<div class=\"content\">\n<div class=\"activity-header clearfix\">\n<div class=\"teacher-box\">Par Daniel Thomas, formateur dipl\u00f4m\u00e9<br>\norganiste dipl\u00f4m\u00e9, carillonneur, licenci\u00e9 \u00e8s Lettres<\/div>\n<div class=\"subscription-box-wrapper\">\n<div class=\"subscription-box \">\n<p>Poliez-Pittet et ses 4 clochers:<br>\n<a href=\"http:\/\/www.langages.ch\/blog\/wp-content\/uploads\/4-clochers-poliez-pittet_Fotor-1.jpg\"><img loading=\"lazy\" decoding=\"async\" class=\"alignleft size-full wp-image-10951\" src=\"http:\/\/www.langages.ch\/blog\/wp-content\/uploads\/4-clochers-poliez-pittet_Fotor-1.jpg\" alt=\"\" width=\"1400\" height=\"728\" srcset=\"https:\/\/www.carillons.ch\/blog\/wp-content\/uploads\/4-clochers-poliez-pittet_Fotor-1.jpg 1400w, https:\/\/www.carillons.ch\/blog\/wp-content\/uploads\/4-clochers-poliez-pittet_Fotor-1-150x78.jpg 150w, https:\/\/www.carillons.ch\/blog\/wp-content\/uploads\/4-clochers-poliez-pittet_Fotor-1-300x156.jpg 300w, https:\/\/www.carillons.ch\/blog\/wp-content\/uploads\/4-clochers-poliez-pittet_Fotor-1-768x399.jpg 768w, https:\/\/www.carillons.ch\/blog\/wp-content\/uploads\/4-clochers-poliez-pittet_Fotor-1-1024x532.jpg 1024w\" sizes=\"auto, (max-width: 1400px) 100vw, 1400px\" \/><\/a><\/p>\n<p>Vous pourrez-vous voir sur le site langages.ch quand la visite sera donn\u00e9e \u00e0 nouveau : <a href=\"http:\/\/www.langages.ch\/blog\/tag\/visite-guidee\/\" target=\"_blank\" rel=\"noopener noreferrer\">http:\/\/www.langages.ch\/blog\/tag\/visite-guidee\/<\/a><\/p>\n<p>Vous pouvez aussi r\u00e9server une visite priv\u00e9e pour une famille, un groupe ou vous-m\u00eames sur la page de <a href=\"http:\/\/www.irreel.ch\/blog\/plan\/contact\/\">contact<\/a>.<\/p>\n<\/div>\n<\/div>\n<\/div>\n<table class=\"activity-box\">\n<tbody>\n<tr class=\"odd\">\n<th>Dur\u00e9e<\/th>\n<td>1 s\u00e9ances, 2 p\u00e9riodes de 45 min.<\/td>\n<\/tr>\n<tr class=\"even\">\n<th>Quand<\/th>\n<td>\n<ul>\n<li>\u00e0 fixer<\/li>\n<\/ul>\n<\/td>\n<\/tr>\n<tr class=\"odd\">\n<th>Participants<\/th>\n<td><\/td>\n<\/tr>\n<tr class=\"even\">\n<th>Objectifs<\/th>\n<td>Etudier un village vaudois \u00e0 la R\u00e9forme, sous l\u2019influence double de Berne et Fribourg en bailliage commun.<br>\nParcours \u00e0 la recherche des traces visibles d\u2019un mode de vie de partage entre deux confessions<br>\n\u00c9tude de l\u2019architecture et des vitraux des deux \u00e9glises<br>\nEtude du r\u00f4le des cloches et de leurs fonctions dans la vie des villages aux si\u00e8cles pass\u00e9s<br>\nEcoute de musiques catholiques et r\u00e9form\u00e9es sur les orgues<\/td>\n<\/tr>\n<tr class=\"odd\">\n<th>Contenu<\/th>\n<td>Visite guid\u00e9e du village de Poliez-Pittet du point de vue de son mode de vie exceptionnel catholique et r\u00e9form\u00e9 sous le bailliage d\u2019Echallens qui fut administr\u00e9 conjointement d\u00e8s 1476 par les cantons de Berne et Fribourg, et qui se refl\u00e8te concr\u00e8tement dans ses deux \u00e9glises, ses deux \u00e9coles, son Turlet et ses croix de rogations. Visite de deux clochers et de leurs cloches; \u00e9vocation du r\u00f4le des cloches, comme sonner le midi, l\u2019heure de la pri\u00e8re, les offices ou les assembl\u00e9es de communes, et d\u2019autres r\u00f4les encore. Visite des deux \u00e9glises, de leur style architectural, de leur mobilier et leurs vitraux. Visite d\u2019un grenier vaudois \u00e0 c\u00e9r\u00e9ales en ch\u00eane de 1523. Etude de la pr\u00e9sence historique et architecturale de ce mode de vie aux deux confessions dans le village. Ecoute de musiques catholiques et r\u00e9form\u00e9es dans les \u00e9glises. Visite anim\u00e9e par Daniel Thomas, musicien et licenci\u00e9 \u00e8s Lettres. Partie de la visite en plein air, pr\u00e9voir une tenue adapt\u00e9e \u00e0 la m\u00e9t\u00e9o. Acc\u00e8s par bus T-L 60 jusqu\u2019\u00e0 Bottens, crois\u00e9e et ensuite car postal 440 pour Poliez-Pittet.<\/td>\n<\/tr>\n<tr class=\"even\">\n<th>M\u00e9thode<\/th>\n<td>Visite, observation, dialogue, questions et \u00e9coute musicale<\/td>\n<\/tr>\n<tr class=\"odd\">\n<th>Lieu<\/th>\n<td>Maison de commune, Rue du Village 3, 1041 Poliez-Pittet<\/td>\n<\/tr>\n<tr class=\"even\">\n<th>Tarif normal<\/th>\n<td><\/td>\n<\/tr>\n<\/tbody>\n<\/table>\n<\/div>\n<\/div>\n<\/div>\n<\/div>\n<\/div>\n<p>Une croix de rogation \u00e0 Poliez-Pittet, signe d&rsquo;un village o\u00f9 la confession catholique a pu rester pr\u00e9sente.<\/p>\n<p><a href=\"http:\/\/www.langages.ch\/blog\/wp-content\/uploads\/croix-de-rogation-copie_Fotor_bleu-1.jpg\"><img loading=\"lazy\" decoding=\"async\" class=\"alignleft size-full wp-image-10952\" src=\"http:\/\/www.langages.ch\/blog\/wp-content\/uploads\/croix-de-rogation-copie_Fotor_bleu-1.jpg\" alt=\"\" width=\"1200\" height=\"731\" srcset=\"https:\/\/www.carillons.ch\/blog\/wp-content\/uploads\/croix-de-rogation-copie_Fotor_bleu-1.jpg 1200w, https:\/\/www.carillons.ch\/blog\/wp-content\/uploads\/croix-de-rogation-copie_Fotor_bleu-1-150x91.jpg 150w, https:\/\/www.carillons.ch\/blog\/wp-content\/uploads\/croix-de-rogation-copie_Fotor_bleu-1-300x183.jpg 300w, https:\/\/www.carillons.ch\/blog\/wp-content\/uploads\/croix-de-rogation-copie_Fotor_bleu-1-768x468.jpg 768w, https:\/\/www.carillons.ch\/blog\/wp-content\/uploads\/croix-de-rogation-copie_Fotor_bleu-1-1024x624.jpg 1024w\" sizes=\"auto, (max-width: 1200px) 100vw, 1200px\" \/><\/a><\/p>\n\n\n<figure class=\"wp-block-image size-large\"><img loading=\"lazy\" decoding=\"async\" width=\"1024\" height=\"586\" src=\"https:\/\/www.carillons.ch\/blog\/wp-content\/uploads\/poliez-pittet-1.jpg__1600x915_q85_crop_subsampling-2_upscale-1-1024x586.jpg\" alt=\"\" class=\"wp-image-16746\" srcset=\"https:\/\/www.carillons.ch\/blog\/wp-content\/uploads\/poliez-pittet-1.jpg__1600x915_q85_crop_subsampling-2_upscale-1-1024x586.jpg 1024w, https:\/\/www.carillons.ch\/blog\/wp-content\/uploads\/poliez-pittet-1.jpg__1600x915_q85_crop_subsampling-2_upscale-1-300x172.jpg 300w, https:\/\/www.carillons.ch\/blog\/wp-content\/uploads\/poliez-pittet-1.jpg__1600x915_q85_crop_subsampling-2_upscale-1-150x86.jpg 150w, https:\/\/www.carillons.ch\/blog\/wp-content\/uploads\/poliez-pittet-1.jpg__1600x915_q85_crop_subsampling-2_upscale-1-768x439.jpg 768w, https:\/\/www.carillons.ch\/blog\/wp-content\/uploads\/poliez-pittet-1.jpg__1600x915_q85_crop_subsampling-2_upscale-1-1536x878.jpg 1536w, https:\/\/www.carillons.ch\/blog\/wp-content\/uploads\/poliez-pittet-1.jpg__1600x915_q85_crop_subsampling-2_upscale-1-665x380.jpg 665w, https:\/\/www.carillons.ch\/blog\/wp-content\/uploads\/poliez-pittet-1.jpg__1600x915_q85_crop_subsampling-2_upscale-1.jpg 1600w\" sizes=\"auto, (max-width: 1024px) 100vw, 1024px\" \/><figcaption class=\"wp-element-caption\">vitrail avec l&rsquo;ancienne \u00e9glise<\/figcaption><\/figure>\n","protected":false},"excerpt":{"rendered":"<p>Le village aux 5 clochers, avec 6 cloches, 3 coqs, 2 croix, deux girouettes et une horloge! C&rsquo;est rare, voire tout-\u00e0-fait unique pour un village! La petite tour du Turlet \u00e0 Poliez-Pittet, clocher du village pour annoncer les \u00e9v\u00e9nements: Poliez-Pittet, ses deux \u00e9glises, son Turlet, ses 4 clochers, et son grenier Par Daniel Thomas, formateur dipl\u00f4m\u00e9 organiste dipl\u00f4m\u00e9,\u2026 <span class=\"read-more\"><a href=\"https:\/\/www.carillons.ch\/blog\/poliez-pittet-et-ses-4-clochers-visite-guidee\/\">Lire la suite &raquo;<\/a><\/span><\/p>\n","protected":false},"author":1,"featured_media":10950,"comment_status":"closed","ping_status":"closed","sticky":false,"template":"","format":"standard","meta":{"sfsi_plus_gutenberg_text_before_share":"","sfsi_plus_gutenberg_show_text_before_share":"","sfsi_plus_gutenberg_icon_type":"","sfsi_plus_gutenberg_icon_alignemt":"","sfsi_plus_gutenburg_max_per_row":"","_EventAllDay":false,"_EventTimezone":"","_EventStartDate":"","_EventEndDate":"","_EventStartDateUTC":"","_EventEndDateUTC":"","_EventShowMap":false,"_EventShowMapLink":false,"_EventURL":"","_EventCost":"","_EventCostDescription":"","_EventCurrencySymbol":"","_EventCurrencyCode":"","_EventCurrencyPosition":"","_EventDateTimeSeparator":"","_EventTimeRangeSeparator":"","_EventOrganizerID":[],"_EventVenueID":[],"_OrganizerEmail":"","_OrganizerPhone":"","_OrganizerWebsite":"","_VenueAddress":"","_VenueCity":"","_VenueCountry":"","_VenueProvince":"","_VenueState":"","_VenueZip":"","_VenuePhone":"","_VenueURL":"","_VenueStateProvince":"","_VenueLat":"","_VenueLng":"","_VenueShowMap":false,"_VenueShowMapLink":false,"footnotes":""},"categories":[253],"tags":[584,43,494,198,189],"class_list":["post-10949","post","type-post","status-publish","format-standard","has-post-thumbnail","hentry","category-visite-guidee-style","tag-clochers","tag-cloches","tag-orgue","tag-tour","tag-visite-guidee"],"_links":{"self":[{"href":"https:\/\/www.carillons.ch\/blog\/wp-json\/wp\/v2\/posts\/10949","targetHints":{"allow":["GET"]}}],"collection":[{"href":"https:\/\/www.carillons.ch\/blog\/wp-json\/wp\/v2\/posts"}],"about":[{"href":"https:\/\/www.carillons.ch\/blog\/wp-json\/wp\/v2\/types\/post"}],"author":[{"embeddable":true,"href":"https:\/\/www.carillons.ch\/blog\/wp-json\/wp\/v2\/users\/1"}],"replies":[{"embeddable":true,"href":"https:\/\/www.carillons.ch\/blog\/wp-json\/wp\/v2\/comments?post=10949"}],"version-history":[{"count":2,"href":"https:\/\/www.carillons.ch\/blog\/wp-json\/wp\/v2\/posts\/10949\/revisions"}],"predecessor-version":[{"id":16747,"href":"https:\/\/www.carillons.ch\/blog\/wp-json\/wp\/v2\/posts\/10949\/revisions\/16747"}],"wp:featuredmedia":[{"embeddable":true,"href":"https:\/\/www.carillons.ch\/blog\/wp-json\/wp\/v2\/media\/10950"}],"wp:attachment":[{"href":"https:\/\/www.carillons.ch\/blog\/wp-json\/wp\/v2\/media?parent=10949"}],"wp:term":[{"taxonomy":"category","embeddable":true,"href":"https:\/\/www.carillons.ch\/blog\/wp-json\/wp\/v2\/categories?post=10949"},{"taxonomy":"post_tag","embeddable":true,"href":"https:\/\/www.carillons.ch\/blog\/wp-json\/wp\/v2\/tags?post=10949"}],"curies":[{"name":"wp","href":"https:\/\/api.w.org\/{rel}","templated":true}]}}