{"id":110,"date":"2008-06-30T05:36:31","date_gmt":"2008-06-30T04:36:31","guid":{"rendered":"http:\/\/www.langages.ch\/blog\/?p=110"},"modified":"2018-01-02T20:21:47","modified_gmt":"2018-01-02T19:21:47","slug":"geneve-2006-sonneries","status":"publish","type":"post","link":"https:\/\/www.carillons.ch\/blog\/geneve-2006-sonneries\/","title":{"rendered":"Vid\u00e9o: Gen\u00e8ve 2006 sonneries"},"content":{"rendered":"<p>Journ\u00e9e campanaire de la guilde des carillonneurs suisses le 10 octobre 2006 \u00e0 Gen\u00e8ve, \u00e0 la cath\u00e9drale. Diverses sonneries et carillons.<\/p>\n<div><object width=\"585\" height=\"464\"><param name=\"movie\" value=\"http:\/\/www.dailymotion.com\/swf\/x60p1w&#038;colors=special:3361A1;&#038;related=0\"><\/param><param name=\"allowFullScreen\" value=\"true\"><\/param><param name=\"allowScriptAccess\" value=\"always\"><\/param><embed src=\"http:\/\/www.dailymotion.com\/swf\/x60p1w&#038;colors=special:3361A1;&#038;related=0\" type=\"application\/x-shockwave-flash\" width=\"585\" height=\"464\" allowFullScreen=\"true\" allowScriptAccess=\"always\"><\/embed><\/object><br \/><b><a href=\"http:\/\/www.dailymotion.com\/video\/x60p1w_geneve-2006-sonneries_music\">Gen&egrave;ve 2006 sonneries<\/a><\/b><br \/><i>envoy&eacute; par <a href=\"http:\/\/www.dailymotion.com\/polymusicien\">polymusicien<\/a><\/i><\/div>\n","protected":false},"excerpt":{"rendered":"<p>Journ\u00e9e campanaire de la guilde des carillonneurs suisses le 10 octobre 2006 \u00e0 Gen\u00e8ve, \u00e0 la cath\u00e9drale. Diverses sonneries et carillons. Gen&egrave;ve 2006 sonneriesenvoy&eacute; par polymusicien<\/p>\n","protected":false},"author":5,"featured_media":4694,"comment_status":"open","ping_status":"closed","sticky":false,"template":"","format":"standard","meta":{"sfsi_plus_gutenberg_text_before_share":"","sfsi_plus_gutenberg_show_text_before_share":"","sfsi_plus_gutenberg_icon_type":"","sfsi_plus_gutenberg_icon_alignemt":"","sfsi_plus_gutenburg_max_per_row":"","_EventAllDay":false,"_EventTimezone":"","_EventStartDate":"","_EventEndDate":"","_EventStartDateUTC":"","_EventEndDateUTC":"","_EventShowMap":false,"_EventShowMapLink":false,"_EventURL":"","_EventCost":"","_EventCostDescription":"","_EventCurrencySymbol":"","_EventCurrencyCode":"","_EventCurrencyPosition":"","_EventDateTimeSeparator":"","_EventTimeRangeSeparator":"","_EventOrganizerID":[],"_EventVenueID":[],"_OrganizerEmail":"","_OrganizerPhone":"","_OrganizerWebsite":"","_VenueAddress":"","_VenueCity":"","_VenueCountry":"","_VenueProvince":"","_VenueState":"","_VenueZip":"","_VenuePhone":"","_VenueURL":"","_VenueStateProvince":"","_VenueLat":"","_VenueLng":"","_VenueShowMap":false,"_VenueShowMapLink":false,"footnotes":""},"categories":[9,163],"tags":[490,43,198,493],"class_list":["post-110","post","type-post","status-publish","format-standard","has-post-thumbnail","hentry","category-carillon","category-carillon-videos","tag-carillon","tag-cloches","tag-tour","tag-video"],"_links":{"self":[{"href":"https:\/\/www.carillons.ch\/blog\/wp-json\/wp\/v2\/posts\/110","targetHints":{"allow":["GET"]}}],"collection":[{"href":"https:\/\/www.carillons.ch\/blog\/wp-json\/wp\/v2\/posts"}],"about":[{"href":"https:\/\/www.carillons.ch\/blog\/wp-json\/wp\/v2\/types\/post"}],"author":[{"embeddable":true,"href":"https:\/\/www.carillons.ch\/blog\/wp-json\/wp\/v2\/users\/5"}],"replies":[{"embeddable":true,"href":"https:\/\/www.carillons.ch\/blog\/wp-json\/wp\/v2\/comments?post=110"}],"version-history":[{"count":5,"href":"https:\/\/www.carillons.ch\/blog\/wp-json\/wp\/v2\/posts\/110\/revisions"}],"predecessor-version":[{"id":4742,"href":"https:\/\/www.carillons.ch\/blog\/wp-json\/wp\/v2\/posts\/110\/revisions\/4742"}],"wp:featuredmedia":[{"embeddable":true,"href":"https:\/\/www.carillons.ch\/blog\/wp-json\/wp\/v2\/media\/4694"}],"wp:attachment":[{"href":"https:\/\/www.carillons.ch\/blog\/wp-json\/wp\/v2\/media?parent=110"}],"wp:term":[{"taxonomy":"category","embeddable":true,"href":"https:\/\/www.carillons.ch\/blog\/wp-json\/wp\/v2\/categories?post=110"},{"taxonomy":"post_tag","embeddable":true,"href":"https:\/\/www.carillons.ch\/blog\/wp-json\/wp\/v2\/tags?post=110"}],"curies":[{"name":"wp","href":"https:\/\/api.w.org\/{rel}","templated":true}]}}