{"id":11161,"date":"2019-02-16T06:00:05","date_gmt":"2019-02-16T05:00:05","guid":{"rendered":"http:\/\/www.langages.ch\/blog\/?p=11161"},"modified":"2024-01-31T21:21:07","modified_gmt":"2024-01-31T20:21:07","slug":"2019-04-17-avril-atelier-musical-aux-7-claviers","status":"publish","type":"post","link":"https:\/\/www.carillons.ch\/blog\/2019-04-17-avril-atelier-musical-aux-7-claviers\/","title":{"rendered":"Atelier musical aux 7 claviers"},"content":{"rendered":"\n<p>\u00c9coute, essaie, comprends 7 claviers : clavicorde, clavecin, orgue paysan, orgues allemandes, harmonium, petit carillon \u00e0 clavier, piano; cordes frapp\u00e9es ou pinc\u00e9es, tuyaux ou cloches !<\/p>\n\n\n\n<p>Cours priv\u00e9 ou pour un groupe, aussi sujet de conf\u00e9rence li\u00e9e \u00e0 une visite des instruments.<\/p>\n\n\n\n<p><strong>AVEC R\u00c9SERVATION\u00a0PAR\u00a0@ sur la page de <a href=\"http:\/\/www.langages.ch\/blog\/contact\/\">contact<\/a><\/strong><br>Pour tous, musiciens et non-musiciens, mais curieux. Avec Daniel Thomas. <a href=\"http:\/\/www.langages.ch\/blog\/daniel-thomas-organiste\/\">L&rsquo;organiste<\/a> ! Les <a href=\"http:\/\/www.langages.ch\/blog\/orgue-de-tribune-denis-londe-jura-francais-2007\/\">orgues<\/a> de tribune ! Les <a href=\"http:\/\/www.langages.ch\/blog\/orgue-de-choeur-sumiswald-berne-1860\/\">orgues<\/a> de choeur ! Le petit <a href=\"http:\/\/www.langages.ch\/blog\/petit-carillon-des-orgues-de-labbaye-de-montheron\/\">carillon<\/a> \u00e0 clavier !<\/p>\n\n\n\n<p>Pour trouver : <a href=\"http:\/\/www.langages.ch\/blog\/cartes-et-horaires-des-bus-abbaye-de-montheron\/\">http:\/\/www.langages.ch\/blog\/cartes-et-horaires-des-bus-abbaye-de-montheron\/<\/a><\/p>\n","protected":false},"excerpt":{"rendered":"<p>\u00c9coute, essaie, comprends 7 claviers : clavicorde, clavecin, orgue paysan, orgues allemandes, harmonium, petit carillon \u00e0 clavier, piano; cordes frapp\u00e9es ou pinc\u00e9es, tuyaux ou cloches ! Cours priv\u00e9 ou pour un groupe, aussi sujet de conf\u00e9rence li\u00e9e \u00e0 une visite des instruments. AVEC R\u00c9SERVATION\u00a0PAR\u00a0@ sur la page de contactPour tous, musiciens et non-musiciens, mais curieux. Avec Daniel Thomas.\u2026 <span class=\"read-more\"><a href=\"https:\/\/www.carillons.ch\/blog\/2019-04-17-avril-atelier-musical-aux-7-claviers\/\">Lire la suite &raquo;<\/a><\/span><\/p>\n","protected":false},"author":1,"featured_media":16840,"comment_status":"closed","ping_status":"closed","sticky":false,"template":"","format":"standard","meta":{"sfsi_plus_gutenberg_text_before_share":"","sfsi_plus_gutenberg_show_text_before_share":"","sfsi_plus_gutenberg_icon_type":"","sfsi_plus_gutenberg_icon_alignemt":"","sfsi_plus_gutenburg_max_per_row":"","_EventAllDay":false,"_EventTimezone":"","_EventStartDate":"","_EventEndDate":"","_EventStartDateUTC":"","_EventEndDateUTC":"","_EventShowMap":false,"_EventShowMapLink":false,"_EventURL":"","_EventCost":"","_EventCostDescription":"","_EventCurrencySymbol":"","_EventCurrencyCode":"","_EventCurrencyPosition":"","_EventDateTimeSeparator":"","_EventTimeRangeSeparator":"","_EventOrganizerID":[],"_EventVenueID":[],"_OrganizerEmail":"","_OrganizerPhone":"","_OrganizerWebsite":"","_VenueAddress":"","_VenueCity":"","_VenueCountry":"","_VenueProvince":"","_VenueState":"","_VenueZip":"","_VenuePhone":"","_VenueURL":"","_VenueStateProvince":"","_VenueLat":"","_VenueLng":"","_VenueShowMap":false,"_VenueShowMapLink":false,"footnotes":""},"categories":[638,695,253],"tags":[59,719,494],"class_list":["post-11161","post","type-post","status-publish","format-standard","has-post-thumbnail","hentry","category-conference","category-passeport-vacances-lausanne","category-visite-guidee-style","tag-clavecin","tag-instruments-de-labbaye-de-montheron","tag-orgue"],"_links":{"self":[{"href":"https:\/\/www.carillons.ch\/blog\/wp-json\/wp\/v2\/posts\/11161","targetHints":{"allow":["GET"]}}],"collection":[{"href":"https:\/\/www.carillons.ch\/blog\/wp-json\/wp\/v2\/posts"}],"about":[{"href":"https:\/\/www.carillons.ch\/blog\/wp-json\/wp\/v2\/types\/post"}],"author":[{"embeddable":true,"href":"https:\/\/www.carillons.ch\/blog\/wp-json\/wp\/v2\/users\/1"}],"replies":[{"embeddable":true,"href":"https:\/\/www.carillons.ch\/blog\/wp-json\/wp\/v2\/comments?post=11161"}],"version-history":[{"count":9,"href":"https:\/\/www.carillons.ch\/blog\/wp-json\/wp\/v2\/posts\/11161\/revisions"}],"predecessor-version":[{"id":14468,"href":"https:\/\/www.carillons.ch\/blog\/wp-json\/wp\/v2\/posts\/11161\/revisions\/14468"}],"wp:featuredmedia":[{"embeddable":true,"href":"https:\/\/www.carillons.ch\/blog\/wp-json\/wp\/v2\/media\/16840"}],"wp:attachment":[{"href":"https:\/\/www.carillons.ch\/blog\/wp-json\/wp\/v2\/media?parent=11161"}],"wp:term":[{"taxonomy":"category","embeddable":true,"href":"https:\/\/www.carillons.ch\/blog\/wp-json\/wp\/v2\/categories?post=11161"},{"taxonomy":"post_tag","embeddable":true,"href":"https:\/\/www.carillons.ch\/blog\/wp-json\/wp\/v2\/tags?post=11161"}],"curies":[{"name":"wp","href":"https:\/\/api.w.org\/{rel}","templated":true}]}}