{"id":11183,"date":"2019-02-16T21:04:46","date_gmt":"2019-02-16T20:04:46","guid":{"rendered":"http:\/\/www.langages.ch\/blog\/?p=11183"},"modified":"2019-08-14T09:54:41","modified_gmt":"2019-08-14T08:54:41","slug":"2019-05-17-mai-leglise-paritaire-saint-laurent-detagnieres","status":"publish","type":"post","link":"https:\/\/www.carillons.ch\/blog\/2019-05-17-mai-leglise-paritaire-saint-laurent-detagnieres\/","title":{"rendered":"L\u2019\u00c9glise paritaire Saint-Laurent d\u2019\u00c9tagni\u00e8res"},"content":{"rendered":"\n<p>L\u2019\u00c9glise paritaire Saint-Laurent d\u2019\u00c9tagni\u00e8res, son retable baroque, sa grille, ses sculptures<br>Visite culturelle \u00e0 Etagni\u00e8res<\/p>\n\n\n\n<p>Par Daniel Thomas, formateur dipl\u00f4m\u00e9<br>organiste dipl\u00f4m\u00e9, carillonneur, licenci\u00e9 \u00e8s Lettres&nbsp;<\/p>\n\n\n\n<p>Vous pourrez-vous voir sur le site langages.ch quand la visite sera donn\u00e9e \u00e0 nouveau :&nbsp;<a rel=\"noreferrer noopener\" href=\"http:\/\/www.langages.ch\/blog\/tag\/visite-guidee\/\" target=\"_blank\">http:\/\/www.langages.ch\/blog\/tag\/visite-guidee\/<\/a><\/p>\n\n\n\n<p>Vous pouvez aussi r\u00e9server une visite priv\u00e9e pour une famille, un groupe ou vous-m\u00eames sur la page de&nbsp;<a href=\"http:\/\/www.irreel.ch\/blog\/plan\/contact\/\">contact<\/a>.<\/p>\n\n\n\n<p>Objectifs \u00c9tudier un village vaudois \u00e0 la R\u00e9forme, sous l\u2019influence&nbsp;double de Berne et Fribourg<br>Parcours \u00e0 la recherche des traces visibles d\u2019un mode de&nbsp;vie de partage entre deux confessions<br>\u00c9tude de l\u2019architecture, du mobilier, grille, sculptures,&nbsp;vitraux et d\u2019un retable baroque de 1650<br>\u00c9coute de musiques catholiques et r\u00e9form\u00e9es<br><\/p>\n\n\n\n<p>Contenu: Visite guid\u00e9e du village d\u2019\u00c9tagni\u00e8res du point de vue de&nbsp;son mode de vie exceptionnel catholique et r\u00e9form\u00e9 sous&nbsp;le baillage d&rsquo;\u00c9challens qui fut administr\u00e9 conjointement&nbsp;d\u00e8s 1476 par les cantons de Berne et Fribourg, et qui se&nbsp;refl\u00e8te concr\u00e8tement dans sa chapelle mixte. Visite des&nbsp;statues, de la magnifique grille en fer forg\u00e9 et du retable&nbsp;de l\u2019\u00e9glise St-Laurent, un sanctuaire mixte. Cet \u00e9difice&nbsp;abrite un joyau de l&rsquo;art baroque : dans le ch\u0153ur, un&nbsp;retable, \u0153uvre originelle du milieu du XVII\u00e8 si\u00e8cle, un&nbsp;des seuls conserv\u00e9s dans le pays de Vaud. \u00c9coute de&nbsp;musiques catholiques et r\u00e9form\u00e9es. Visite anim\u00e9e par&nbsp;Daniel Thomas, musicien et licenci\u00e9 \u00e8s Lettres. Partie de&nbsp;la visite en plein air, pr\u00e9voir une tenue adapt\u00e9e \u00e0 la&nbsp;m\u00e9t\u00e9o. Acc\u00e8s par train LEB.<br><\/p>\n\n\n\n<figure class=\"wp-block-image\"><img loading=\"lazy\" decoding=\"async\" width=\"1024\" height=\"246\" src=\"http:\/\/www.langages.ch\/blog\/wp-content\/uploads\/retable_\u00c9tagni\u00e8res-1024x246.jpg\" alt=\"\" class=\"wp-image-11185\" srcset=\"https:\/\/www.carillons.ch\/blog\/wp-content\/uploads\/retable_\u00c9tagni\u00e8res-1024x246.jpg 1024w, https:\/\/www.carillons.ch\/blog\/wp-content\/uploads\/retable_\u00c9tagni\u00e8res-150x36.jpg 150w, https:\/\/www.carillons.ch\/blog\/wp-content\/uploads\/retable_\u00c9tagni\u00e8res-300x72.jpg 300w, https:\/\/www.carillons.ch\/blog\/wp-content\/uploads\/retable_\u00c9tagni\u00e8res-768x184.jpg 768w, https:\/\/www.carillons.ch\/blog\/wp-content\/uploads\/retable_\u00c9tagni\u00e8res.jpg 1200w\" sizes=\"auto, (max-width: 1024px) 100vw, 1024px\" \/><figcaption>Retable d&rsquo;Etagni\u00e8res, partie<\/figcaption><\/figure>\n\n\n\n<p>M\u00e9thode Visite, observation, dialogue, questions et \u00e9coute&nbsp;musicale<br>Lieu Rendez-vous \u00e0 \u00c9tagni\u00e8res, gare LEB<br>Tarif sur demande<br>Quand , date \u00e0 fixer<\/p>\n","protected":false},"excerpt":{"rendered":"<p>L\u2019\u00c9glise paritaire Saint-Laurent d\u2019\u00c9tagni\u00e8res, son retable baroque, sa grille, ses sculpturesVisite culturelle \u00e0 Etagni\u00e8res Par Daniel Thomas, formateur dipl\u00f4m\u00e9organiste dipl\u00f4m\u00e9, carillonneur, licenci\u00e9 \u00e8s Lettres&nbsp; Vous pourrez-vous voir sur le site langages.ch quand la visite sera donn\u00e9e \u00e0 nouveau :&nbsp;http:\/\/www.langages.ch\/blog\/tag\/visite-guidee\/ Vous pouvez aussi r\u00e9server une visite priv\u00e9e pour une famille, un groupe ou vous-m\u00eames sur la page de&nbsp;contact. Objectifs\u2026 <span class=\"read-more\"><a href=\"https:\/\/www.carillons.ch\/blog\/2019-05-17-mai-leglise-paritaire-saint-laurent-detagnieres\/\">Lire la suite &raquo;<\/a><\/span><\/p>\n","protected":false},"author":1,"featured_media":11184,"comment_status":"closed","ping_status":"closed","sticky":false,"template":"","format":"standard","meta":{"sfsi_plus_gutenberg_text_before_share":"","sfsi_plus_gutenberg_show_text_before_share":"","sfsi_plus_gutenberg_icon_type":"","sfsi_plus_gutenberg_icon_alignemt":"","sfsi_plus_gutenburg_max_per_row":"","_EventAllDay":false,"_EventTimezone":"","_EventStartDate":"","_EventEndDate":"","_EventStartDateUTC":"","_EventEndDateUTC":"","_EventShowMap":false,"_EventShowMapLink":false,"_EventURL":"","_EventCost":"","_EventCostDescription":"","_EventCurrencySymbol":"","_EventCurrencyCode":"","_EventCurrencyPosition":"","_EventDateTimeSeparator":"","_EventTimeRangeSeparator":"","_EventOrganizerID":[],"_EventVenueID":[],"_OrganizerEmail":"","_OrganizerPhone":"","_OrganizerWebsite":"","_VenueAddress":"","_VenueCity":"","_VenueCountry":"","_VenueProvince":"","_VenueState":"","_VenueZip":"","_VenuePhone":"","_VenueURL":"","_VenueStateProvince":"","_VenueLat":"","_VenueLng":"","_VenueShowMap":false,"_VenueShowMapLink":false,"footnotes":""},"categories":[253],"tags":[104,521,617,586,189],"class_list":["post-11183","post","type-post","status-publish","format-standard","has-post-thumbnail","hentry","category-visite-guidee-style","tag-eglise","tag-reforme","tag-retable","tag-sculpture","tag-visite-guidee"],"_links":{"self":[{"href":"https:\/\/www.carillons.ch\/blog\/wp-json\/wp\/v2\/posts\/11183","targetHints":{"allow":["GET"]}}],"collection":[{"href":"https:\/\/www.carillons.ch\/blog\/wp-json\/wp\/v2\/posts"}],"about":[{"href":"https:\/\/www.carillons.ch\/blog\/wp-json\/wp\/v2\/types\/post"}],"author":[{"embeddable":true,"href":"https:\/\/www.carillons.ch\/blog\/wp-json\/wp\/v2\/users\/1"}],"replies":[{"embeddable":true,"href":"https:\/\/www.carillons.ch\/blog\/wp-json\/wp\/v2\/comments?post=11183"}],"version-history":[{"count":4,"href":"https:\/\/www.carillons.ch\/blog\/wp-json\/wp\/v2\/posts\/11183\/revisions"}],"predecessor-version":[{"id":12177,"href":"https:\/\/www.carillons.ch\/blog\/wp-json\/wp\/v2\/posts\/11183\/revisions\/12177"}],"wp:featuredmedia":[{"embeddable":true,"href":"https:\/\/www.carillons.ch\/blog\/wp-json\/wp\/v2\/media\/11184"}],"wp:attachment":[{"href":"https:\/\/www.carillons.ch\/blog\/wp-json\/wp\/v2\/media?parent=11183"}],"wp:term":[{"taxonomy":"category","embeddable":true,"href":"https:\/\/www.carillons.ch\/blog\/wp-json\/wp\/v2\/categories?post=11183"},{"taxonomy":"post_tag","embeddable":true,"href":"https:\/\/www.carillons.ch\/blog\/wp-json\/wp\/v2\/tags?post=11183"}],"curies":[{"name":"wp","href":"https:\/\/api.w.org\/{rel}","templated":true}]}}