{"id":11457,"date":"2019-02-23T07:08:45","date_gmt":"2019-02-23T06:08:45","guid":{"rendered":"http:\/\/www.langages.ch\/blog\/?p=11457"},"modified":"2020-01-27T20:50:34","modified_gmt":"2020-01-27T19:50:34","slug":"revue-de-labbaye-de-montheron","status":"publish","type":"post","link":"https:\/\/www.carillons.ch\/blog\/revue-de-labbaye-de-montheron\/","title":{"rendered":"Revue de l&rsquo;Abbaye de Montheron"},"content":{"rendered":"\n<p>Revue des Amis de l&rsquo;Abbaye de Montheron<\/p>\n\n\n\n<p>\u00c9diteur: Association des Amis de l\u2019Abbaye de Montheron ISSN 1661-6979<\/p>\n\n\n<div id=\"pl-gb11457-69f2e805141d6\"  class=\"panel-layout\" ><div id=\"pg-gb11457-69f2e805141d6-0\"  class=\"panel-grid panel-no-style\" ><div id=\"pgc-gb11457-69f2e805141d6-0-0\"  class=\"panel-grid-cell\" ><div id=\"panel-gb11457-69f2e805141d6-0-0-0\" class=\"so-panel widget widget_nav_menu panel-first-child panel-last-child\" data-index=\"0\" ><div class=\"menu-aaam4-revue-de-montheron-container\"><ul id=\"menu-aaam4-revue-de-montheron\" class=\"menu\"><li id=\"menu-item-13593\" class=\"menu-item menu-item-type-post_type menu-item-object-post menu-item-13593\"><a href=\"https:\/\/www.carillons.ch\/blog\/revue-de-labbaye-de-montheron\/\">Revue de l&rsquo;Abbaye de Montheron<\/a><\/li>\n<li id=\"menu-item-15638\" class=\"menu-item menu-item-type-post_type menu-item-object-post menu-item-15638\"><a href=\"https:\/\/www.carillons.ch\/blog\/revue-2021-abbaye-de-montheron\/\">Revue 2021 Abbaye de Montheron<\/a><\/li>\n<li id=\"menu-item-14789\" class=\"menu-item menu-item-type-post_type menu-item-object-post menu-item-14789\"><a href=\"https:\/\/www.carillons.ch\/blog\/revue-2020-abbaye-de-montheron\/\">Revue 2020 Abbaye de Montheron<\/a><\/li>\n<li id=\"menu-item-13592\" class=\"menu-item menu-item-type-post_type menu-item-object-post menu-item-13592\"><a href=\"https:\/\/www.carillons.ch\/blog\/revue-2019-de-labbaye-de-montheron\/\">Revue 2019 Abbaye de Montheron<\/a><\/li>\n<li id=\"menu-item-13596\" class=\"menu-item menu-item-type-post_type menu-item-object-post menu-item-13596\"><a href=\"https:\/\/www.carillons.ch\/blog\/revue-2018-de-labbaye-de-montheron\/\">Revue 2018 Abbaye de Montheron<\/a><\/li>\n<li id=\"menu-item-13597\" class=\"menu-item menu-item-type-post_type menu-item-object-post menu-item-13597\"><a href=\"https:\/\/www.carillons.ch\/blog\/revue-2017-de-labbaye-de-montheron\/\">Revue 2017 Abbaye de Montheron<\/a><\/li>\n<li id=\"menu-item-13598\" class=\"menu-item menu-item-type-post_type menu-item-object-post menu-item-13598\"><a href=\"https:\/\/www.carillons.ch\/blog\/revue-2016-des-amis-de-labbaye-de-montheron\/\">Revue 2016 Abbaye de Montheron<\/a><\/li>\n<li id=\"menu-item-13599\" class=\"menu-item menu-item-type-post_type menu-item-object-post menu-item-13599\"><a href=\"https:\/\/www.carillons.ch\/blog\/revue-2015-des-amis-de-labbaye-de-montheron\/\">Revue 2015 Abbaye de Montheron<\/a><\/li>\n<li id=\"menu-item-13600\" class=\"menu-item menu-item-type-post_type menu-item-object-post menu-item-13600\"><a href=\"https:\/\/www.carillons.ch\/blog\/revue-2014-des-amis-de-labbaye-de-montheron\/\">Revue 2014 Abbaye de Montheron<\/a><\/li>\n<li id=\"menu-item-13601\" class=\"menu-item menu-item-type-post_type menu-item-object-post menu-item-13601\"><a href=\"https:\/\/www.carillons.ch\/blog\/revue-2013-des-amis-de-labbaye-de-montheron\/\">Revue 2013 Abbaye de Montheron<\/a><\/li>\n<li id=\"menu-item-13602\" class=\"menu-item menu-item-type-post_type menu-item-object-post menu-item-13602\"><a href=\"https:\/\/www.carillons.ch\/blog\/revue-des-amis-de-labbaye-de-montheron-2012\/\">Revue 2012 Abbaye de Montheron<\/a><\/li>\n<li id=\"menu-item-13603\" class=\"menu-item menu-item-type-post_type menu-item-object-post menu-item-13603\"><a href=\"https:\/\/www.carillons.ch\/blog\/revue-des-amis-de-labbaye-de-montheron-2011\/\">Revue 2011 Abbaye de Montheron<\/a><\/li>\n<li id=\"menu-item-13604\" class=\"menu-item menu-item-type-post_type menu-item-object-post menu-item-13604\"><a href=\"https:\/\/www.carillons.ch\/blog\/revue-des-amis-de-labbaye-de-montheron-2010\/\">Revue 2010 Abbaye de Montheron<\/a><\/li>\n<li id=\"menu-item-13607\" class=\"menu-item menu-item-type-post_type menu-item-object-post menu-item-13607\"><a href=\"https:\/\/www.carillons.ch\/blog\/revue-des-amis-de-labbaye-de-montheron-2009\/\">Revue 2009 Abbaye de Montheron<\/a><\/li>\n<li id=\"menu-item-13608\" class=\"menu-item menu-item-type-post_type menu-item-object-post menu-item-13608\"><a href=\"https:\/\/www.carillons.ch\/blog\/la-revue-des-amis-de-labbaye-de-montheron\/\">Revue 2008 Abbaye de Montheron<\/a><\/li>\n<li id=\"menu-item-13609\" class=\"menu-item menu-item-type-post_type menu-item-object-post menu-item-13609\"><a href=\"https:\/\/www.carillons.ch\/blog\/revue-des-amis-de-labbaye-de-montheron-2007\/\">Revue 2007 Abbaye de Montheron<\/a><\/li>\n<li id=\"menu-item-13610\" class=\"menu-item menu-item-type-post_type menu-item-object-post menu-item-13610\"><a href=\"https:\/\/www.carillons.ch\/blog\/revue-des-amis-de-labbaye-de-montheron-2006\/\">Revue 2006 Abbaye de Montheron<\/a><\/li>\n<li id=\"menu-item-13611\" class=\"menu-item menu-item-type-post_type menu-item-object-post menu-item-13611\"><a href=\"https:\/\/www.carillons.ch\/blog\/2005-revue-des-amis-de-labbaye-de-montheron\/\">Revue 2005 Abbaye de Montheron<\/a><\/li>\n<li id=\"menu-item-13595\" class=\"menu-item menu-item-type-post_type menu-item-object-post menu-item-13595\"><a href=\"https:\/\/www.carillons.ch\/blog\/revue-2004-des-amis-de-labbaye-de-montheron\/\">Revue 2004 Abbaye de Montheron<\/a><\/li>\n<li id=\"menu-item-13594\" class=\"menu-item menu-item-type-post_type menu-item-object-post menu-item-13594\"><a href=\"https:\/\/www.carillons.ch\/blog\/revue-2003-des-amis-de-labbaye-de-montheron\/\">Revue 2003 Abbaye de Montheron<\/a><\/li>\n<li id=\"menu-item-14048\" class=\"menu-item menu-item-type-post_type menu-item-object-post menu-item-14048\"><a href=\"https:\/\/www.carillons.ch\/blog\/revue-2002-abbaye-de-montheron\/\">Revue 2002 Abbaye de Montheron<\/a><\/li>\n<li id=\"menu-item-13612\" class=\"menu-item menu-item-type-post_type menu-item-object-post menu-item-13612\"><a href=\"https:\/\/www.carillons.ch\/blog\/revue-des-amis-de-labbaye-de-montheron-1997\/\">Revue 1997 Abbaye de Montheron<\/a><\/li>\n<\/ul><\/div><\/div><\/div><\/div><\/div>\n\n    <div data-options='{&quot;id&quot;:&quot;11665&quot;,&quot;lazy_load&quot;:&quot;no&quot;,&quot;masonry_enable&quot;:&quot;no&quot;,&quot;view_type&quot;:&quot;grid&quot;}' id=\"post-grid-11665\" class=\"post-grid grid\">\n    \n\n\n    <div class=\"grid-items\">\n      <div class=\"item item-15631 skin flat even 0 \">\n        <div class=\"layer-wrapper layout-\">\n        <div class=\"layer-media\"><a href=\"https:\/\/www.carillons.ch\/blog\/revue-2021-abbaye-de-montheron\/\"><img decoding=\"async\" alt=\"\" src=\"https:\/\/www.carillons.ch\/blog\/wp-content\/uploads\/2021-AAAM_revue_2021-sans-articles-300x130.jpg\" \/><\/a><\/div>\n  <div class=\"layer-content\">\n        <div class=\"element element_0  title_link \">\r\n                    <a target=\"_parent\"\r\n                href=\"https:\/\/www.carillons.ch\/blog\/revue-2021-abbaye-de-montheron\/\">Revue 2021 Abbaye de Montheron<\/a>\r\n            <\/div>\r\n    <div class=\"element element_1  excerpt \">\r\n        Lisez la Revue et programme 2021 de l'AAAM en pdf (encore sans les articles, vous pouvez passer la prendre compl\u00e8te et en papier lors d'un            <\/div>\r\n  <\/div>\n    <\/div>\n  <\/div><div class=\"item item-14783 skin flat odd 1 \">\n        <div class=\"layer-wrapper layout-\">\n        <div class=\"layer-media\"><a href=\"https:\/\/www.carillons.ch\/blog\/revue-2020-abbaye-de-montheron\/\"><img decoding=\"async\" alt=\"\" src=\"https:\/\/www.carillons.ch\/blog\/wp-content\/uploads\/revue-aaam-2020-300x124.jpg\" \/><\/a><\/div>\n  <div class=\"layer-content\">\n        <div class=\"element element_0  title_link \">\r\n                    <a target=\"_parent\"\r\n                href=\"https:\/\/www.carillons.ch\/blog\/revue-2020-abbaye-de-montheron\/\">Revue 2020 Abbaye de Montheron<\/a>\r\n            <\/div>\r\n    <div class=\"element element_1  excerpt \">\r\n        Sommaire des articles3 Programme des manifestations et concerts 2020 12&nbsp;Promenade toponymique autour de l\u2019abbaye de Montheron&nbsp;Laurent Auberson, arch\u00e9ologue 19 L\u2019Abbatiale de Payerne revisit\u00e9e Michel E.            <\/div>\r\n  <\/div>\n    <\/div>\n  <\/div><div class=\"item item-12099 skin flat even 2 \">\n        <div class=\"layer-wrapper layout-\">\n        <div class=\"layer-media\"><a href=\"https:\/\/www.carillons.ch\/blog\/revue-2019-de-labbaye-de-montheron\/\"><img decoding=\"async\" alt=\"\" src=\"https:\/\/www.carillons.ch\/blog\/wp-content\/uploads\/2019-aaam-revue-300x96.jpg\" \/><\/a><\/div>\n  <div class=\"layer-content\">\n        <div class=\"element element_0  title_link \">\r\n                    <a target=\"_parent\"\r\n                href=\"https:\/\/www.carillons.ch\/blog\/revue-2019-de-labbaye-de-montheron\/\">Revue 2019 Abbaye de Montheron<\/a>\r\n            <\/div>\r\n    <div class=\"element element_1  excerpt \">\r\n        Lisez la revue et programme 2019, les trois articles et le programme: 3 \/ Programme des manifestations et concerts 2019 11&nbsp;\/ La marque des \u00e9tablissements            <\/div>\r\n  <\/div>\n    <\/div>\n  <\/div><div class=\"item item-10309 skin flat odd 3 \">\n        <div class=\"layer-wrapper layout-\">\n        <div class=\"layer-media\"><a href=\"https:\/\/www.carillons.ch\/blog\/revue-2018-de-labbaye-de-montheron\/\"><img decoding=\"async\" alt=\"\" src=\"https:\/\/www.carillons.ch\/blog\/wp-content\/uploads\/2018-revue-aaam-300x97.png\" \/><\/a><\/div>\n  <div class=\"layer-content\">\n        <div class=\"element element_0  title_link \">\r\n                    <a target=\"_parent\"\r\n                href=\"https:\/\/www.carillons.ch\/blog\/revue-2018-de-labbaye-de-montheron\/\">Revue 2018 Abbaye de Montheron<\/a>\r\n            <\/div>\r\n    <div class=\"element element_1  excerpt \">\r\n        Lisez la revue et programme 2018, les trois articles et le programme: 3 \/ Des cloches pour le Jorat Daniel Thomas4 \/ Programme des manifestations            <\/div>\r\n  <\/div>\n    <\/div>\n  <\/div><div class=\"item item-9922 skin flat even 4 \">\n        <div class=\"layer-wrapper layout-\">\n        <div class=\"layer-media\"><a href=\"https:\/\/www.carillons.ch\/blog\/revue-2017-de-labbaye-de-montheron\/\"><img decoding=\"async\" alt=\"\" src=\"https:\/\/www.carillons.ch\/blog\/wp-content\/uploads\/revue-aaam-2017-300x98.jpg\" \/><\/a><\/div>\n  <div class=\"layer-content\">\n        <div class=\"element element_0  title_link \">\r\n                    <a target=\"_parent\"\r\n                href=\"https:\/\/www.carillons.ch\/blog\/revue-2017-de-labbaye-de-montheron\/\">Revue 2017 Abbaye de Montheron<\/a>\r\n            <\/div>\r\n    <div class=\"element element_1  excerpt \">\r\n        Lisez la revue et programme 2017, les trois articles et le programme: Sommaire:3 \/ L'Abbaye de Montheron au milieu des eaux Daniel Thomas4 \/ Programme            <\/div>\r\n  <\/div>\n    <\/div>\n  <\/div><div class=\"item item-8634 skin flat odd 5 \">\n        <div class=\"layer-wrapper layout-\">\n        <div class=\"layer-media\"><a href=\"https:\/\/www.carillons.ch\/blog\/revue-2016-des-amis-de-labbaye-de-montheron\/\"><img decoding=\"async\" alt=\"\" src=\"https:\/\/www.carillons.ch\/blog\/wp-content\/uploads\/revue-aaam-2016-300x98.jpg\" \/><\/a><\/div>\n  <div class=\"layer-content\">\n        <div class=\"element element_0  title_link \">\r\n                    <a target=\"_parent\"\r\n                href=\"https:\/\/www.carillons.ch\/blog\/revue-2016-des-amis-de-labbaye-de-montheron\/\">Revue 2016 Abbaye de Montheron<\/a>\r\n            <\/div>\r\n    <div class=\"element element_1  excerpt \">\r\n        Lisez la revue et programme 2016, les trois articles et le programme: Sommaire3 \/ Abbaye de Montheron : quelques nouveaut\u00e9s en 2016 Daniel Thomas4 \/            <\/div>\r\n  <\/div>\n    <\/div>\n  <\/div><div class=\"item item-7875 skin flat even 6 \">\n        <div class=\"layer-wrapper layout-\">\n        <div class=\"layer-media\"><a href=\"https:\/\/www.carillons.ch\/blog\/revue-2015-des-amis-de-labbaye-de-montheron\/\"><img decoding=\"async\" alt=\"\" src=\"https:\/\/www.carillons.ch\/blog\/wp-content\/uploads\/revue-aaam-2015-300x99.jpg\" \/><\/a><\/div>\n  <div class=\"layer-content\">\n        <div class=\"element element_0  title_link \">\r\n                    <a target=\"_parent\"\r\n                href=\"https:\/\/www.carillons.ch\/blog\/revue-2015-des-amis-de-labbaye-de-montheron\/\">Revue 2015 Abbaye de Montheron<\/a>\r\n            <\/div>\r\n    <div class=\"element element_1  excerpt \">\r\n        Lisez la revue et programme 2015, les trois articles et le programme: Sommaire3 \/ Une nouveaut\u00e9 en 2015 Daniel Thomas4 \/ Programme des manifestations 201513            <\/div>\r\n  <\/div>\n    <\/div>\n  <\/div><div class=\"item item-7147 skin flat odd 7 \">\n        <div class=\"layer-wrapper layout-\">\n        <div class=\"layer-media\"><a href=\"https:\/\/www.carillons.ch\/blog\/revue-2014-des-amis-de-labbaye-de-montheron\/\"><img decoding=\"async\" alt=\"\" src=\"https:\/\/www.carillons.ch\/blog\/wp-content\/uploads\/revue-aaam-2014-300x76.jpg\" \/><\/a><\/div>\n  <div class=\"layer-content\">\n        <div class=\"element element_0  title_link \">\r\n                    <a target=\"_parent\"\r\n                href=\"https:\/\/www.carillons.ch\/blog\/revue-2014-des-amis-de-labbaye-de-montheron\/\">Revue 2014 Abbaye de Montheron<\/a>\r\n            <\/div>\r\n    <div class=\"element element_1  excerpt \">\r\n        Lisez la revue et programme 2014, les deux articles et le programme: Sommaire:3 \/ bonheurs en balades et \u00e9coutes, de la Semaine Sainte \u00e0 No\u00ebl            <\/div>\r\n  <\/div>\n    <\/div>\n  <\/div><div class=\"item item-6263 skin flat even 8 \">\n        <div class=\"layer-wrapper layout-\">\n        <div class=\"layer-media\"><a href=\"https:\/\/www.carillons.ch\/blog\/revue-2013-des-amis-de-labbaye-de-montheron\/\"><img decoding=\"async\" alt=\"\" src=\"https:\/\/www.carillons.ch\/blog\/wp-content\/uploads\/revue-2013-aaam-300x100.jpg\" \/><\/a><\/div>\n  <div class=\"layer-content\">\n        <div class=\"element element_0  title_link \">\r\n                    <a target=\"_parent\"\r\n                href=\"https:\/\/www.carillons.ch\/blog\/revue-2013-des-amis-de-labbaye-de-montheron\/\">Revue 2013 Abbaye de Montheron<\/a>\r\n            <\/div>\r\n    <div class=\"element element_1  excerpt \">\r\n        Lisez la revue et programme 2013, les trois articles et le programme: Sommaire: 3 \/ Pr\u00e9lude Vingt ans de moments de bonheur Daniel Thomas 4            <\/div>\r\n  <\/div>\n    <\/div>\n  <\/div><div class=\"item item-4363 skin flat odd 9 \">\n        <div class=\"layer-wrapper layout-\">\n        <div class=\"layer-media\"><a href=\"https:\/\/www.carillons.ch\/blog\/revue-des-amis-de-labbaye-de-montheron-2012\/\"><img decoding=\"async\" alt=\"\" src=\"https:\/\/www.carillons.ch\/blog\/wp-content\/uploads\/revue-2012-aaam-300x103.jpg\" \/><\/a><\/div>\n  <div class=\"layer-content\">\n        <div class=\"element element_0  title_link \">\r\n                    <a target=\"_parent\"\r\n                href=\"https:\/\/www.carillons.ch\/blog\/revue-des-amis-de-labbaye-de-montheron-2012\/\">Revue 2012 Abbaye de Montheron<\/a>\r\n            <\/div>\r\n    <div class=\"element element_1  excerpt \">\r\n        Lisez la revue et programme 2012, les quatre articles et le programme:SOMMAIRE3 \/ Pr\u00e9lude Moments de bonheur Daniel Thomas4 \/ Programme des manifestations 201215 \/            <\/div>\r\n  <\/div>\n    <\/div>\n  <\/div><div class=\"item item-3667 skin flat even 10 \">\n        <div class=\"layer-wrapper layout-\">\n        <div class=\"layer-media\"><a href=\"https:\/\/www.carillons.ch\/blog\/revue-des-amis-de-labbaye-de-montheron-2011\/\"><img decoding=\"async\" alt=\"\" src=\"https:\/\/www.carillons.ch\/blog\/wp-content\/uploads\/revue-2011-aaam-22-300x95.jpg\" \/><\/a><\/div>\n  <div class=\"layer-content\">\n        <div class=\"element element_0  title_link \">\r\n                    <a target=\"_parent\"\r\n                href=\"https:\/\/www.carillons.ch\/blog\/revue-des-amis-de-labbaye-de-montheron-2011\/\">Revue 2011 Abbaye de Montheron<\/a>\r\n            <\/div>\r\n    <div class=\"element element_1  excerpt \">\r\n        Lisez la revue et programme 2011, les deux articles et le programme:3 \/ Pr\u00e9lude Daniel Thomas4 \/ Programme des manifestations 201115 \/ Photos Otto Schmid            <\/div>\r\n  <\/div>\n    <\/div>\n  <\/div><div class=\"item item-2476 skin flat odd 11 \">\n        <div class=\"layer-wrapper layout-\">\n        <div class=\"layer-media\"><a href=\"https:\/\/www.carillons.ch\/blog\/revue-des-amis-de-labbaye-de-montheron-2010\/\"><img decoding=\"async\" alt=\"\" src=\"https:\/\/www.carillons.ch\/blog\/wp-content\/uploads\/revue-2010-aaam-22-300x97.jpg\" \/><\/a><\/div>\n  <div class=\"layer-content\">\n        <div class=\"element element_0  title_link \">\r\n                    <a target=\"_parent\"\r\n                href=\"https:\/\/www.carillons.ch\/blog\/revue-des-amis-de-labbaye-de-montheron-2010\/\">Revue 2010 Abbaye de Montheron<\/a>\r\n            <\/div>\r\n    <div class=\"element element_1  excerpt \">\r\n        Lisez la revue et programme 2010 des Amis de l'Abbaye de Montheron: R\u00e9surrection ou l\u2019\u00e9mergence du site historique de Montheron au XXe si\u00e8cle Gilbert Coutaz            <\/div>\r\n  <\/div>\n    <\/div>\n  <\/div><div class=\"item item-2045 skin flat even 12 \">\n        <div class=\"layer-wrapper layout-\">\n        <div class=\"layer-media\"><a href=\"https:\/\/www.carillons.ch\/blog\/revue-des-amis-de-labbaye-de-montheron-2009\/\"><img decoding=\"async\" alt=\"\" src=\"https:\/\/www.carillons.ch\/blog\/wp-content\/uploads\/revue-aaam-2009-2-300x111.jpg\" \/><\/a><\/div>\n  <div class=\"layer-content\">\n        <div class=\"element element_0  title_link \">\r\n                    <a target=\"_parent\"\r\n                href=\"https:\/\/www.carillons.ch\/blog\/revue-des-amis-de-labbaye-de-montheron-2009\/\">Revue 2009 Abbaye de Montheron<\/a>\r\n            <\/div>\r\n    <div class=\"element element_1  excerpt \">\r\n        Lisez la revue et programme 2009 des Amis de l\u2019Abbaye de Montheron: R\u00e9flexions au sujet de la position de la chaire dans l\u2019\u00e9glise de Montheron            <\/div>\r\n  <\/div>\n    <\/div>\n  <\/div><div class=\"item item-18 skin flat odd 13 \">\n        <div class=\"layer-wrapper layout-\">\n        <div class=\"layer-media\"><a href=\"https:\/\/www.carillons.ch\/blog\/la-revue-des-amis-de-labbaye-de-montheron\/\"><img decoding=\"async\" alt=\"\" src=\"https:\/\/www.carillons.ch\/blog\/wp-content\/uploads\/2008-revue-300x65.jpg\" \/><\/a><\/div>\n  <div class=\"layer-content\">\n        <div class=\"element element_0  title_link \">\r\n                    <a target=\"_parent\"\r\n                href=\"https:\/\/www.carillons.ch\/blog\/la-revue-des-amis-de-labbaye-de-montheron\/\">Revue 2008 Abbaye de Montheron<\/a>\r\n            <\/div>\r\n    <div class=\"element element_1  excerpt \">\r\n        Lisez la revue et programme des Amis de l'Abbaye de Montheron 2008! 1 \/ Pr\u00e9lude Daniel Thomas2 \/ Programme 20088 \/ La m\u00e9moire \u00e9crite de            <\/div>\r\n  <\/div>\n    <\/div>\n  <\/div><div class=\"item item-2055 skin flat even 14 \">\n        <div class=\"layer-wrapper layout-\">\n        <div class=\"layer-media\"><a href=\"https:\/\/www.carillons.ch\/blog\/revue-des-amis-de-labbaye-de-montheron-2007\/\"><img decoding=\"async\" alt=\"\" src=\"https:\/\/www.carillons.ch\/blog\/wp-content\/uploads\/revue-2007-aaam22-300x101.png\" \/><\/a><\/div>\n  <div class=\"layer-content\">\n        <div class=\"element element_0  title_link \">\r\n                    <a target=\"_parent\"\r\n                href=\"https:\/\/www.carillons.ch\/blog\/revue-des-amis-de-labbaye-de-montheron-2007\/\">Revue 2007 Abbaye de Montheron<\/a>\r\n            <\/div>\r\n    <div class=\"element element_1  excerpt \">\r\n        Lire le petit conte \u00e0 la page 8: Nuit de No\u00ebl: Seuls quelques gla\u00e7ons, suspendus au-dessus du rapide courant de la Th\u00e9la et les silhouettes            <\/div>\r\n  <\/div>\n    <\/div>\n  <\/div><div class=\"item item-61 skin flat odd 15 \">\n        <div class=\"layer-wrapper layout-\">\n        <div class=\"layer-media\"><a href=\"https:\/\/www.carillons.ch\/blog\/livre-abbaye-de-montheron-2006\/\"><img decoding=\"async\" alt=\"\" src=\"https:\/\/www.carillons.ch\/blog\/wp-content\/uploads\/livre-montheron-220x300-220x300.jpg\" \/><\/a><\/div>\n  <div class=\"layer-content\">\n        <div class=\"element element_0  title_link \">\r\n                    <a target=\"_parent\"\r\n                href=\"https:\/\/www.carillons.ch\/blog\/livre-abbaye-de-montheron-2006\/\">Revue 2006: Livre \u00ab\u00a0Abbaye de Montheron 2006\u00a0\u00bb<\/a>\r\n            <\/div>\r\n    <div class=\"element element_1  excerpt \">\r\n        Livre \u00abAbbaye de Montheron, 1142 - restaur\u00e9e et inaugur\u00e9e en 2006\u00bb En l'ann\u00e9e 2006, ann\u00e9e d'inauguration des orgues et de r\u00e9ouverture de l'\u00e9glise, de fin            <\/div>\r\n  <\/div>\n    <\/div>\n  <\/div><div class=\"item item-2053 skin flat even 16 \">\n        <div class=\"layer-wrapper layout-\">\n        <div class=\"layer-media\"><a href=\"https:\/\/www.carillons.ch\/blog\/revue-des-amis-de-labbaye-de-montheron-2006\/\"><img decoding=\"async\" alt=\"\" src=\"https:\/\/www.carillons.ch\/blog\/wp-content\/uploads\/revue-aaam-2006-2-300x109.png\" \/><\/a><\/div>\n  <div class=\"layer-content\">\n        <div class=\"element element_0  title_link \">\r\n                    <a target=\"_parent\"\r\n                href=\"https:\/\/www.carillons.ch\/blog\/revue-des-amis-de-labbaye-de-montheron-2006\/\">Revue 2006 Abbaye de Montheron<\/a>\r\n            <\/div>\r\n    <div class=\"element element_1  excerpt \">\r\n        Revue 2006 de l'Abbaye de MontheronLisez les articles:Articles sur l'Abbaye de Montheron:3 \/ Le mot des arch\u00e9ologues Ulrike Gollnik7 \/ Montheron 1999-2006 OU D\u2019UN VILAIN            <\/div>\r\n  <\/div>\n    <\/div>\n  <\/div><div class=\"item item-4486 skin flat odd 17 \">\n        <div class=\"layer-wrapper layout-\">\n        <div class=\"layer-media\"><a href=\"https:\/\/www.carillons.ch\/blog\/2005-revue-des-amis-de-labbaye-de-montheron\/\"><img decoding=\"async\" alt=\"\" src=\"https:\/\/www.carillons.ch\/blog\/wp-content\/uploads\/aaam-2005-revue-300x87.jpg\" \/><\/a><\/div>\n  <div class=\"layer-content\">\n        <div class=\"element element_0  title_link \">\r\n                    <a target=\"_parent\"\r\n                href=\"https:\/\/www.carillons.ch\/blog\/2005-revue-des-amis-de-labbaye-de-montheron\/\">Revue 2005 Abbaye de Montheron<\/a>\r\n            <\/div>\r\n    <div class=\"element element_1  excerpt \">\r\n        Programme et articles, 2005, Abbaye de Montheron.Restauration de l'\u00e9glise de Montheron Quelques mots des travaux qui seront ex\u00e9cut\u00e9s en 2005 Christophe AmslerDe Frigida villa \u00e0            <\/div>\r\n  <\/div>\n    <\/div>\n  <\/div><div class=\"item item-10882 skin flat even 18 \">\n        <div class=\"layer-wrapper layout-\">\n        <div class=\"layer-media\"><a href=\"https:\/\/www.carillons.ch\/blog\/revue-2004-des-amis-de-labbaye-de-montheron\/\"><img decoding=\"async\" alt=\"\" src=\"https:\/\/www.carillons.ch\/blog\/wp-content\/uploads\/revue-aaam-2004-2-300x101.jpg\" \/><\/a><\/div>\n  <div class=\"layer-content\">\n        <div class=\"element element_0  title_link \">\r\n                    <a target=\"_parent\"\r\n                href=\"https:\/\/www.carillons.ch\/blog\/revue-2004-des-amis-de-labbaye-de-montheron\/\">Revue 2004 Abbaye de Montheron<\/a>\r\n            <\/div>\r\n    <div class=\"element element_1  excerpt \">\r\n        Lisez la revue et programme 2004, les articles et le programme: Articles:page 3 \/ La maison de Savoie et le Pays de Vaud par Francis            <\/div>\r\n  <\/div>\n    <\/div>\n  <\/div><div class=\"item item-10886 skin flat odd 19 \">\n        <div class=\"layer-wrapper layout-\">\n        <div class=\"layer-media\"><a href=\"https:\/\/www.carillons.ch\/blog\/revue-2003-des-amis-de-labbaye-de-montheron\/\"><img decoding=\"async\" alt=\"\" src=\"https:\/\/www.carillons.ch\/blog\/wp-content\/uploads\/reveu-aaam-2003-2-300x94.png\" \/><\/a><\/div>\n  <div class=\"layer-content\">\n        <div class=\"element element_0  title_link \">\r\n                    <a target=\"_parent\"\r\n                href=\"https:\/\/www.carillons.ch\/blog\/revue-2003-des-amis-de-labbaye-de-montheron\/\">Revue 2003 Abbaye de Montheron<\/a>\r\n            <\/div>\r\n    <div class=\"element element_1  excerpt \">\r\n        Lisez la revue et programme 2003, les articles et le programme: Articles:page 2 Le vitrail du bapt\u00eame du Christpage 4 Association des Amis de l\u2019Abbaye            <\/div>\r\n  <\/div>\n    <\/div>\n  <\/div><div class=\"item item-14044 skin flat even 20 \">\n        <div class=\"layer-wrapper layout-\">\n        <div class=\"layer-media\"><a href=\"https:\/\/www.carillons.ch\/blog\/revue-2002-abbaye-de-montheron\/\"><img decoding=\"async\" alt=\"\" src=\"https:\/\/www.carillons.ch\/blog\/wp-content\/uploads\/revue-2002-300x84.jpg\" \/><\/a><\/div>\n  <div class=\"layer-content\">\n        <div class=\"element element_0  title_link \">\r\n                    <a target=\"_parent\"\r\n                href=\"https:\/\/www.carillons.ch\/blog\/revue-2002-abbaye-de-montheron\/\">Revue 2002 Abbaye de Montheron<\/a>\r\n            <\/div>\r\n    <div class=\"element element_1  excerpt \">\r\n        Lisez la revue et programme 2002, les articles et le programme: Articles:page 2 Le vitrail de la crucifixionpage 4 L\u2019abbaye de Montheron, n\u00e9cropole des seigneurs            <\/div>\r\n  <\/div>\n    <\/div>\n  <\/div><div class=\"item item-4437 skin flat odd 21 \">\n        <div class=\"layer-wrapper layout-\">\n        <div class=\"layer-media\"><a href=\"https:\/\/www.carillons.ch\/blog\/revue-des-amis-de-labbaye-de-montheron-1997\/\"><img decoding=\"async\" alt=\"\" src=\"https:\/\/www.carillons.ch\/blog\/wp-content\/uploads\/aaam-1997-211x300.jpg\" \/><\/a><\/div>\n  <div class=\"layer-content\">\n        <div class=\"element element_0  title_link \">\r\n                    <a target=\"_parent\"\r\n                href=\"https:\/\/www.carillons.ch\/blog\/revue-des-amis-de-labbaye-de-montheron-1997\/\">Revue 1997 Abbaye de Montheron<\/a>\r\n            <\/div>\r\n    <div class=\"element element_1  excerpt \">\r\n        Revue et programme 1997Abbayes cisterciennes disparues; o\u00f9 \u00e9taient-elles? Pierre Margot Revue 1997            <\/div>\r\n  <\/div>\n    <\/div>\n  <\/div>    <\/div>\n    <div class=\"pagination\">\n      <div class=\"paginate\">\n      <\/div>\n  <style type=\"text\/css\">\n    #post-grid-11665 .pagination .page-numbers {\n      font-size: 16px;\n      color: #fff;\n      background: #646464;\n    }\n\n    #post-grid-11665 .pagination .page-numbers:hover,\n    #post-grid-11665 .pagination .page-numbers.current {\n      background: #4b4b4b;\n    }\n  <\/style>\n  <\/div>\n      <script>\n          <\/script>\n    <style type=\"text\/css\">\n    #post-grid-11665 .element_0 {\n      font-size:14px;padding:1px;float: left;    }\n\n    #post-grid-11665 .element_1 {\n      display: block;font-size: 11px;padding: 2px 3px;text-align: left;float: left;    }\n\n    #post-grid-11665 .element_0:hover{}#post-grid-11665 .element_1:hover{}  <\/style>\n  <style type=\"text\/css\">\n    #post-grid-11665 {\n      padding: 1px;\n      background-color: #fff;\n          }\n\n    #post-grid-11665 .item {\n      padding: 0px;\n      background: #fff;\n          }\n\n    #post-grid-11665 .item .layer-media {\n      height:auto;    }\n\n    @media only screen and (min-width: 0px) and (max-width: 767px) {\n      #post-grid-11665 .grid-items {\n        text-align: center;\n              }\n\n      #post-grid-11665 .item {\n        width: 90%;\n        margin: 10px;\n        display: inline-block;\n        vertical-align: top;\n        height:auto;      }\n    }\n\n    @media only screen and (min-width: 768px) and (max-width: 1023px) {\n      #post-grid-11665 .grid-items {\n        text-align: center;\n              }\n\n      #post-grid-11665 .item {\n        width: 280px;\n        margin: 10px;\n        display: inline-block;\n        vertical-align: top;\n        max-height:auto;      }\n    }\n\n    @media only screen and (min-width: 1024px) {\n      #post-grid-11665 .grid-items {\n        text-align: center;\n              }\n\n      #post-grid-11665 .item {\n        width: 225px;\n        display: inline-block;\n        margin: 10px;\n        vertical-align: top;\n        height:auto;      }\n    }\n\n      <\/style>\n  <\/div>\n\n","protected":false},"excerpt":{"rendered":"<p>Revue des Amis de l&rsquo;Abbaye de Montheron \u00c9diteur: Association des Amis de l\u2019Abbaye de Montheron ISSN 1661-6979<\/p>\n","protected":false},"author":1,"featured_media":13725,"comment_status":"closed","ping_status":"closed","sticky":false,"template":"","format":"standard","meta":{"sfsi_plus_gutenberg_text_before_share":"","sfsi_plus_gutenberg_show_text_before_share":"","sfsi_plus_gutenberg_icon_type":"","sfsi_plus_gutenberg_icon_alignemt":"","sfsi_plus_gutenburg_max_per_row":"","_EventAllDay":false,"_EventTimezone":"","_EventStartDate":"","_EventEndDate":"","_EventStartDateUTC":"","_EventEndDateUTC":"","_EventShowMap":false,"_EventShowMapLink":false,"_EventURL":"","_EventCost":"","_EventCostDescription":"","_EventCurrencySymbol":"","_EventCurrencyCode":"","_EventCurrencyPosition":"","_EventDateTimeSeparator":"","_EventTimeRangeSeparator":"","_EventOrganizerID":[],"_EventVenueID":[],"_OrganizerEmail":"","_OrganizerPhone":"","_OrganizerWebsite":"","_VenueAddress":"","_VenueCity":"","_VenueCountry":"","_VenueProvince":"","_VenueState":"","_VenueZip":"","_VenuePhone":"","_VenueURL":"","_VenueStateProvince":"","_VenueLat":"","_VenueLng":"","_VenueShowMap":false,"_VenueShowMapLink":false,"footnotes":""},"categories":[8,20],"tags":[],"class_list":["post-11457","post","type-post","status-publish","format-standard","has-post-thumbnail","hentry","category-aaam-abbaye-de-montheron","category-pdf-lecture-en-direct"],"_links":{"self":[{"href":"https:\/\/www.carillons.ch\/blog\/wp-json\/wp\/v2\/posts\/11457","targetHints":{"allow":["GET"]}}],"collection":[{"href":"https:\/\/www.carillons.ch\/blog\/wp-json\/wp\/v2\/posts"}],"about":[{"href":"https:\/\/www.carillons.ch\/blog\/wp-json\/wp\/v2\/types\/post"}],"author":[{"embeddable":true,"href":"https:\/\/www.carillons.ch\/blog\/wp-json\/wp\/v2\/users\/1"}],"replies":[{"embeddable":true,"href":"https:\/\/www.carillons.ch\/blog\/wp-json\/wp\/v2\/comments?post=11457"}],"version-history":[{"count":6,"href":"https:\/\/www.carillons.ch\/blog\/wp-json\/wp\/v2\/posts\/11457\/revisions"}],"predecessor-version":[{"id":13842,"href":"https:\/\/www.carillons.ch\/blog\/wp-json\/wp\/v2\/posts\/11457\/revisions\/13842"}],"wp:featuredmedia":[{"embeddable":true,"href":"https:\/\/www.carillons.ch\/blog\/wp-json\/wp\/v2\/media\/13725"}],"wp:attachment":[{"href":"https:\/\/www.carillons.ch\/blog\/wp-json\/wp\/v2\/media?parent=11457"}],"wp:term":[{"taxonomy":"category","embeddable":true,"href":"https:\/\/www.carillons.ch\/blog\/wp-json\/wp\/v2\/categories?post=11457"},{"taxonomy":"post_tag","embeddable":true,"href":"https:\/\/www.carillons.ch\/blog\/wp-json\/wp\/v2\/tags?post=11457"}],"curies":[{"name":"wp","href":"https:\/\/api.w.org\/{rel}","templated":true}]}}