{"id":11497,"date":"2019-02-23T08:45:37","date_gmt":"2019-02-23T07:45:37","guid":{"rendered":"http:\/\/www.langages.ch\/blog\/?p=11497"},"modified":"2020-02-17T06:25:21","modified_gmt":"2020-02-17T05:25:21","slug":"gccs-guilde-des-carillonneurs-et-campanologues-suisses","status":"publish","type":"post","link":"https:\/\/www.carillons.ch\/blog\/gccs-guilde-des-carillonneurs-et-campanologues-suisses\/","title":{"rendered":"GCCS, Guilde des carillonneurs et campanologues suisses"},"content":{"rendered":"\n<p>Gilde der Carillonneure und Campanologen der Schweiz<br>Guilde des carillonneurs et campanologues suisses<br>Guild of Carillonneurs and Campanologists of Switzerland<\/p>\n\n\n\n<p>Vous trouverez le site officiel de la guilde sur la page: <a title=\"GCCS carillonneurs suisses\" href=\"http:\/\/www.campanae.ch\/\" target=\"_blank\" rel=\"noopener noreferrer\">http:\/\/www.campanae.ch\/ <\/a>.<\/p>\n\n\n\n<p>Ici vous trouverez photos, videos, reportages et annonces d&rsquo;\u00e9v\u00e9nements campanaires li\u00e9s \u00e0 la guilde. Daniel Thomas est tr\u00e9sorier de cette association des carillonneurs.<\/p>\n\n\n\n<p>Revue de la Guilde GCCS en pdf, Campanae Helveticae<\/p>\n\n\n\n<p><iframe loading=\"lazy\" style=\"border: none; overflow: hidden;\" src=\"https:\/\/www.facebook.com\/plugins\/post.php?href=https%3A%2F%2Fwww.facebook.com%2FCarillons.en.Suisse%2Fposts%2F1897280083639172&amp;width=700\" width=\"700\" height=\"539\" frameborder=\"0\" scrolling=\"no\"><\/iframe><\/p>\n\n\n\n<p>Tous les articles du site li\u00e9s \u00e0 la Guilde des Carillonneurs Suisses<\/p>\n\n\n    <div data-options='{&quot;id&quot;:&quot;11648&quot;,&quot;lazy_load&quot;:&quot;no&quot;,&quot;masonry_enable&quot;:&quot;yes&quot;,&quot;view_type&quot;:&quot;grid&quot;}' id=\"post-grid-11648\" class=\"post-grid grid\">\n    \n\n\n    <div class=\"grid-items\">\n      <div class=\"item item-17996 skin flat even 0 \">\n        <div class=\"layer-wrapper layout-\">\n        <div class=\"layer-media\"><a href=\"https:\/\/www.carillons.ch\/blog\/cours-de-carillon\/\"><img decoding=\"async\" alt=\"clavion\" src=\"https:\/\/www.carillons.ch\/blog\/wp-content\/uploads\/Clavion-akoestisch4-300x225.jpeg\" \/><\/a><\/div>\n  <div class=\"layer-content\">\n        <div class=\"element element_0  title_link \">\r\n                    <a target=\"_parent\"\r\n                href=\"https:\/\/www.carillons.ch\/blog\/cours-de-carillon\/\">Cours de carillon<\/a>\r\n            <\/div>\r\n    <div class=\"element element_1  excerpt \">\r\n        Cours de carillon, d\u00e9couvrez l\u2019art du carillon \u00e0 clavier de type flamand, de 4 octaves. Clavier d'\u00e9tude Cours de 40, 50 ou 60 minutes ou            <\/div>\r\n  <\/div>\n    <\/div>\n  <\/div><div class=\"item item-17146 skin flat odd 1 \">\n        <div class=\"layer-wrapper layout-\">\n        <div class=\"layer-media\"><a href=\"https:\/\/www.carillons.ch\/blog\/carillon-de-disentis\/\"><img decoding=\"async\" alt=\"\" src=\"https:\/\/www.carillons.ch\/blog\/wp-content\/uploads\/carillon-disentis-300x196.jpg\" \/><\/a><\/div>\n  <div class=\"layer-content\">\n        <div class=\"element element_0  title_link \">\r\n                    <a target=\"_parent\"\r\n                href=\"https:\/\/www.carillons.ch\/blog\/carillon-de-disentis\/\">Carillon de Disentis<\/a>\r\n            <\/div>\r\n    <div class=\"element element_1  excerpt \">\r\n        Le carillon de Disentis (GR) (20 cloches avec un clavier m\u00e9canique) est maintenant install\u00e9 dans le centre du village et on peut l\u2019entendre chaque jour            <\/div>\r\n  <\/div>\n    <\/div>\n  <\/div><div class=\"item item-17142 skin flat even 2 \">\n        <div class=\"layer-wrapper layout-\">\n        <div class=\"layer-media\"><a href=\"https:\/\/www.carillons.ch\/blog\/carillon-de-16-cloches-detoy\/\"><img decoding=\"async\" alt=\"\" src=\"https:\/\/www.carillons.ch\/blog\/wp-content\/uploads\/Collage-carillon-Etoy-2-300x300.jpg\" \/><\/a><\/div>\n  <div class=\"layer-content\">\n        <div class=\"element element_0  title_link \">\r\n                    <a target=\"_parent\"\r\n                href=\"https:\/\/www.carillons.ch\/blog\/carillon-de-16-cloches-detoy\/\">Carillon de 16 cloches d&rsquo;Etoy<\/a>\r\n            <\/div>\r\n    <div class=\"element element_1  excerpt \">\r\n        Carillon de 16 cloches d'Etoy, Vaud Suisse, chapelle de l'Esp\u00e9rance, carillon de une octave et demie \u00e0 clavier m\u00e9canique. Cloches Ruetschi, Aarau 1988. 16 cloches            <\/div>\r\n  <\/div>\n    <\/div>\n  <\/div><div class=\"item item-14360 skin flat odd 3 \">\n        <div class=\"layer-wrapper layout-\">\n        <div class=\"layer-media\"><a href=\"https:\/\/www.carillons.ch\/blog\/publication-avec-la-gccs-et-lofc-cloches\/\"><img decoding=\"async\" alt=\"\" src=\"https:\/\/www.carillons.ch\/blog\/wp-content\/uploads\/cloche-300x225.jpg\" \/><\/a><\/div>\n  <div class=\"layer-content\">\n        <div class=\"element element_0  title_link \">\r\n                    <a target=\"_parent\"\r\n                href=\"https:\/\/www.carillons.ch\/blog\/publication-avec-la-gccs-et-lofc-cloches\/\">Publication avec la GCCS et l&rsquo;OFC Cloches<\/a>\r\n            <\/div>\r\n    <div class=\"element element_1  excerpt \">\r\n        La Guilde des Carillonneurs et Campanologues Suisses collaborent avec l\u2019OFC avec des experts f\u00e9d\u00e9raux campanaires et des publications S\u00e9rie de publications des monuments historiques, Cahier            <\/div>\r\n  <\/div>\n    <\/div>\n  <\/div><div class=\"item item-13300 skin flat even 4 \">\n        <div class=\"layer-wrapper layout-\">\n        <div class=\"layer-media\"><a href=\"https:\/\/www.carillons.ch\/blog\/carillon-de-moutier-en-construction\/\"><img decoding=\"async\" alt=\"\" src=\"https:\/\/www.carillons.ch\/blog\/wp-content\/uploads\/cloches-Moutier2_Fotor-4-300x225.jpg\" \/><\/a><\/div>\n  <div class=\"layer-content\">\n        <div class=\"element element_0  title_link \">\r\n                    <a target=\"_parent\"\r\n                href=\"https:\/\/www.carillons.ch\/blog\/carillon-de-moutier-en-construction\/\">Carillon de Moutier en construction<\/a>\r\n            <\/div>\r\n    <div class=\"element element_1  excerpt \">\r\n        Il y a un projet de carillon en cours \u00e0 Moutier, \u00c9glise Notre-Dame de la Pr\u00e9v\u00f4t\u00e9 (\u00e0 noter que ce n'est encore qu'un projet, qu'il            <\/div>\r\n  <\/div>\n    <\/div>\n  <\/div><div class=\"item item-13130 skin flat odd 5 \">\n        <div class=\"layer-wrapper layout-\">\n        <div class=\"layer-media\"><a href=\"https:\/\/www.carillons.ch\/blog\/page-instagram-carillons-suisses\/\"><img decoding=\"async\" alt=\"\" src=\"https:\/\/www.carillons.ch\/blog\/wp-content\/uploads\/carillons-suisses-1-300x148.jpg\" \/><\/a><\/div>\n  <div class=\"layer-content\">\n        <div class=\"element element_0  title_link \">\r\n                    <a target=\"_parent\"\r\n                href=\"https:\/\/www.carillons.ch\/blog\/page-instagram-carillons-suisses\/\">Page Instagram Carillons Suisses<\/a>\r\n            <\/div>\r\n    <div class=\"element element_1  excerpt \">\r\n        Suivez les nouvelles et images sur la page Instagram Carillons Suisses : @carillonssuisses&nbsp; https:\/\/www.instagram.com\/carillonssuisses\/            <\/div>\r\n  <\/div>\n    <\/div>\n  <\/div><div class=\"item item-4727 skin flat even 6 \">\n        <div class=\"layer-wrapper layout-\">\n        <div class=\"layer-media\"><a href=\"https:\/\/www.carillons.ch\/blog\/page-facebook-carillons-en-suisse\/\"><img decoding=\"async\" alt=\"\" src=\"https:\/\/www.carillons.ch\/blog\/wp-content\/uploads\/carillon-zofingue2-1-300x169.jpg\" \/><\/a><\/div>\n  <div class=\"layer-content\">\n        <div class=\"element element_0  title_link \">\r\n                    <a target=\"_parent\"\r\n                href=\"https:\/\/www.carillons.ch\/blog\/page-facebook-carillons-en-suisse\/\">Page Facebook Carillons en Suisse<\/a>\r\n            <\/div>\r\n    <div class=\"element element_1  excerpt \">\r\n        Rejoignez-nous sur facebook pour suivre les nouvelles des carillons en Suisse et concerts.            <\/div>\r\n  <\/div>\n    <\/div>\n  <\/div><div class=\"item item-11497 skin flat odd 7 \">\n        <div class=\"layer-wrapper layout-\">\n        <div class=\"layer-media\"><a href=\"https:\/\/www.carillons.ch\/blog\/gccs-guilde-des-carillonneurs-et-campanologues-suisses\/\"><img decoding=\"async\" alt=\"\" src=\"https:\/\/www.carillons.ch\/blog\/wp-content\/uploads\/GCCS_Fotor-300x185.jpg\" \/><\/a><\/div>\n  <div class=\"layer-content\">\n        <div class=\"element element_0  title_link \">\r\n                    <a target=\"_parent\"\r\n                href=\"https:\/\/www.carillons.ch\/blog\/gccs-guilde-des-carillonneurs-et-campanologues-suisses\/\">GCCS, Guilde des carillonneurs et campanologues suisses<\/a>\r\n            <\/div>\r\n    <div class=\"element element_1  excerpt \">\r\n        Gilde der Carillonneure und Campanologen der SchweizGuilde des carillonneurs et campanologues suissesGuild of Carillonneurs and Campanologists of Switzerland Vous trouverez le site officiel de la            <\/div>\r\n  <\/div>\n    <\/div>\n  <\/div><div class=\"item item-10269 skin flat even 8 \">\n        <div class=\"layer-wrapper layout-\">\n        <div class=\"layer-media\"><a href=\"https:\/\/www.carillons.ch\/blog\/revue-campanae-helveticae-en-pdf\/\"><img decoding=\"async\" alt=\"\" src=\"https:\/\/www.carillons.ch\/blog\/wp-content\/uploads\/Campanae-Helveticae-300x125.jpg\" \/><\/a><\/div>\n  <div class=\"layer-content\">\n        <div class=\"element element_0  title_link \">\r\n                    <a target=\"_parent\"\r\n                href=\"https:\/\/www.carillons.ch\/blog\/revue-campanae-helveticae-en-pdf\/\">Revue Campanae Helveticae en pdf<\/a>\r\n            <\/div>\r\n    <div class=\"element element_1  excerpt \">\r\n        Revue digitalis\u00e9eCampanae Helveticae : organe de la Guilde des Carillonneurs et Campanologues Suisses = Organ der Gilde der Carilloneure und Campanologen der Schweiz A consulter            <\/div>\r\n  <\/div>\n    <\/div>\n  <\/div><div class=\"item item-9546 skin flat odd 9 \">\n        <div class=\"layer-wrapper layout-\">\n        <div class=\"layer-media\"><a href=\"https:\/\/www.carillons.ch\/blog\/federation-mondiale-du-carillon\/\"><img decoding=\"async\" alt=\"\" src=\"https:\/\/www.carillons.ch\/blog\/wp-content\/uploads\/Federation-mondiale-carillon-300x183.jpg\" \/><\/a><\/div>\n  <div class=\"layer-content\">\n        <div class=\"element element_0  title_link \">\r\n                    <a target=\"_parent\"\r\n                href=\"https:\/\/www.carillons.ch\/blog\/federation-mondiale-du-carillon\/\">F\u00e9d\u00e9ration Mondiale du Carillon<\/a>\r\n            <\/div>\r\n    <div class=\"element element_1  excerpt \">\r\n        La FMC est un groupement de guildes de carillonneurs et d'associations de carillon qui peuvent \u00eatre multinationales, nationales ou r\u00e9gionales. Vous trouverez le site officiel            <\/div>\r\n  <\/div>\n    <\/div>\n  <\/div><div class=\"item item-9552 skin flat even 10 \">\n        <div class=\"layer-wrapper layout-\">\n        <div class=\"layer-media\"><a href=\"https:\/\/www.carillons.ch\/blog\/2017-07-03-juillet-concert-de-carillon-a-barcelone\/\"><img decoding=\"async\" alt=\"\" src=\"https:\/\/www.carillons.ch\/blog\/wp-content\/uploads\/05-carillo-campanes-2-1-300x225.jpg\" \/><\/a><\/div>\n  <div class=\"layer-content\">\n        <div class=\"element element_0  title_link \">\r\n                    <a target=\"_parent\"\r\n                href=\"https:\/\/www.carillons.ch\/blog\/2017-07-03-juillet-concert-de-carillon-a-barcelone\/\">Concert de Carillon \u00e0 Barcelone<\/a>\r\n            <\/div>\r\n    <div class=\"element element_1  excerpt \">\r\n        Daniel Thomas, carillonneur, membre de la Guilde suisse, a donn\u00e9 deux concerts de carillon lors du Congr\u00e8s Mondial du Carillon. Au programme du carillonneur: Daniel            <\/div>\r\n  <\/div>\n    <\/div>\n  <\/div><div class=\"item item-9540 skin flat odd 11 \">\n        <div class=\"layer-wrapper layout-\">\n        <div class=\"layer-media\"><a href=\"https:\/\/www.carillons.ch\/blog\/2017-06-01-juillet-congres-mondial-du-carillon-barcelone-2017\/\"><img decoding=\"async\" alt=\"\" src=\"https:\/\/www.carillons.ch\/blog\/wp-content\/uploads\/04-carillo-nit-jordi-bedmar-juliol-2002-2-300x225.jpg\" \/><\/a><\/div>\n  <div class=\"layer-content\">\n        <div class=\"element element_0  title_link \">\r\n                    <a target=\"_parent\"\r\n                href=\"https:\/\/www.carillons.ch\/blog\/2017-06-01-juillet-congres-mondial-du-carillon-barcelone-2017\/\">Congr\u00e8s Mondial du Carillon Barcelone 2017<\/a>\r\n            <\/div>\r\n    <div class=\"element element_1  excerpt \">\r\n        Le XIX\u00e8me Congr\u00e8s de la F\u00e9d\u00e9ration Mondiale du Carillon a eu lieu en 2017 au Palais de la G\u00e9n\u00e9ralit\u00e9 \u00e0 Barcelone. Ce Palais est le            <\/div>\r\n  <\/div>\n    <\/div>\n  <\/div><div class=\"item item-7180 skin flat even 12 \">\n        <div class=\"layer-wrapper layout-\">\n        <div class=\"layer-media\"><a href=\"https:\/\/www.carillons.ch\/blog\/carillons-grands-carillons-de-suisse\/\"><img decoding=\"async\" alt=\"Carillon\" src=\"https:\/\/www.carillons.ch\/blog\/wp-content\/uploads\/article-carillon-300x198.jpg\" \/><\/a><\/div>\n  <div class=\"layer-content\">\n        <div class=\"element element_0  title_link \">\r\n                    <a target=\"_parent\"\r\n                href=\"https:\/\/www.carillons.ch\/blog\/carillons-grands-carillons-de-suisse\/\">Carillons: grands carillons de Suisse<\/a>\r\n            <\/div>\r\n    <div class=\"element element_1  excerpt \">\r\n        Le carillonneur et les grands carillons en Suisse Article publi\u00e9 dans la&nbsp;Revue Musicale Suisse, janvier 2014. Lire l'article \"carillons\"&nbsp;en pdf. On consid\u00e8re souvent l\u2019orgue comme            <\/div>\r\n  <\/div>\n    <\/div>\n  <\/div><div class=\"item item-4681 skin flat odd 13 \">\n        <div class=\"layer-wrapper layout-\">\n        <div class=\"layer-media\"><a href=\"https:\/\/www.carillons.ch\/blog\/concerts-de-carillon-a-zofingue\/\"><img decoding=\"async\" alt=\"\" src=\"https:\/\/www.carillons.ch\/blog\/wp-content\/uploads\/zofingue-300x193.jpg\" \/><\/a><\/div>\n  <div class=\"layer-content\">\n        <div class=\"element element_0  title_link \">\r\n                    <a target=\"_parent\"\r\n                href=\"https:\/\/www.carillons.ch\/blog\/concerts-de-carillon-a-zofingue\/\">Carillon de Zofingue et concerts<\/a>\r\n            <\/div>\r\n    <div class=\"element element_1  excerpt \">\r\n        Il y a chaque ann\u00e9e des concerts de carillon au carillon de Zofingue (Zofingen) (Mitglieder der Glockenspielkommission organisieren pro Jahr 5 Konzerte.) Une id\u00e9e d'excursion:            <\/div>\r\n  <\/div>\n    <\/div>\n  <\/div><div class=\"item item-6447 skin flat even 14 \">\n        <div class=\"layer-wrapper layout-\">\n        <div class=\"layer-media\"><a href=\"https:\/\/www.carillons.ch\/blog\/concerts-de-carillon-en-suisse\/\"><img decoding=\"async\" alt=\"\" src=\"https:\/\/www.carillons.ch\/blog\/wp-content\/uploads\/carouge-300x187.jpg\" \/><\/a><\/div>\n  <div class=\"layer-content\">\n        <div class=\"element element_0  title_link \">\r\n                    <a target=\"_parent\"\r\n                href=\"https:\/\/www.carillons.ch\/blog\/concerts-de-carillon-en-suisse\/\">Concerts de carillon en Suisse<\/a>\r\n            <\/div>\r\n    <div class=\"element element_1  excerpt \">\r\n        Les principaux carillon en Suisse o\u00f9 l'on peut entendre des concerts de carillon, sont les suivants: Concerts r\u00e9guliers:Zofingue, carillon de 25 cloches (do4 - do6),            <\/div>\r\n  <\/div>\n    <\/div>\n  <\/div><div class=\"item item-6441 skin flat odd 15 \">\n        <div class=\"layer-wrapper layout-\">\n        <div class=\"layer-media\"><a href=\"https:\/\/www.carillons.ch\/blog\/concerts-de-carillon-a-lens-vs\/\"><img decoding=\"async\" alt=\"carillon-lens_Fotor\" src=\"https:\/\/www.carillons.ch\/blog\/wp-content\/uploads\/carillon-lens_Fotor-300x229.jpg\" \/><\/a><\/div>\n  <div class=\"layer-content\">\n        <div class=\"element element_0  title_link \">\r\n                    <a target=\"_parent\"\r\n                href=\"https:\/\/www.carillons.ch\/blog\/concerts-de-carillon-a-lens-vs\/\">Carillon de Lens (VS) et concerts<\/a>\r\n            <\/div>\r\n    <div class=\"element element_1  excerpt \">\r\n        Lens VS, Eglise Saint-Pierre-aux-Liens 24 cloches (do3, fa3, sol3, la3 - fa5) 2 R\u00fcetschi 1958, 21 R\u00fcetschi 1967, 1 R\u00fcetschi 1995 Le carillon de Lens            <\/div>\r\n  <\/div>\n    <\/div>\n  <\/div><div class=\"item item-5501 skin flat even 16 \">\n        <div class=\"layer-wrapper layout-\">\n        <div class=\"layer-media\"><a href=\"https:\/\/www.carillons.ch\/blog\/le-patrimoine-campanaire-fribourgeois\/\"><img decoding=\"async\" alt=\"patrimoine campanaire\" src=\"https:\/\/www.carillons.ch\/blog\/wp-content\/uploads\/patrimoine-campanaire-298x300.jpg\" \/><\/a><\/div>\n  <div class=\"layer-content\">\n        <div class=\"element element_0  title_link \">\r\n                    <a target=\"_parent\"\r\n                href=\"https:\/\/www.carillons.ch\/blog\/le-patrimoine-campanaire-fribourgeois\/\">Le patrimoine campanaire fribourgeois<\/a>\r\n            <\/div>\r\n    <div class=\"element element_1  excerpt \">\r\n        Un cahier sur le th\u00e8me des cloches (\u201eLe patrimoine campanaire fribourgeois\u201c) de la revue Pro Fribourg. Le service de conservation des monuments du canton a            <\/div>\r\n  <\/div>\n    <\/div>\n  <\/div><div class=\"item item-4712 skin flat odd 17 \">\n        <div class=\"layer-wrapper layout-\">\n        <div class=\"layer-media\"><a href=\"https:\/\/www.carillons.ch\/blog\/concerts-de-carillon-a-carouge\/\"><img decoding=\"async\" alt=\"\" src=\"https:\/\/www.carillons.ch\/blog\/wp-content\/uploads\/carouge-300x187.jpg\" \/><\/a><\/div>\n  <div class=\"layer-content\">\n        <div class=\"element element_0  title_link \">\r\n                    <a target=\"_parent\"\r\n                href=\"https:\/\/www.carillons.ch\/blog\/concerts-de-carillon-a-carouge\/\">Carillon de Carouge et concerts<\/a>\r\n            <\/div>\r\n    <div class=\"element element_1  excerpt \">\r\n        Carouge GE, Eglise Sainte-CroixConcerts au carillon de Carouge. Place du march\u00e9 devant l'\u00e9glise pour \u00e9couter le carillon.36 cloches (fa#3, sol#3 - fa#6)1 Aubry XVII, 1            <\/div>\r\n  <\/div>\n    <\/div>\n  <\/div><div class=\"item item-4689 skin flat even 18 \">\n        <div class=\"layer-wrapper layout-\">\n        <div class=\"layer-media\"><a href=\"https:\/\/www.carillons.ch\/blog\/concerts-de-carillon-a-labbaye-de-saint-maurice\/\"><img decoding=\"async\" alt=\"\" src=\"https:\/\/www.carillons.ch\/blog\/wp-content\/uploads\/carillon-st-maurice-300x163.jpg\" \/><\/a><\/div>\n  <div class=\"layer-content\">\n        <div class=\"element element_0  title_link \">\r\n                    <a target=\"_parent\"\r\n                href=\"https:\/\/www.carillons.ch\/blog\/concerts-de-carillon-a-labbaye-de-saint-maurice\/\">Carillon de l&rsquo;Abbaye de Saint-Maurice et concerts<\/a>\r\n            <\/div>\r\n    <div class=\"element element_1  excerpt \">\r\n        Concerts occasionnels au grand carillon de l'Abbaye de Saint-Maurice. Le carillon de Saint-Maurice compte 49 cloches, pour un poids total d'environ 14 tonnes de bronze.Saint-Maurice            <\/div>\r\n  <\/div>\n    <\/div>\n  <\/div><div class=\"item item-3243 skin flat odd 19 \">\n        <div class=\"layer-wrapper layout-\">\n        <div class=\"layer-media\"><a href=\"https:\/\/www.carillons.ch\/blog\/carillon-dexercice-le-clavion\/\"><img decoding=\"async\" alt=\"clavion\" src=\"https:\/\/www.carillons.ch\/blog\/wp-content\/uploads\/Clavion-akoestisch4-300x225.jpeg\" \/><\/a><\/div>\n  <div class=\"layer-content\">\n        <div class=\"element element_0  title_link \">\r\n                    <a target=\"_parent\"\r\n                href=\"https:\/\/www.carillons.ch\/blog\/carillon-dexercice-le-clavion\/\">Carillon d&rsquo;exercice \/ Le Clavion<\/a>\r\n            <\/div>\r\n    <div class=\"element element_1  excerpt \">\r\n        clavion: carillon d'appartement de 4 octaves et p\u00e9dalier d'une octave et demie ,chez Daniel Thomas, membre de la guilde des carillonneurs et campanologues suisses            <\/div>\r\n  <\/div>\n    <\/div>\n  <\/div><div class=\"item item-2066 skin flat even 20 \">\n        <div class=\"layer-wrapper layout-\">\n        <div class=\"layer-media\"><a class=\"custom\" href=\"https:\/\/www.carillons.ch\/blog\/construire-un-carillon\/\"><img decoding=\"async\" src=\"https:\/\/www.carillons.ch\/blog\/wp-content\/plugins\/post-grid\/assets\/images\/placeholder.png\" \/><\/a><\/div>\n  <div class=\"layer-content\">\n        <div class=\"element element_0  title_link \">\r\n                    <a target=\"_parent\"\r\n                href=\"https:\/\/www.carillons.ch\/blog\/construire-un-carillon\/\">Construire un carillon?<\/a>\r\n            <\/div>\r\n    <div class=\"element element_1  excerpt \">\r\n        Construire un carillon? QU'EST-CE QUE C'EST QU'UN CARILLON? Un carillon est un instrument de musique, compos\u00e9 de cloches accord\u00e9es en bronze. Il existe en Suisse            <\/div>\r\n  <\/div>\n    <\/div>\n  <\/div>    <\/div>\n    <div class=\"pagination\">\n      <div class=\"paginate\">\n      <\/div>\n  <style type=\"text\/css\">\n    #post-grid-11648 .pagination .page-numbers {\n      font-size: 16px;\n      color: #fff;\n      background: #646464;\n    }\n\n    #post-grid-11648 .pagination .page-numbers:hover,\n    #post-grid-11648 .pagination .page-numbers.current {\n      background: #4b4b4b;\n    }\n  <\/style>\n  <\/div>\n      <style type=\"text\/css\">\n      \/*Write your CSS code here*\/    <\/style>\n      <script>\n          \/*Write your js code here*\/          <\/script>\n    <style type=\"text\/css\">\n    #post-grid-11648 .element_0 {\n      font-size:14px;padding:1px;float: left;    }\n\n    #post-grid-11648 .element_1 {\n      display: block;font-size: 11px;padding: 2px 3px;text-align: left;float: left;    }\n\n    #post-grid-11648 .element_0:hover{}#post-grid-11648 .element_1:hover{}  <\/style>\n  <style type=\"text\/css\">\n    #post-grid-11648 {\n      padding: 1px;\n      background-color: #fff;\n          }\n\n    #post-grid-11648 .item {\n      padding: 0px;\n      background: #fff;\n          }\n\n    #post-grid-11648 .item .layer-media {\n      height:auto;    }\n\n    @media only screen and (min-width: 0px) and (max-width: 767px) {\n      #post-grid-11648 .grid-items {\n        text-align: center;\n              }\n\n      #post-grid-11648 .item {\n        width: 90%;\n        margin: 10px;\n        display: inline-block;\n        vertical-align: top;\n        height:auto;      }\n    }\n\n    @media only screen and (min-width: 768px) and (max-width: 1023px) {\n      #post-grid-11648 .grid-items {\n        text-align: center;\n              }\n\n      #post-grid-11648 .item {\n        width: 180px;\n        margin: 10px;\n        display: inline-block;\n        vertical-align: top;\n        max-height:auto;      }\n    }\n\n    @media only screen and (min-width: 1024px) {\n      #post-grid-11648 .grid-items {\n        text-align: center;\n              }\n\n      #post-grid-11648 .item {\n        width: 180px;\n        display: inline-block;\n        margin: 10px;\n        vertical-align: top;\n        height:auto;      }\n    }\n\n      <\/style>\n  <\/div>\n\n\n\n\n<p>Articles r\u00e9cents \u00ab\u00a0carillon\u00a0\u00bb du site carillons.ch<\/p>\n\n\n<div class='powr-rss-feed' id='bec78000_1484200140492'><\/div>\n\n\n\n<p>Articles r\u00e9cents de la page Facebook, cloches et carillons en Suisse: <a href=\"https:\/\/www.facebook.com\/Carillons.en.Suisse\/\" target=\"_blank\" rel=\"noreferrer noopener\" aria-label=\"https:\/\/www.facebook.com\/Carillons.en.Suisse\/ (s\u2019ouvre dans un nouvel onglet)\">https:\/\/www.facebook.com\/Carillons.en.Suisse\/<\/a><\/p>\n\n\n<p>[powr-facebook-feed id=0bddb14c_1484199810188]<\/p>\n","protected":false},"excerpt":{"rendered":"<p>Gilde der Carillonneure und Campanologen der SchweizGuilde des carillonneurs et campanologues suissesGuild of Carillonneurs and Campanologists of Switzerland Vous trouverez le site officiel de la guilde sur la page: http:\/\/www.campanae.ch\/ . Ici vous trouverez photos, videos, reportages et annonces d&rsquo;\u00e9v\u00e9nements campanaires li\u00e9s \u00e0 la guilde. Daniel Thomas est tr\u00e9sorier de cette association des carillonneurs. Revue de la Guilde\u2026 <span class=\"read-more\"><a href=\"https:\/\/www.carillons.ch\/blog\/cours-de-carillon\/\">Lire la suite &raquo;<\/a><\/span><\/p>\n","protected":false},"author":1,"featured_media":11645,"comment_status":"closed","ping_status":"closed","sticky":false,"template":"","format":"standard","meta":{"sfsi_plus_gutenberg_text_before_share":"","sfsi_plus_gutenberg_show_text_before_share":"","sfsi_plus_gutenberg_icon_type":"","sfsi_plus_gutenberg_icon_alignemt":"","sfsi_plus_gutenburg_max_per_row":"","_EventAllDay":false,"_EventTimezone":"","_EventStartDate":"","_EventEndDate":"","_EventStartDateUTC":"","_EventEndDateUTC":"","_EventShowMap":false,"_EventShowMapLink":false,"_EventURL":"","_EventCost":"","_EventCostDescription":"","_EventCurrencySymbol":"","_EventCurrencyCode":"","_EventCurrencyPosition":"","_EventDateTimeSeparator":"","_EventTimeRangeSeparator":"","_EventOrganizerID":[],"_EventVenueID":[],"_OrganizerEmail":"","_OrganizerPhone":"","_OrganizerWebsite":"","_VenueAddress":"","_VenueCity":"","_VenueCountry":"","_VenueProvince":"","_VenueState":"","_VenueZip":"","_VenuePhone":"","_VenueURL":"","_VenueStateProvince":"","_VenueLat":"","_VenueLng":"","_VenueShowMap":false,"_VenueShowMapLink":false,"footnotes":""},"categories":[677,58],"tags":[490,197,43],"class_list":["post-11497","post","type-post","status-publish","format-standard","has-post-thumbnail","hentry","category-28-federation-mondiale-du-carillon","category-gccs-guilde-des-carillonneurs-suisses","tag-carillon","tag-carillonneur","tag-cloches"],"_links":{"self":[{"href":"https:\/\/www.carillons.ch\/blog\/wp-json\/wp\/v2\/posts\/11497","targetHints":{"allow":["GET"]}}],"collection":[{"href":"https:\/\/www.carillons.ch\/blog\/wp-json\/wp\/v2\/posts"}],"about":[{"href":"https:\/\/www.carillons.ch\/blog\/wp-json\/wp\/v2\/types\/post"}],"author":[{"embeddable":true,"href":"https:\/\/www.carillons.ch\/blog\/wp-json\/wp\/v2\/users\/1"}],"replies":[{"embeddable":true,"href":"https:\/\/www.carillons.ch\/blog\/wp-json\/wp\/v2\/comments?post=11497"}],"version-history":[{"count":3,"href":"https:\/\/www.carillons.ch\/blog\/wp-json\/wp\/v2\/posts\/11497\/revisions"}],"predecessor-version":[{"id":11649,"href":"https:\/\/www.carillons.ch\/blog\/wp-json\/wp\/v2\/posts\/11497\/revisions\/11649"}],"wp:featuredmedia":[{"embeddable":true,"href":"https:\/\/www.carillons.ch\/blog\/wp-json\/wp\/v2\/media\/11645"}],"wp:attachment":[{"href":"https:\/\/www.carillons.ch\/blog\/wp-json\/wp\/v2\/media?parent=11497"}],"wp:term":[{"taxonomy":"category","embeddable":true,"href":"https:\/\/www.carillons.ch\/blog\/wp-json\/wp\/v2\/categories?post=11497"},{"taxonomy":"post_tag","embeddable":true,"href":"https:\/\/www.carillons.ch\/blog\/wp-json\/wp\/v2\/tags?post=11497"}],"curies":[{"name":"wp","href":"https:\/\/api.w.org\/{rel}","templated":true}]}}