{"id":11713,"date":"2019-03-16T07:27:03","date_gmt":"2019-03-16T06:27:03","guid":{"rendered":"http:\/\/www.langages.ch\/blog\/?p=11713"},"modified":"2019-08-12T04:46:33","modified_gmt":"2019-08-12T03:46:33","slug":"2019-08-11-aout-anita-maik-musiques-avec-les-cloches","status":"publish","type":"post","link":"https:\/\/www.carillons.ch\/blog\/2019-08-11-aout-anita-maik-musiques-avec-les-cloches\/","title":{"rendered":"Anita &#038; Maik \u2013 musiques avec les cloches"},"content":{"rendered":"\n<p><strong>Concert<\/strong><\/p>\n\n\n\n<p><strong>Dimanche 11 ao\u00fbt 2019 \u00e0 17 h \u2013 \u00c9glise de Montheron<br>Anita &amp; Maik\u00a0\u2013\u00a0musiques avec les cloches<br>Sonnailles et clochettes accord\u00e9es en concert<br><\/strong>Laissez-vous surprendre par les m\u00e9lodies et rythmes qu\u2019Anita &amp; Maik Schreiner aiment jouer avec des cloches nombreuses et vari\u00e9es. Un concert plein d\u2019\u00e9motion, de vitalit\u00e9 et de fascination pour ces sonorit\u00e9s cristallines. De la musique classique au folklore jusqu\u2019au Rock\u2019n Roll. Depuis plus de 25 ans, Anita Schreiner de Suisse allemande et Maik Schreiner de la For\u00eat-Noire, sont en tourn\u00e9e avec leurs instruments inhabituels.\u00a0<\/p>\n\n\n\n<p>Le concert est donn\u00e9 deux fois : Dimanche 11 ao\u00fbt 2019 \u00e0 14 h \u2013 \u00c9glise St-Etienne de Bottens et dimanche 11 ao\u00fbt 2019 \u00e0 17 h \u2013 \u00c9glise de Montheron.<\/p>\n\n\n\n<p>Quelques accompagnements et interm\u00e8des aux orgues par Daniel Thomas.<\/p>\n\n\n\n<p><em>Entr\u00e9e libre, collecte.<\/em><\/p>\n\n\n\n<p>Au programme:<\/p>\n\n\n\n<p>&#8211; Barcarole de l\u00b4op\u00e9ra \u201eLes contes d\u2019Hoffmann\u201c (1851) de Jacques Offenbach Sonnailles &#8211; Midi<\/p>\n\n\n\n<p>&#8211; S\u00b4Guggerzytli (1940) Chanson populaire de la suisse centrale de Paul Weber et Sigi Meier&nbsp;Sonnailles &#8211; Accompagn\u00e9 par Daniel Thomas piano<\/p>\n\n\n\n<p>&#8211; Erinnerung (1956) musique folklorique de Slavko Avsenik Sonnailles &#8211; Accompagn\u00e9 par Daniel Thomas piano<\/p>\n\n\n\n<p>Carl Orff Jeux en une petite suite petit orgue<\/p>\n\n\n\n<p>&#8211; Ballade pour Adeline (1976) Paul de Senneville Sonnailles \u2013 Midi<\/p>\n\n\n\n<p>&#8211; Laudate omnes gentes (1978) Chant meditative de Taiz\u00e9 de Jacques B\u00e9rthier Clochettes<\/p>\n\n\n\n<p>Adrian Kousemaker Variations sur \u201cToen Hertog Jan\u201d orgue solo<\/p>\n\n\n\n<p>&#8211; An der sch\u00f6nen blauen Donau (1867) Johann Strauss Clochettes<\/p>\n\n\n\n<p>&#8211; Das Munotgl\u00f6cklein (1911) Richard Henschel (musique) et Ferdinand Buomberger (texte)  Sonnailles \u2013 Accompagn\u00e9 par Daniel Thomas piano&nbsp;<\/p>\n\n\n\n<p>&#8211; Die Moldau\/ Vltava (1874) Extrait de la symphonie de Friedrich Smetana Clochettes et sonnailles \u2013 Midi<\/p>\n\n\n\n<p>Piano solo, \u00e9quos aquatiques, rivi\u00e8res de la for\u00eat<\/p>\n\n\n\n<p>&#8211; Das klinget so herrlich (1791) Extrait de la La Fl\u00fbte enchant\u00e9e de Wolfgang Amadeus Mozart arrang\u00e9 pour Deskbells par Eric N\u00fcnlist Deskbells<\/p>\n\n\n\n<p>&#8211; The Bluebells of Scotland (1801) Chanson populaire de l\u00b4\u00c9cosse<\/p>\n\n\n\n<p>Deskbells &#8211; Accompagn\u00e9 par Daniel Thomas au piano ou \u00e0 l\u2019orgue ou jou\u00e9 en solo, en r\u00e9ponse, dialogue ou interm\u00e8de<\/p>\n\n\n\n<p>&#8211; So what\u00b4s new (1966) Bert Kaempfert Sonnailles \u2013 Midi<\/p>\n\n\n\n<p>Domenico Zipoli Partite, variations Orgue<\/p>\n\n\n\n<p>&#8211; Le ranz des vaches Chant traditionnel des armaillis Sonnailles &#8211; Accompagn\u00e9 par Daniel Thomas orgue<\/p>\n\n\n\n<p>&#8211; Grosser Gott, wir loben dich (1771) Chant d\u00b4\u00e9glise de Ignaz Franz  Sonnailles &#8211; Accompagn\u00e9 par Daniel Thomas orgue<\/p>\n\n\n\n<figure><iframe loading=\"lazy\" width=\"880\" height=\"495\" src=\"https:\/\/www.youtube.com\/embed\/pLYs2W7_ekg?feature=oembed\" allowfullscreen=\"\"><\/iframe><\/figure>\n\n\n\n<p>Moldau \u2013 Kuhglocken\/ Stabglocken&nbsp;<\/p>\n\n\n\n<p>Mismo sol \u2013 Kuhglocken\/ Stabglocken&nbsp;<\/p>\n\n\n\n<figure><iframe loading=\"lazy\" width=\"880\" height=\"495\" src=\"https:\/\/www.youtube.com\/embed\/niY3FDsF9WE?feature=oembed\" allowfullscreen=\"\"><\/iframe><\/figure>\n\n\n\n<p>Schluss:<\/p>\n\n\n\n<p>Lueged vu B\u00e4rge und Tal \u2013 Kuhglocken a capella oder mit Begleitung<\/p>\n\n\n\n<p>Site des artistes: <a href=\"http:\/\/glockenmusik.com\">http:\/\/glockenmusik.com<\/a><\/p>\n\n\n\n<figure class=\"wp-block-embed-youtube wp-block-embed is-type-video is-provider-youtube wp-embed-aspect-16-9 wp-has-aspect-ratio\"><div class=\"wp-block-embed__wrapper\">\n<iframe loading=\"lazy\" title=\"Glockenmusik.com\" width=\"665\" height=\"374\" src=\"https:\/\/www.youtube.com\/embed\/tohltuO8OoA?feature=oembed\" frameborder=\"0\" allow=\"accelerometer; autoplay; clipboard-write; encrypted-media; gyroscope; picture-in-picture; web-share\" referrerpolicy=\"strict-origin-when-cross-origin\" allowfullscreen><\/iframe>\n<\/div><\/figure>\n\n\n\n<figure class=\"wp-block-embed-wordpress wp-block-embed is-type-wp-embed is-provider-langages-ch-et-carillons-ch\"><div class=\"wp-block-embed__wrapper\">\nhttp:\/\/www.langages.ch\/blog\/cartes-et-horaires-des-bus-abbaye-de-montheron\/\n<\/div><\/figure>\n","protected":false},"excerpt":{"rendered":"<p>Concert Dimanche 11 ao\u00fbt 2019 \u00e0 17 h \u2013 \u00c9glise de MontheronAnita &amp; Maik\u00a0\u2013\u00a0musiques avec les clochesSonnailles et clochettes accord\u00e9es en concertLaissez-vous surprendre par les m\u00e9lodies et rythmes qu\u2019Anita &amp; Maik Schreiner aiment jouer avec des cloches nombreuses et vari\u00e9es. Un concert plein d\u2019\u00e9motion, de vitalit\u00e9 et de fascination pour ces sonorit\u00e9s cristallines. De la musique classique au\u2026 <span class=\"read-more\"><a href=\"https:\/\/www.carillons.ch\/blog\/2019-08-11-aout-anita-maik-musiques-avec-les-cloches\/\">Lire la suite &raquo;<\/a><\/span><\/p>\n","protected":false},"author":1,"featured_media":11714,"comment_status":"closed","ping_status":"closed","sticky":false,"template":"","format":"standard","meta":{"sfsi_plus_gutenberg_text_before_share":"","sfsi_plus_gutenberg_show_text_before_share":"","sfsi_plus_gutenberg_icon_type":"","sfsi_plus_gutenberg_icon_alignemt":"","sfsi_plus_gutenburg_max_per_row":"","_EventAllDay":false,"_EventTimezone":"","_EventStartDate":"","_EventEndDate":"","_EventStartDateUTC":"","_EventEndDateUTC":"","_EventShowMap":false,"_EventShowMapLink":false,"_EventURL":"","_EventCost":"","_EventCostDescription":"","_EventCurrencySymbol":"","_EventCurrencyCode":"","_EventCurrencyPosition":"","_EventDateTimeSeparator":"","_EventTimeRangeSeparator":"","_EventOrganizerID":[],"_EventVenueID":[],"_OrganizerEmail":"","_OrganizerPhone":"","_OrganizerWebsite":"","_VenueAddress":"","_VenueCity":"","_VenueCountry":"","_VenueProvince":"","_VenueState":"","_VenueZip":"","_VenuePhone":"","_VenueURL":"","_VenueStateProvince":"","_VenueLat":"","_VenueLng":"","_VenueShowMap":false,"_VenueShowMapLink":false,"footnotes":""},"categories":[9],"tags":[43,185,612],"class_list":["post-11713","post","type-post","status-publish","format-standard","has-post-thumbnail","hentry","category-carillon","tag-cloches","tag-cloches-a-la-main","tag-handbells"],"_links":{"self":[{"href":"https:\/\/www.carillons.ch\/blog\/wp-json\/wp\/v2\/posts\/11713","targetHints":{"allow":["GET"]}}],"collection":[{"href":"https:\/\/www.carillons.ch\/blog\/wp-json\/wp\/v2\/posts"}],"about":[{"href":"https:\/\/www.carillons.ch\/blog\/wp-json\/wp\/v2\/types\/post"}],"author":[{"embeddable":true,"href":"https:\/\/www.carillons.ch\/blog\/wp-json\/wp\/v2\/users\/1"}],"replies":[{"embeddable":true,"href":"https:\/\/www.carillons.ch\/blog\/wp-json\/wp\/v2\/comments?post=11713"}],"version-history":[{"count":9,"href":"https:\/\/www.carillons.ch\/blog\/wp-json\/wp\/v2\/posts\/11713\/revisions"}],"predecessor-version":[{"id":12291,"href":"https:\/\/www.carillons.ch\/blog\/wp-json\/wp\/v2\/posts\/11713\/revisions\/12291"}],"wp:featuredmedia":[{"embeddable":true,"href":"https:\/\/www.carillons.ch\/blog\/wp-json\/wp\/v2\/media\/11714"}],"wp:attachment":[{"href":"https:\/\/www.carillons.ch\/blog\/wp-json\/wp\/v2\/media?parent=11713"}],"wp:term":[{"taxonomy":"category","embeddable":true,"href":"https:\/\/www.carillons.ch\/blog\/wp-json\/wp\/v2\/categories?post=11713"},{"taxonomy":"post_tag","embeddable":true,"href":"https:\/\/www.carillons.ch\/blog\/wp-json\/wp\/v2\/tags?post=11713"}],"curies":[{"name":"wp","href":"https:\/\/api.w.org\/{rel}","templated":true}]}}