{"id":11759,"date":"2019-03-17T07:33:01","date_gmt":"2019-03-17T06:33:01","guid":{"rendered":"http:\/\/www.langages.ch\/blog\/?p=11759"},"modified":"2019-09-10T08:15:10","modified_gmt":"2019-09-10T06:15:10","slug":"11759-2","status":"publish","type":"post","link":"https:\/\/www.carillons.ch\/blog\/11759-2\/","title":{"rendered":"L\u2019art du carillon en Suisse et \u00e0 Pully"},"content":{"rendered":"\n<h4 class=\"wp-block-heading\">L\u2019art du carillon en Suisse, et visite du carillon de 48 cloches de Pully<\/h4>\n\n\n\n<p>Cette conf\u00e9rence peut \u00eatre propos\u00e9e sur demande pour un groupe, une famille ou une classe, vous pouvez la r\u00e9server sur la page de&nbsp;<a href=\"http:\/\/www.langages.ch\/blog\/contact\/\">contact<\/a>.<\/p>\n\n\n\n<p>Pr\u00e9sentation d\u2019aspects de l\u2019histoire des carillons en Suisse, des petits carillons traditionnels dans les montagnes, en Valais et au Tessin, aux grands carillons \u00e0 claviers en Suisse Romande. Evocation des \u00e9tapes de la fabrication des cloches de carillon.&nbsp;<br>Visite guid\u00e9e du carillon de Chantemerle et petit concert au carillon.&nbsp;L\u2019\u00e9glise de Pully-La-Rosiaz a \u00e9t\u00e9 inaugur\u00e9e le 26 avril 1953. Elle a \u00e9t\u00e9 construite avec une large tour, un beau clocher, un grand beffroi en pr\u00e9voyant l\u2019installation d\u2019un carillon. L\u2019emplacement de l\u2019\u00e9glise construite par l\u2019architecte lausannois Paul Lavenex est d\u2019une beaut\u00e9 exceptionnelle. Elle jouit d\u2019un tr\u00e8s belle situation, dominant l\u2019esplanade de Chantemerle, avec son jardin et un balcon ouvert sur le lac L\u00e9man et des Alpes de Savoie.&nbsp;Le Carillon de Chantemerle avec ses 4 octaves et 48 cloches s\u2019est agrandi au printemps 2014 en recevant 24 nouvelles cloches. Il permet un tr\u00e8s riche, sensible et expressif jeu musical, proche du piano, percussion toute en nuances.&nbsp;Partie de la visite en plein air, pr\u00e9voir une tenue adapt\u00e9e.<\/p>\n\n\n\n<p>D\u00e9couvrez les carillons suisses !<\/p>\n\n\n\n<figure class=\"wp-block-image\"><img loading=\"lazy\" decoding=\"async\" width=\"591\" height=\"768\" src=\"http:\/\/www.langages.ch\/blog\/wp-content\/uploads\/carillons-suisses.jpg\" alt=\"\" class=\"wp-image-12150\" srcset=\"https:\/\/www.carillons.ch\/blog\/wp-content\/uploads\/carillons-suisses.jpg 591w, https:\/\/www.carillons.ch\/blog\/wp-content\/uploads\/carillons-suisses-115x150.jpg 115w, https:\/\/www.carillons.ch\/blog\/wp-content\/uploads\/carillons-suisses-231x300.jpg 231w\" sizes=\"auto, (max-width: 591px) 100vw, 591px\" \/><\/figure>\n\n\n\n<figure class=\"wp-block-embed-wordpress wp-block-embed is-type-wp-embed is-provider-langages-ch-et-carillons-ch\"><div class=\"wp-block-embed__wrapper\">\nhttp:\/\/www.langages.ch\/blog\/daniel-thomas-carillonneur\/\n<\/div><\/figure>\n\n\n\n<figure class=\"wp-block-embed-wordpress wp-block-embed is-type-wp-embed is-provider-langages-ch-et-carillons-ch\"><div class=\"wp-block-embed__wrapper\">\nhttp:\/\/www.langages.ch\/blog\/daniel-thomas-visites-guidees\/\n<\/div><\/figure>\n","protected":false},"excerpt":{"rendered":"<p>L\u2019art du carillon en Suisse, et visite du carillon de 48 cloches de Pully Cette conf\u00e9rence peut \u00eatre propos\u00e9e sur demande pour un groupe, une famille ou une classe, vous pouvez la r\u00e9server sur la page de&nbsp;contact. Pr\u00e9sentation d\u2019aspects de l\u2019histoire des carillons en Suisse, des petits carillons traditionnels dans les montagnes, en Valais et au Tessin, aux\u2026 <span class=\"read-more\"><a href=\"https:\/\/www.carillons.ch\/blog\/11759-2\/\">Lire la suite &raquo;<\/a><\/span><\/p>\n","protected":false},"author":1,"featured_media":11763,"comment_status":"closed","ping_status":"closed","sticky":false,"template":"","format":"standard","meta":{"sfsi_plus_gutenberg_text_before_share":"","sfsi_plus_gutenberg_show_text_before_share":"","sfsi_plus_gutenberg_icon_type":"","sfsi_plus_gutenberg_icon_alignemt":"","sfsi_plus_gutenburg_max_per_row":"","_EventAllDay":false,"_EventTimezone":"","_EventStartDate":"","_EventEndDate":"","_EventStartDateUTC":"","_EventEndDateUTC":"","_EventShowMap":false,"_EventShowMapLink":false,"_EventURL":"","_EventCost":"","_EventCostDescription":"","_EventCurrencySymbol":"","_EventCurrencyCode":"","_EventCurrencyPosition":"","_EventDateTimeSeparator":"","_EventTimeRangeSeparator":"","_EventOrganizerID":[],"_EventVenueID":[],"_OrganizerEmail":"","_OrganizerPhone":"","_OrganizerWebsite":"","_VenueAddress":"","_VenueCity":"","_VenueCountry":"","_VenueProvince":"","_VenueState":"","_VenueZip":"","_VenuePhone":"","_VenueURL":"","_VenueStateProvince":"","_VenueLat":"","_VenueLng":"","_VenueShowMap":false,"_VenueShowMapLink":false,"footnotes":""},"categories":[9,638],"tags":[199,43,205,198,189],"class_list":["post-11759","post","type-post","status-publish","format-standard","has-post-thumbnail","hentry","category-carillon","category-conference","tag-beffroi","tag-cloches","tag-conference","tag-tour","tag-visite-guidee"],"_links":{"self":[{"href":"https:\/\/www.carillons.ch\/blog\/wp-json\/wp\/v2\/posts\/11759","targetHints":{"allow":["GET"]}}],"collection":[{"href":"https:\/\/www.carillons.ch\/blog\/wp-json\/wp\/v2\/posts"}],"about":[{"href":"https:\/\/www.carillons.ch\/blog\/wp-json\/wp\/v2\/types\/post"}],"author":[{"embeddable":true,"href":"https:\/\/www.carillons.ch\/blog\/wp-json\/wp\/v2\/users\/1"}],"replies":[{"embeddable":true,"href":"https:\/\/www.carillons.ch\/blog\/wp-json\/wp\/v2\/comments?post=11759"}],"version-history":[{"count":7,"href":"https:\/\/www.carillons.ch\/blog\/wp-json\/wp\/v2\/posts\/11759\/revisions"}],"predecessor-version":[{"id":12513,"href":"https:\/\/www.carillons.ch\/blog\/wp-json\/wp\/v2\/posts\/11759\/revisions\/12513"}],"wp:featuredmedia":[{"embeddable":true,"href":"https:\/\/www.carillons.ch\/blog\/wp-json\/wp\/v2\/media\/11763"}],"wp:attachment":[{"href":"https:\/\/www.carillons.ch\/blog\/wp-json\/wp\/v2\/media?parent=11759"}],"wp:term":[{"taxonomy":"category","embeddable":true,"href":"https:\/\/www.carillons.ch\/blog\/wp-json\/wp\/v2\/categories?post=11759"},{"taxonomy":"post_tag","embeddable":true,"href":"https:\/\/www.carillons.ch\/blog\/wp-json\/wp\/v2\/tags?post=11759"}],"curies":[{"name":"wp","href":"https:\/\/api.w.org\/{rel}","templated":true}]}}