{"id":12209,"date":"2019-06-08T05:13:30","date_gmt":"2019-06-08T04:13:30","guid":{"rendered":"http:\/\/www.langages.ch\/blog\/?p=12209"},"modified":"2019-07-03T04:41:07","modified_gmt":"2019-07-03T03:41:07","slug":"2019-06-14-juin-carillons-feministes-a-geneve","status":"publish","type":"post","link":"https:\/\/www.carillons.ch\/blog\/2019-06-14-juin-carillons-feministes-a-geneve\/","title":{"rendered":"Carillons f\u00e9ministes \u00e0 Gen\u00e8ve, le 14 juin 2019"},"content":{"rendered":"\n<p>Vendredi 14 juin 2019 \u00e0 11 h 15 et \u00e0 15 h 30 pour le d\u00e9fil\u00e9 de la Gr\u00e8ve des femmes.<\/p>\n\n\n\n<p>Deux concerts de carillon par Daniel Thomas au carillon de 37 cloches de la Cath\u00e9drale de Gen\u00e8ve.<\/p>\n\n\n\n<p>&nbsp;Journ\u00e9e du 14 juin pour les cloches de la Cath\u00e9drale :<\/p>\n\n\n\n<ul class=\"wp-block-list\"><li>11h00 &#8211; 11h15 : Son des cloches pour l&rsquo;action symbolique nationale. La Cl\u00e9mence commence toute seule de 11h00 \u00e0 11h05 puis les autres cloches s&rsquo;en m\u00ealeront.<\/li><li>11h15 &#8211; 11h59 : Carillons f\u00e9ministes avec Daniel Thomas<\/li><li>15h24-15h30 : Son de la Cl\u00e9mence pour l&rsquo;action symbolique nationale<\/li><li>15h30-15h59 : Carillons f\u00e9ministes avec Daniel Thomas (pas au-del\u00e0 car le rassemblement \u00e0 Plainpalais commence \u00e0 16h00)<\/li><\/ul>\n\n\n\n<p>Programme du carillon : Daniel Thomas au carillon<\/p>\n\n\n\n<p>Hymne f\u00e9ministe suisse &#8211;&nbsp; C&rsquo;est la gr\u00e8ve f\u00e9ministe (Sebben che siamo donne &#8211; La lega )<\/p>\n\n\n\n<p>Allez les filles&nbsp; &#8211; Reprise de debout les gars d&rsquo;Hugues Aufray&nbsp;<\/p>\n\n\n\n<p>Hymne des femmes &#8211; MLF<\/p>\n\n\n\n<p>On parle de parit\u00e9 &#8211; Femmouzes T<\/p>\n\n\n\n<p>Gospel-Resistance&nbsp; rivival chorus&nbsp; The Rich\u2019s Man Hous<\/p>\n\n\n\n<p>La femme est l&rsquo;avenir de l\u2019homme &#8211; Jean Ferrat&nbsp;<\/p>\n\n\n\n<p>Balance ton quoi &#8211; Ang\u00e8le<\/p>\n\n\n\n<p>Douce Maison &#8211; Anne Sylvestre<\/p>\n\n\n\n<p>Behind the wall &#8211; Tracy Chapman<\/p>\n\n\n\n<p>Feeling good &#8211; Nina Simone<\/p>\n\n\n\n<p>Le tango della feminista<\/p>\n\n\n\n<p>You don&rsquo;t own me&nbsp; &#8211;&nbsp; Lesley Gore<\/p>\n\n\n\n<p>Sebben che siamo donne&nbsp;paura non abbiamo<\/p>\n\n\n\n<p>Hymne des Femmes Nous qui sommes sans pass\u00e9<\/p>\n\n\n\n<p>On parle de parit\u00e9 -Femmouzes T<\/p>\n\n\n\n<p>Gospel-Resistance  rivival chorus<\/p>\n\n\n\n<figure class=\"wp-block-embed-wordpress wp-block-embed is-type-wp-embed is-provider-langages-ch-et-carillons-ch\"><div class=\"wp-block-embed__wrapper\">\nhttp:\/\/www.langages.ch\/blog\/concerts-de-carillon-a-la-cathedrale-de-geneve\/\n<\/div><\/figure>\n\n\n\n<figure class=\"wp-block-embed-wordpress wp-block-embed is-type-wp-embed is-provider-langages-ch-et-carillons-ch\"><div class=\"wp-block-embed__wrapper\">\nhttp:\/\/www.langages.ch\/blog\/daniel-thomas-carillonneur\/\n<\/div><\/figure>\n\n\n\n<p>Site de la choral f\u00e9ministe, choix des chants jou\u00e9s:<\/p>\n\n\n\n<p><a href=\"https:\/\/nananairchorale.wixsite.com\/monsite\/nos-chants\">https:\/\/nananairchorale.wixsite.com\/monsite\/nos-chants<\/a><\/p>\n","protected":false},"excerpt":{"rendered":"<p>Vendredi 14 juin 2019 \u00e0 11 h 15 et \u00e0 15 h 30 pour le d\u00e9fil\u00e9 de la Gr\u00e8ve des femmes. Deux concerts de carillon par Daniel Thomas au carillon de 37 cloches de la Cath\u00e9drale de Gen\u00e8ve. &nbsp;Journ\u00e9e du 14 juin pour les cloches de la Cath\u00e9drale : 11h00 &#8211; 11h15 : Son des cloches pour l&rsquo;action\u2026 <span class=\"read-more\"><a href=\"https:\/\/www.carillons.ch\/blog\/2019-06-14-juin-carillons-feministes-a-geneve\/\">Lire la suite &raquo;<\/a><\/span><\/p>\n","protected":false},"author":1,"featured_media":12210,"comment_status":"closed","ping_status":"closed","sticky":false,"template":"","format":"standard","meta":{"sfsi_plus_gutenberg_text_before_share":"","sfsi_plus_gutenberg_show_text_before_share":"","sfsi_plus_gutenberg_icon_type":"","sfsi_plus_gutenberg_icon_alignemt":"","sfsi_plus_gutenburg_max_per_row":"","_EventAllDay":false,"_EventTimezone":"","_EventStartDate":"","_EventEndDate":"","_EventStartDateUTC":"","_EventEndDateUTC":"","_EventShowMap":false,"_EventShowMapLink":false,"_EventURL":"","_EventCost":"","_EventCostDescription":"","_EventCurrencySymbol":"","_EventCurrencyCode":"","_EventCurrencyPosition":"","_EventDateTimeSeparator":"","_EventTimeRangeSeparator":"","_EventOrganizerID":[],"_EventVenueID":[],"_OrganizerEmail":"","_OrganizerPhone":"","_OrganizerWebsite":"","_VenueAddress":"","_VenueCity":"","_VenueCountry":"","_VenueProvince":"","_VenueState":"","_VenueZip":"","_VenuePhone":"","_VenueURL":"","_VenueStateProvince":"","_VenueLat":"","_VenueLng":"","_VenueShowMap":false,"_VenueShowMapLink":false,"footnotes":""},"categories":[9],"tags":[],"class_list":["post-12209","post","type-post","status-publish","format-standard","has-post-thumbnail","hentry","category-carillon"],"_links":{"self":[{"href":"https:\/\/www.carillons.ch\/blog\/wp-json\/wp\/v2\/posts\/12209","targetHints":{"allow":["GET"]}}],"collection":[{"href":"https:\/\/www.carillons.ch\/blog\/wp-json\/wp\/v2\/posts"}],"about":[{"href":"https:\/\/www.carillons.ch\/blog\/wp-json\/wp\/v2\/types\/post"}],"author":[{"embeddable":true,"href":"https:\/\/www.carillons.ch\/blog\/wp-json\/wp\/v2\/users\/1"}],"replies":[{"embeddable":true,"href":"https:\/\/www.carillons.ch\/blog\/wp-json\/wp\/v2\/comments?post=12209"}],"version-history":[{"count":5,"href":"https:\/\/www.carillons.ch\/blog\/wp-json\/wp\/v2\/posts\/12209\/revisions"}],"predecessor-version":[{"id":12243,"href":"https:\/\/www.carillons.ch\/blog\/wp-json\/wp\/v2\/posts\/12209\/revisions\/12243"}],"wp:featuredmedia":[{"embeddable":true,"href":"https:\/\/www.carillons.ch\/blog\/wp-json\/wp\/v2\/media\/12210"}],"wp:attachment":[{"href":"https:\/\/www.carillons.ch\/blog\/wp-json\/wp\/v2\/media?parent=12209"}],"wp:term":[{"taxonomy":"category","embeddable":true,"href":"https:\/\/www.carillons.ch\/blog\/wp-json\/wp\/v2\/categories?post=12209"},{"taxonomy":"post_tag","embeddable":true,"href":"https:\/\/www.carillons.ch\/blog\/wp-json\/wp\/v2\/tags?post=12209"}],"curies":[{"name":"wp","href":"https:\/\/api.w.org\/{rel}","templated":true}]}}