{"id":12834,"date":"2019-09-21T21:49:18","date_gmt":"2019-09-21T19:49:18","guid":{"rendered":"http:\/\/www.langages.ch\/blog\/?p=12834"},"modified":"2020-04-14T10:34:54","modified_gmt":"2020-04-14T08:34:54","slug":"presentation-du-site-langages","status":"publish","type":"post","link":"https:\/\/www.carillons.ch\/blog\/presentation-du-site-langages\/","title":{"rendered":"Pr\u00e9sentation du site langages"},"content":{"rendered":"\n<p>Site&nbsp;<a href=\"http:\/\/www.langages.ch\/blog\/\">Langages.ch<\/a>&nbsp;et&nbsp;<a href=\"http:\/\/www.carillons.ch\/blog\/\">carillons.ch<\/a><\/p>\n\n\n\n<p><em>Ce site est un floril\u00e8ge, une mosa\u00efque, un vitrail en multicouleurs d&rsquo;activit\u00e9s et manifestations diverses propos\u00e9es, organis\u00e9es, pr\u00e9sent\u00e9es, jou\u00e9es par le carillonneur et organiste suisse romand Daniel Thomas, licenci\u00e9 \u00e8s Lettres, auteur, r\u00e9alisateur du site.<\/em><\/p>\n\n\n\n<p>Site d&rsquo;annonce des manifestations organis\u00e9es par l&rsquo;Association des Amis de l&rsquo;<a href=\"http:\/\/www.langages.ch\/blog\/sujet\/associations\/aaam-abbaye-de-montheron\/\">Abbaye de Montheron<\/a>&nbsp;et l&rsquo;Association des Amis du&nbsp;<a href=\"http:\/\/www.langages.ch\/blog\/sujet\/associations\/aacc-carillon-de-chantemerle\/\">Carillon de Chantemerle<\/a>. Avec aussi des pages sur les&nbsp;<a href=\"http:\/\/www.langages.ch\/blog\/sujet\/musique\/carillon\/\">carillons suisses<\/a>&nbsp;et leurs&nbsp;<a href=\"http:\/\/www.langages.ch\/blog\/events\/categorie\/agenda\/instrument\/carillon\/\">concerts<\/a>.<\/p>\n\n\n\n<p><em>Parler avec la musique, avec les langues, avec la peinture, d\u00e9couvrir les voies du langage sous ses diff\u00e9rentes formes, en gestes, en signes, en traits, en sons, un chemin \u00e0 suivre, une voie en devenir, sur le langage des terriens, sur leurs fa\u00e7ons de crier, de dire leur \u00eatre et leur profond sens en un chemin en cours, venez, parlez, chantez, \u00e9coutez ces voix des terriens, et leurs sons !<\/em> <\/p>\n\n\n\n<p>Plan du site : <\/p>\n\n\n<div id=\"pl-gb12834-69f4edcb9cbd0\"  class=\"panel-layout\" ><div id=\"pg-gb12834-69f4edcb9cbd0-0\"  class=\"panel-grid panel-no-style\" ><div id=\"pgc-gb12834-69f4edcb9cbd0-0-0\"  class=\"panel-grid-cell\" ><div id=\"panel-gb12834-69f4edcb9cbd0-0-0-0\" class=\"so-panel widget widget_nav_menu panel-first-child panel-last-child\" data-index=\"0\" ><h3 class=\"widget-title\">Index Plan du Site<\/h3><div class=\"menu-plan-du-site-container\"><ul id=\"menu-plan-du-site\" class=\"menu\"><li id=\"menu-item-14152\" class=\"menu-item menu-item-type-post_type menu-item-object-page menu-item-14152\"><a href=\"https:\/\/www.carillons.ch\/blog\/menus-index-du-site-carillons-ch\/\" title=\"Menus, index du site carillons.ch\">Plan \/ Les \u00ab\u00a0menus ou index\u00a0\u00bb du site !<\/a><\/li>\n<li id=\"menu-item-13057\" class=\"menu-item menu-item-type-post_type menu-item-object-page menu-item-13057\"><a href=\"https:\/\/www.carillons.ch\/blog\/plan-du-site\/categories\/\" title=\"Toutes les \u00ab cat\u00e9gories \u00bb du site ! Orgue ou guitare ? \">Les \u00ab\u00a0cat\u00e9gories\u00a0\u00bb ! Orgue ou guitare ?<\/a><\/li>\n<li id=\"menu-item-13056\" class=\"menu-item menu-item-type-post_type menu-item-object-page menu-item-13056\"><a href=\"https:\/\/www.carillons.ch\/blog\/plan-du-site\/mots-cles\/\" title=\"Tous les \u00ab mots-cl\u00e9s \u00bb du site ! Abbaye ou carillon ? \">Les \u00ab\u00a0mots-cl\u00e9s\u00a0\u00bb ! Abbaye ou carillon ?<\/a><\/li>\n<li id=\"menu-item-13060\" class=\"menu-item menu-item-type-post_type menu-item-object-page menu-item-13060\"><a href=\"https:\/\/www.carillons.ch\/blog\/plan-du-site\/pages\/\" title=\"Toutes les \u00ab pages \u00bb du site ! Articles ou pages ? \">Les \u00ab\u00a0pages\u00a0\u00bb ! Index ou nouvelles ?<\/a><\/li>\n<li id=\"menu-item-13059\" class=\"menu-item menu-item-type-post_type menu-item-object-page menu-item-13059\"><a href=\"https:\/\/www.carillons.ch\/blog\/plan-du-site\/articles\/\" title=\"Tous les \u00ab articles \u00bb du site ! Piano ou danse, histoire ? \">Les \u00ab\u00a0articles\u00a0\u00bb ! Piano ou danse ?<\/a><\/li>\n<li id=\"menu-item-13058\" class=\"menu-item menu-item-type-post_type menu-item-object-page menu-item-13058\"><a href=\"https:\/\/www.carillons.ch\/blog\/plan-du-site\/categories-devenements\/\" title=\"Toutes les \u00ab cat\u00e9gories d\u2019\u00e9v\u00e9nements \u00bb du site ! Concert, enfants ?\">Les \u00ab\u00a0cat\u00e9gories d&rsquo;\u00e9v\u00e9nements\u00a0\u00bb ! Concert ?<\/a><\/li>\n<li id=\"menu-item-13061\" class=\"menu-item menu-item-type-custom menu-item-object-custom menu-item-13061\"><a href=\"https:\/\/www.carillons.ch\/blog\/events\/categorie\/agenda\/mois\/\" title=\"Tous les \u00ab \u00e9v\u00e9nements \u00bb du site ! Luth ou balade ?\">Les \u00ab\u00a0\u00e9v\u00e9nements\u00a0\u00bb ! Luth ou balade ?<\/a><\/li>\n<\/ul><\/div><\/div><\/div><\/div><\/div>\n\n<div id=\"pl-gb12834-69f4edcb9e249\"  class=\"panel-layout\" ><div id=\"pg-gb12834-69f4edcb9e249-0\"  class=\"panel-grid panel-no-style\" ><div id=\"pgc-gb12834-69f4edcb9e249-0-0\"  class=\"panel-grid-cell panel-grid-cell-empty\" ><\/div><div id=\"pgc-gb12834-69f4edcb9e249-0-1\"  class=\"panel-grid-cell\" ><div id=\"panel-gb12834-69f4edcb9e249-0-1-0\" class=\"so-panel widget widget_sow-image panel-first-child panel-last-child\" data-index=\"0\" ><div\n\t\t\t\n\t\t\tclass=\"so-widget-sow-image so-widget-sow-image-default-8b5b6f678277-12834\"\n\t\t\t\n\t\t>\n<div class=\"sow-image-container\">\n\t\t<img \n\tsrc=\"https:\/\/www.carillons.ch\/blog\/wp-content\/uploads\/image-site-collage.jpg\" width=\"600\" height=\"183\" srcset=\"https:\/\/www.carillons.ch\/blog\/wp-content\/uploads\/image-site-collage.jpg 600w, https:\/\/www.carillons.ch\/blog\/wp-content\/uploads\/image-site-collage-150x46.jpg 150w, https:\/\/www.carillons.ch\/blog\/wp-content\/uploads\/image-site-collage-300x92.jpg 300w\" sizes=\"(max-width: 600px) 100vw, 600px\" alt=\"\" \t\tclass=\"so-widget-image\"\/>\n\t<\/div>\n\n<\/div><\/div><\/div><\/div><div id=\"pg-gb12834-69f4edcb9e249-1\"  class=\"panel-grid panel-no-style\" ><div id=\"pgc-gb12834-69f4edcb9e249-1-0\"  class=\"panel-grid-cell\" ><div id=\"panel-gb12834-69f4edcb9e249-1-0-0\" class=\"so-panel widget widget_sow-editor panel-first-child panel-last-child\" data-index=\"1\" ><div class=\"panel-widget-style panel-widget-style-for-gb12834-69f4edcb9e249-1-0-0\" ><div\n\t\t\t\n\t\t\tclass=\"so-widget-sow-editor so-widget-sow-editor-base\"\n\t\t\t\n\t\t>\n<div class=\"siteorigin-widget-tinymce textwidget\">\n\t<p>a<\/p>\n<p>s<\/p>\n<p>s<\/p>\n<p>o<\/p>\n<p>c<\/p>\n<p>i<\/p>\n<p>a<\/p>\n<p>t<\/p>\n<p>i<\/p>\n<p>o<\/p>\n<p>n<\/p>\n<p>s<\/p>\n<\/div>\n<\/div><\/div><\/div><\/div><div id=\"pgc-gb12834-69f4edcb9e249-1-1\"  class=\"panel-grid-cell panel-grid-cell-empty\" ><\/div><div id=\"pgc-gb12834-69f4edcb9e249-1-2\"  class=\"panel-grid-cell\" ><div id=\"panel-gb12834-69f4edcb9e249-1-2-0\" class=\"so-panel widget widget_nav_menu panel-first-child panel-last-child\" data-index=\"2\" ><h3 class=\"widget-title\">Index \/ Associations, collaborations<\/h3><div class=\"menu-02-autres-associations-en-lien-container\"><ul id=\"menu-02-autres-associations-en-lien\" class=\"menu\"><li id=\"menu-item-14318\" class=\"menu-item menu-item-type-post_type menu-item-object-page menu-item-14318\"><a href=\"https:\/\/www.carillons.ch\/blog\/index-ville-de-lausanne\/\" title=\"Index Ville de Lausanne\">VILLE DE LAUSANNE<\/a><\/li>\n<li id=\"menu-item-14218\" class=\"menu-item menu-item-type-post_type menu-item-object-page menu-item-14218\"><a href=\"https:\/\/www.carillons.ch\/blog\/index-chapelle-du-clos-des-abbayes\/\" title=\"Index Chapelle du Clos des Abbayes, chapelle et ancienne grange viticole cistercienne du D\u00e9zaley pr\u00e8s Rivaz appartenant \u00e0 la Ville de Lausanne\">.. CHAPELLE DU CLOS DES ABBAYES<\/a><\/li>\n<li id=\"menu-item-13503\" class=\"menu-item menu-item-type-post_type menu-item-object-page menu-item-13503\"><a href=\"https:\/\/www.carillons.ch\/blog\/index-parc-naturel-du-jorat\/\" title=\"Activit\u00e9s \u00e0 Montheron dans le cadre du Parc Naturel P\u00e9riurbain du Jorat sur le territoire de la Ville de Lausanne\">.. PARC NATUREL DU JORAT<\/a><\/li>\n<li id=\"menu-item-13482\" class=\"menu-item menu-item-type-post_type menu-item-object-page menu-item-13482\"><a href=\"https:\/\/www.carillons.ch\/blog\/index-passeport-vacances-de-la-region-lausannoise\/\" title=\"Index Passeport-Vacances de la r\u00e9gion Lausannoise\">.. PASSEPORT-VACANCES LAUSANNE<\/a><\/li>\n<li id=\"menu-item-14319\" class=\"menu-item menu-item-type-post_type menu-item-object-page menu-item-14319\"><a href=\"https:\/\/www.carillons.ch\/blog\/index-fete-de-la-musique-de-lausanne\/\" title=\"Index F\u00eate de la Musique de Lausanne\">.. FETE DE LA MUSIQUE DE LAUSANNE<\/a><\/li>\n<li id=\"menu-item-13447\" class=\"menu-item menu-item-type-post_type menu-item-object-page menu-item-13447\"><a href=\"https:\/\/www.carillons.ch\/blog\/index-visites-de-luniversite-populaire-de-lausanne\/\" title=\"Index Visites de l&rsquo;Universit\u00e9 Populaire de Lausanne\">.. UNIVERSIT\u00c9 POPULAIRE DE LAUSANNE<\/a><\/li>\n<li id=\"menu-item-13495\" class=\"menu-item menu-item-type-post_type menu-item-object-page menu-item-13495\"><a href=\"https:\/\/www.carillons.ch\/blog\/index-je-trottine-dans-ma-ville\/\" title=\"Index activit\u00e9s avec Je trottine dans ma ville\">.. JE TROTTINE &#8230; &#8230; &#8230; dans ma ville<\/a><\/li>\n<li id=\"menu-item-14120\" class=\"menu-item menu-item-type-post_type menu-item-object-page menu-item-14120\"><a href=\"https:\/\/www.carillons.ch\/blog\/index-paroisse-du-haut-talent\/\" title=\"Index Paroisse du Haut-Talent\">PAROISSE DU HAUT-TALENT<\/a><\/li>\n<li id=\"menu-item-14116\" class=\"menu-item menu-item-type-post_type menu-item-object-page menu-item-14116\"><a href=\"https:\/\/www.carillons.ch\/blog\/index-terre-nouvelle\/\" title=\"Index Terre Nouvelle et le SECAAR \/ Concerts d&rsquo;entraide\">.. TERRE NOUVELLE<\/a><\/li>\n<li id=\"menu-item-14205\" class=\"menu-item menu-item-type-post_type menu-item-object-page menu-item-14205\"><a href=\"https:\/\/www.carillons.ch\/blog\/index-paroisse-st-etienne-de-bottens\/\" title=\"Index Paroisse St-Etienne de Bottens, \u00e9glise, orgues\">PAROISSE ST-ETIENNE DE BOTTENS<\/a><\/li>\n<li id=\"menu-item-14333\" class=\"menu-item menu-item-type-post_type menu-item-object-page menu-item-14333\"><a href=\"https:\/\/www.carillons.ch\/blog\/index-ville-de-pully\/\" title=\"Index Ville de Pully, collaborations\">VILLE DE PULLY<\/a><\/li>\n<li id=\"menu-item-14334\" class=\"menu-item menu-item-type-post_type menu-item-object-page menu-item-14334\"><a href=\"https:\/\/www.carillons.ch\/blog\/index-carillon-de-chantemerle-concerts\/\" title=\"Index Carillon de Chantemerle, concerts\">.. CARILLON DE CHANTEMERLE PULLY<\/a><\/li>\n<li id=\"menu-item-13463\" class=\"menu-item menu-item-type-post_type menu-item-object-page menu-item-13463\"><a href=\"https:\/\/www.carillons.ch\/blog\/index-lassociation-pour-les-interets-et-le-developpement-de-pully-nord\/\" title=\"Index L\u2019Association pour les int\u00e9r\u00eats et le d\u00e9veloppement de Pully-Nord\">.. ASSOCIATION PULLY-NORD<\/a><\/li>\n<li id=\"menu-item-14347\" class=\"menu-item menu-item-type-post_type menu-item-object-page menu-item-14347\"><a href=\"https:\/\/www.carillons.ch\/blog\/index-etat-de-vaud\/\" title=\"Index Etat de Vaud, collaborations\">ETAT DE VAUD<\/a><\/li>\n<li id=\"menu-item-13291\" class=\"menu-item menu-item-type-post_type menu-item-object-post menu-item-13291\"><a href=\"https:\/\/www.carillons.ch\/blog\/pakomuze\/\" title=\"Activit\u00e9s \u00e0 l&rsquo;Abbaye de Montheron dans le cadre de P\u00e2komuz\u00e9\">.. P\u00e2KOMUZ\u00e9 &#8230; MUS\u00e9ES VAUDOIS<\/a><\/li>\n<li id=\"menu-item-14353\" class=\"menu-item menu-item-type-post_type menu-item-object-page menu-item-14353\"><a href=\"https:\/\/www.carillons.ch\/blog\/journees-du-patrimoine-vaud\/\" title=\"Journ\u00e9es du Patrimoine Vaud\">.. JOURN\u00e9ES DU PATRIMOINE &#8230; VAUD<\/a><\/li>\n<li id=\"menu-item-14363\" class=\"menu-item menu-item-type-post_type menu-item-object-page menu-item-14363\"><a href=\"https:\/\/www.carillons.ch\/blog\/confederation-suisse-ofc-culture\/\" title=\"Conf\u00e9d\u00e9ration Suisse OFC Office F\u00e9d\u00e9ral de la Culture\">CONF\u00e9D\u00e9RATION SUISSE<\/a><\/li>\n<li id=\"menu-item-14369\" class=\"menu-item menu-item-type-post_type menu-item-object-page menu-item-14369\"><a href=\"https:\/\/www.carillons.ch\/blog\/index-parc-naturel-du-jorat\/\">.. PARC NATUREL P\u00e9riurbain du Jorat<\/a><\/li>\n<li id=\"menu-item-14273\" class=\"menu-item menu-item-type-post_type menu-item-object-page menu-item-14273\"><a href=\"https:\/\/www.carillons.ch\/blog\/index-guilde-des-carillonneurs-suisses\/\" title=\"GCCS, Guilde des carillonneurs et campanologues suisses\">.. GCCS, Carillonneurs suisses<\/a><\/li>\n<li id=\"menu-item-14356\" class=\"menu-item menu-item-type-post_type menu-item-object-page menu-item-14356\"><a href=\"https:\/\/www.carillons.ch\/blog\/conseil-de-leurope-itineraires-culturels\/\" title=\"Conseil de l&rsquo;Europe, itin\u00e9raires culturels\">CONSEIL DE L&rsquo;EUROPE<\/a><\/li>\n<li id=\"menu-item-14240\" class=\"menu-item menu-item-type-post_type menu-item-object-page menu-item-14240\"><a href=\"https:\/\/www.carillons.ch\/blog\/index-route-europeenne-des-abbayes-cisterciennes\/\" title=\"Index Route Europ\u00e9enne des Abbayes Cisterciennes\">.. ROUTE DES ABBAYES CISTERCIENNES<\/a><\/li>\n<li id=\"menu-item-14230\" class=\"menu-item menu-item-type-post_type menu-item-object-page menu-item-14230\"><a href=\"https:\/\/www.carillons.ch\/blog\/index-charte-europeenne-des-abbayes-et-sites-cisterciens\/\" title=\"Index Charte europ\u00e9enne des Abbayes et sites Cisterciens\">.. CHARTE EUROPE ABBAYES CISTERCIENNES<\/a><\/li>\n<li id=\"menu-item-14367\" class=\"menu-item menu-item-type-post_type menu-item-object-page menu-item-14367\"><a href=\"https:\/\/www.carillons.ch\/blog\/nations-unies-unesco-patrimoine\/\">NATIONS UNIES UNESCO<\/a><\/li>\n<li id=\"menu-item-14280\" class=\"menu-item menu-item-type-post_type menu-item-object-page menu-item-14280\"><a href=\"https:\/\/www.carillons.ch\/blog\/index-federation-mondiale-du-carillon\/\" title=\"Index F\u00e9d\u00e9ration Mondiale du Carillon FMC\">.. F\u00e9d\u00e9ration Mondiale du CARILLON<\/a><\/li>\n<\/ul><\/div><\/div><\/div><\/div><\/div>","protected":false},"excerpt":{"rendered":"<p>Site&nbsp;Langages.ch&nbsp;et&nbsp;carillons.ch Ce site est un floril\u00e8ge, une mosa\u00efque, un vitrail en multicouleurs d&rsquo;activit\u00e9s et manifestations diverses propos\u00e9es, organis\u00e9es, pr\u00e9sent\u00e9es, jou\u00e9es par le carillonneur et organiste suisse romand Daniel Thomas, licenci\u00e9 \u00e8s Lettres, auteur, r\u00e9alisateur du site. Site d&rsquo;annonce des manifestations organis\u00e9es par l&rsquo;Association des Amis de l&rsquo;Abbaye de Montheron&nbsp;et l&rsquo;Association des Amis du&nbsp;Carillon de Chantemerle. Avec aussi des\u2026 <span class=\"read-more\"><a href=\"https:\/\/www.carillons.ch\/blog\/presentation-du-site-langages\/\">Lire la suite &raquo;<\/a><\/span><\/p>\n","protected":false},"author":1,"featured_media":12850,"comment_status":"closed","ping_status":"closed","sticky":false,"template":"","format":"standard","meta":{"sfsi_plus_gutenberg_text_before_share":"","sfsi_plus_gutenberg_show_text_before_share":"","sfsi_plus_gutenberg_icon_type":"","sfsi_plus_gutenberg_icon_alignemt":"","sfsi_plus_gutenburg_max_per_row":"","_EventAllDay":false,"_EventTimezone":"","_EventStartDate":"","_EventEndDate":"","_EventStartDateUTC":"","_EventEndDateUTC":"","_EventShowMap":false,"_EventShowMapLink":false,"_EventURL":"","_EventCost":"","_EventCostDescription":"","_EventCurrencySymbol":"","_EventCurrencyCode":"","_EventCurrencyPosition":"","_EventDateTimeSeparator":"","_EventTimeRangeSeparator":"","_EventOrganizerID":[],"_EventVenueID":[],"_OrganizerEmail":"","_OrganizerPhone":"","_OrganizerWebsite":"","_VenueAddress":"","_VenueCity":"","_VenueCountry":"","_VenueProvince":"","_VenueState":"","_VenueZip":"","_VenuePhone":"","_VenueURL":"","_VenueStateProvince":"","_VenueLat":"","_VenueLng":"","_VenueShowMap":false,"_VenueShowMapLink":false,"footnotes":""},"categories":[8,33],"tags":[688],"class_list":["post-12834","post","type-post","status-publish","format-standard","has-post-thumbnail","hentry","category-aaam-abbaye-de-montheron","category-langages","tag-langages"],"_links":{"self":[{"href":"https:\/\/www.carillons.ch\/blog\/wp-json\/wp\/v2\/posts\/12834","targetHints":{"allow":["GET"]}}],"collection":[{"href":"https:\/\/www.carillons.ch\/blog\/wp-json\/wp\/v2\/posts"}],"about":[{"href":"https:\/\/www.carillons.ch\/blog\/wp-json\/wp\/v2\/types\/post"}],"author":[{"embeddable":true,"href":"https:\/\/www.carillons.ch\/blog\/wp-json\/wp\/v2\/users\/1"}],"replies":[{"embeddable":true,"href":"https:\/\/www.carillons.ch\/blog\/wp-json\/wp\/v2\/comments?post=12834"}],"version-history":[{"count":36,"href":"https:\/\/www.carillons.ch\/blog\/wp-json\/wp\/v2\/posts\/12834\/revisions"}],"predecessor-version":[{"id":14321,"href":"https:\/\/www.carillons.ch\/blog\/wp-json\/wp\/v2\/posts\/12834\/revisions\/14321"}],"wp:featuredmedia":[{"embeddable":true,"href":"https:\/\/www.carillons.ch\/blog\/wp-json\/wp\/v2\/media\/12850"}],"wp:attachment":[{"href":"https:\/\/www.carillons.ch\/blog\/wp-json\/wp\/v2\/media?parent=12834"}],"wp:term":[{"taxonomy":"category","embeddable":true,"href":"https:\/\/www.carillons.ch\/blog\/wp-json\/wp\/v2\/categories?post=12834"},{"taxonomy":"post_tag","embeddable":true,"href":"https:\/\/www.carillons.ch\/blog\/wp-json\/wp\/v2\/tags?post=12834"}],"curies":[{"name":"wp","href":"https:\/\/api.w.org\/{rel}","templated":true}]}}