{"id":13300,"date":"2020-01-10T12:44:27","date_gmt":"2020-01-10T11:44:27","guid":{"rendered":"http:\/\/www.langages.ch\/blog\/?p=13300"},"modified":"2020-02-18T21:05:53","modified_gmt":"2020-02-18T20:05:53","slug":"carillon-de-moutier-en-construction","status":"publish","type":"post","link":"https:\/\/www.carillons.ch\/blog\/carillon-de-moutier-en-construction\/","title":{"rendered":"Carillon de Moutier en construction"},"content":{"rendered":"\n<p>Il y a un projet de carillon en cours \u00e0 Moutier, \u00c9glise Notre-Dame de la Pr\u00e9v\u00f4t\u00e9 <em>(\u00e0 noter que ce n&rsquo;est encore qu&rsquo;un projet, qu&rsquo;il faut encore obtenir l&rsquo;aval des autorit\u00e9s cantonales (services des monuments), de la paroisse propri\u00e9taire du terrain, des voisins, etc )<\/em>.<\/p>\n\n\n\n<p>D\u00e9j\u00e0 24 cloches sont r\u00e9alis\u00e9es par la fonderie Ruetschi.<\/p>\n\n\n\n<figure class=\"wp-block-image size-large\"><img loading=\"lazy\" decoding=\"async\" width=\"900\" height=\"674\" src=\"http:\/\/www.langages.ch\/blog\/wp-content\/uploads\/cloches-Moutier-copie-8.jpg\" alt=\"\" class=\"wp-image-13308\" srcset=\"https:\/\/www.carillons.ch\/blog\/wp-content\/uploads\/cloches-Moutier-copie-8.jpg 900w, https:\/\/www.carillons.ch\/blog\/wp-content\/uploads\/cloches-Moutier-copie-8-300x225.jpg 300w, https:\/\/www.carillons.ch\/blog\/wp-content\/uploads\/cloches-Moutier-copie-8-150x112.jpg 150w, https:\/\/www.carillons.ch\/blog\/wp-content\/uploads\/cloches-Moutier-copie-8-768x575.jpg 768w, https:\/\/www.carillons.ch\/blog\/wp-content\/uploads\/cloches-Moutier-copie-8-665x498.jpg 665w\" sizes=\"auto, (max-width: 900px) 100vw, 900px\" \/><figcaption>Cloches du carillon<\/figcaption><\/figure>\n\n\n\n<p>Soutenez ce beau projet, transmettez vos dons \u00e0 l&rsquo;Association Moutier carillonne, secr\u00e9tariat, Case postale 827, 2740 Moutier courriel : roth_marco @ bluewin.ch (enlever les espaces).<\/p>\n\n\n\n<a data-flickr-embed=\"true\" data-header=\"true\" data-footer=\"true\" href=\"https:\/\/www.flickr.com\/photos\/phgirardin\/48011805191\/in\/album-72157708949509316\/\" title=\"Bapt\u00eame cloches Moutier 2019\"><img decoding=\"async\" src=\"https:\/\/live.staticflickr.com\/31337\/48011805191_275295a2e2_z.jpg\" width=\"100%\"  alt=\"Bapt\u00eame cloches Moutier 2019\"><\/a><script async src=\"\/\/embedr.flickr.com\/assets\/client-code.js\" charset=\"utf-8\"><\/script>\n\n\n\n<p>Photos du bapt\u00eame des cloches :<\/p>\n\n\n\n<p>lundi, 25 novembre 2019 \u00e0 19 h<\/p>\n\n\n\n<a data-flickr-embed=\"true\" data-header=\"true\" data-footer=\"true\" href=\"https:\/\/www.flickr.com\/photos\/phgirardin\/albums\/72157711938694227\" title=\"Bapt\u00eame 7 nouvelles cloches Moutier 2019\"><img decoding=\"async\" src=\"https:\/\/live.staticflickr.com\/65535\/49123913263_7ec3c4944c.jpg\" width=\"100%\" alt=\"Bapt\u00eame 7 nouvelles cloches Moutier 2019\"><\/a><script async=\"\" src=\"\/\/embedr.flickr.com\/assets\/client-code.js\" charset=\"utf-8\"><\/script>\n\n\n\n<p>Mercredi 5 juin 2019 \u00e0 20 h<\/p>\n\n\n\n<a data-flickr-embed=\"true\" data-header=\"true\" data-footer=\"true\" href=\"https:\/\/www.flickr.com\/photos\/phgirardin\/albums\/72157708949509316\" title=\"Bapt\u00eame des cloches Ste-Vierge et Ste-Anne Moutier 2019\"><img decoding=\"async\" src=\"https:\/\/live.staticflickr.com\/65535\/48011583356_c968bb35fb_z.jpg\" width=\"100%\" alt=\"Bapt\u00eame des cloches Ste-Vierge et Ste-Anne Moutier 2019\"><\/a><script async=\"\" src=\"\/\/embedr.flickr.com\/assets\/client-code.js\" charset=\"utf-8\"><\/script>\n","protected":false},"excerpt":{"rendered":"<p>Il y a un projet de carillon en cours \u00e0 Moutier, \u00c9glise Notre-Dame de la Pr\u00e9v\u00f4t\u00e9 (\u00e0 noter que ce n&rsquo;est encore qu&rsquo;un projet, qu&rsquo;il faut encore obtenir l&rsquo;aval des autorit\u00e9s cantonales (services des monuments), de la paroisse propri\u00e9taire du terrain, des voisins, etc ). D\u00e9j\u00e0 24 cloches sont r\u00e9alis\u00e9es par la fonderie Ruetschi. Soutenez ce beau projet,\u2026 <span class=\"read-more\"><a href=\"https:\/\/www.carillons.ch\/blog\/carillon-de-moutier-en-construction\/\">Lire la suite &raquo;<\/a><\/span><\/p>\n","protected":false},"author":1,"featured_media":13309,"comment_status":"closed","ping_status":"closed","sticky":false,"template":"","format":"standard","meta":{"sfsi_plus_gutenberg_text_before_share":"","sfsi_plus_gutenberg_show_text_before_share":"","sfsi_plus_gutenberg_icon_type":"","sfsi_plus_gutenberg_icon_alignemt":"","sfsi_plus_gutenburg_max_per_row":"","_EventAllDay":false,"_EventTimezone":"","_EventStartDate":"","_EventEndDate":"","_EventStartDateUTC":"","_EventEndDateUTC":"","_EventShowMap":false,"_EventShowMapLink":false,"_EventURL":"","_EventCost":"","_EventCostDescription":"","_EventCurrencySymbol":"","_EventCurrencyCode":"","_EventCurrencyPosition":"","_EventDateTimeSeparator":"","_EventTimeRangeSeparator":"","_EventOrganizerID":[],"_EventVenueID":[],"_OrganizerEmail":"","_OrganizerPhone":"","_OrganizerWebsite":"","_VenueAddress":"","_VenueCity":"","_VenueCountry":"","_VenueProvince":"","_VenueState":"","_VenueZip":"","_VenuePhone":"","_VenueURL":"","_VenueStateProvince":"","_VenueLat":"","_VenueLng":"","_VenueShowMap":false,"_VenueShowMapLink":false,"footnotes":""},"categories":[9,58],"tags":[490,587],"class_list":["post-13300","post","type-post","status-publish","format-standard","has-post-thumbnail","hentry","category-carillon","category-gccs-guilde-des-carillonneurs-suisses","tag-carillon","tag-carillon-avec-clavier-mecanique"],"_links":{"self":[{"href":"https:\/\/www.carillons.ch\/blog\/wp-json\/wp\/v2\/posts\/13300","targetHints":{"allow":["GET"]}}],"collection":[{"href":"https:\/\/www.carillons.ch\/blog\/wp-json\/wp\/v2\/posts"}],"about":[{"href":"https:\/\/www.carillons.ch\/blog\/wp-json\/wp\/v2\/types\/post"}],"author":[{"embeddable":true,"href":"https:\/\/www.carillons.ch\/blog\/wp-json\/wp\/v2\/users\/1"}],"replies":[{"embeddable":true,"href":"https:\/\/www.carillons.ch\/blog\/wp-json\/wp\/v2\/comments?post=13300"}],"version-history":[{"count":11,"href":"https:\/\/www.carillons.ch\/blog\/wp-json\/wp\/v2\/posts\/13300\/revisions"}],"predecessor-version":[{"id":14431,"href":"https:\/\/www.carillons.ch\/blog\/wp-json\/wp\/v2\/posts\/13300\/revisions\/14431"}],"wp:featuredmedia":[{"embeddable":true,"href":"https:\/\/www.carillons.ch\/blog\/wp-json\/wp\/v2\/media\/13309"}],"wp:attachment":[{"href":"https:\/\/www.carillons.ch\/blog\/wp-json\/wp\/v2\/media?parent=13300"}],"wp:term":[{"taxonomy":"category","embeddable":true,"href":"https:\/\/www.carillons.ch\/blog\/wp-json\/wp\/v2\/categories?post=13300"},{"taxonomy":"post_tag","embeddable":true,"href":"https:\/\/www.carillons.ch\/blog\/wp-json\/wp\/v2\/tags?post=13300"}],"curies":[{"name":"wp","href":"https:\/\/api.w.org\/{rel}","templated":true}]}}