{"id":13580,"date":"2020-01-25T09:00:22","date_gmt":"2020-01-25T08:00:22","guid":{"rendered":"http:\/\/www.langages.ch\/blog\/?p=13580"},"modified":"2020-08-27T21:54:52","modified_gmt":"2020-08-27T19:54:52","slug":"etablissements-religieux-medievaux-dans-le-jorat","status":"publish","type":"post","link":"https:\/\/www.carillons.ch\/blog\/etablissements-religieux-medievaux-dans-le-jorat\/","title":{"rendered":"\u00c9tablissements religieux m\u00e9di\u00e9vaux dans le Jorat"},"content":{"rendered":"\n<p>La marque des \u00e9tablissements religieux m\u00e9di\u00e9vaux dans le paysage du Jorat&nbsp;Laurent Auberson, arch\u00e9ologue<\/p>\n\n\n\n<p>Massif bois\u00e9 occupant un substrat molassique et culminant \u00e0 929 m d\u2019altitude, le Jorat est une r\u00e9gion \u00e0 la fois embl\u00e9matique et propre \u00e0 susciter des mythes sans fondements scientifiques. G\u00e9o- graphiquement, il forme le c\u0153ur du Pays de Vaud et exprime la nature essentiellement foresti\u00e8re de son paysage. Le nom de Jorat est en effet issu du mot celtique signifiant la for\u00eat, tout comme la racine germanique&nbsp;<em>wald<\/em>&#8211; a donn\u00e9 Vaud. \u00c9tymolo- giquement, le Jorat est identique au Jura.<\/p>\n\n\n\n<p>Sa d\u00e9limitation est ais\u00e9e vers le sud (le ver- sant l\u00e9manique) et vers l\u2019ouest (les terrains gla- ciaires formant le Gros-de-Vaud). Vers le nord, l\u2019\u00e9tirement des hauteurs molassiques rend la limite moins nette; on peut inclure encore Thier- rens, mais non plus les Combremonts. \u00c0 l\u2019est, la vall\u00e9e de la Broye forme une limite nette, mais au sud-est, la transition avec les hauts de Lavaux et le d\u00e9but des Pr\u00e9alpes, dans la r\u00e9gion du lac de Bret, est plus floue. &#8230;<\/p>\n\n\n<a href=\"https:\/\/www.carillons.ch\/blog\/wp-content\/uploads\/2019-AAAM_revue_2019_Jorat-m\u00e9di\u00e9val.pdf\" class=\"pdfemb-viewer\" style=\"\" data-width=\"max\" data-height=\"max\" data-toolbar=\"bottom\" data-toolbar-fixed=\"off\">2019-AAAM_revue_2019_Jorat-m\u00e9di\u00e9val<\/a>\n<p class=\"wp-block-pdfemb-pdf-embedder-viewer\"><\/p>\n\n\n\n<div class=\"wp-block-file\"><a href=\"http:\/\/www.langages.ch\/blog\/wp-content\/uploads\/2019-AAAM_revue_2019_Jorat-m\u00e9di\u00e9val.pdf\">2019-AAAM_revue_2019_Jorat-m\u00e9di\u00e9val<\/a><a href=\"http:\/\/www.langages.ch\/blog\/wp-content\/uploads\/2019-AAAM_revue_2019_Jorat-m\u00e9di\u00e9val.pdf\" class=\"wp-block-file__button\" download>T\u00e9l\u00e9charger<\/a><\/div>\n","protected":false},"excerpt":{"rendered":"<p>La marque des \u00e9tablissements religieux m\u00e9di\u00e9vaux dans le paysage du Jorat&nbsp;Laurent Auberson, arch\u00e9ologue Massif bois\u00e9 occupant un substrat molassique et culminant \u00e0 929 m d\u2019altitude, le Jorat est une r\u00e9gion \u00e0 la fois embl\u00e9matique et propre \u00e0 susciter des mythes sans fondements scientifiques. G\u00e9o- graphiquement, il forme le c\u0153ur du Pays de Vaud et exprime la nature essentiellement\u2026 <span class=\"read-more\"><a href=\"https:\/\/www.carillons.ch\/blog\/etablissements-religieux-medievaux-dans-le-jorat\/\">Lire la suite &raquo;<\/a><\/span><\/p>\n","protected":false},"author":1,"featured_media":13582,"comment_status":"closed","ping_status":"closed","sticky":false,"template":"","format":"standard","meta":{"sfsi_plus_gutenberg_text_before_share":"","sfsi_plus_gutenberg_show_text_before_share":"","sfsi_plus_gutenberg_icon_type":"","sfsi_plus_gutenberg_icon_alignemt":"","sfsi_plus_gutenburg_max_per_row":"","_EventAllDay":false,"_EventTimezone":"","_EventStartDate":"","_EventEndDate":"","_EventStartDateUTC":"","_EventEndDateUTC":"","_EventShowMap":false,"_EventShowMapLink":false,"_EventURL":"","_EventCost":"","_EventCostDescription":"","_EventCurrencySymbol":"","_EventCurrencyCode":"","_EventCurrencyPosition":"","_EventDateTimeSeparator":"","_EventTimeRangeSeparator":"","_EventOrganizerID":[],"_EventVenueID":[],"_OrganizerEmail":"","_OrganizerPhone":"","_OrganizerWebsite":"","_VenueAddress":"","_VenueCity":"","_VenueCountry":"","_VenueProvince":"","_VenueState":"","_VenueZip":"","_VenuePhone":"","_VenueURL":"","_VenueStateProvince":"","_VenueLat":"","_VenueLng":"","_VenueShowMap":false,"_VenueShowMapLink":false,"footnotes":""},"categories":[8,676],"tags":[636,575],"class_list":["post-13580","post","type-post","status-publish","format-standard","has-post-thumbnail","hentry","category-aaam-abbaye-de-montheron","category-14-parc-naturel-du-jorat","tag-histoire-montheron","tag-parc-naturel-du-jorat"],"_links":{"self":[{"href":"https:\/\/www.carillons.ch\/blog\/wp-json\/wp\/v2\/posts\/13580","targetHints":{"allow":["GET"]}}],"collection":[{"href":"https:\/\/www.carillons.ch\/blog\/wp-json\/wp\/v2\/posts"}],"about":[{"href":"https:\/\/www.carillons.ch\/blog\/wp-json\/wp\/v2\/types\/post"}],"author":[{"embeddable":true,"href":"https:\/\/www.carillons.ch\/blog\/wp-json\/wp\/v2\/users\/1"}],"replies":[{"embeddable":true,"href":"https:\/\/www.carillons.ch\/blog\/wp-json\/wp\/v2\/comments?post=13580"}],"version-history":[{"count":3,"href":"https:\/\/www.carillons.ch\/blog\/wp-json\/wp\/v2\/posts\/13580\/revisions"}],"predecessor-version":[{"id":14940,"href":"https:\/\/www.carillons.ch\/blog\/wp-json\/wp\/v2\/posts\/13580\/revisions\/14940"}],"wp:featuredmedia":[{"embeddable":true,"href":"https:\/\/www.carillons.ch\/blog\/wp-json\/wp\/v2\/media\/13582"}],"wp:attachment":[{"href":"https:\/\/www.carillons.ch\/blog\/wp-json\/wp\/v2\/media?parent=13580"}],"wp:term":[{"taxonomy":"category","embeddable":true,"href":"https:\/\/www.carillons.ch\/blog\/wp-json\/wp\/v2\/categories?post=13580"},{"taxonomy":"post_tag","embeddable":true,"href":"https:\/\/www.carillons.ch\/blog\/wp-json\/wp\/v2\/tags?post=13580"}],"curies":[{"name":"wp","href":"https:\/\/api.w.org\/{rel}","templated":true}]}}