{"id":13585,"date":"2020-01-25T09:07:19","date_gmt":"2020-01-25T08:07:19","guid":{"rendered":"http:\/\/www.langages.ch\/blog\/?p=13585"},"modified":"2020-08-27T21:54:28","modified_gmt":"2020-08-27T19:54:28","slug":"bellevaux-abbaye-mere-de-montheron","status":"publish","type":"post","link":"https:\/\/www.carillons.ch\/blog\/bellevaux-abbaye-mere-de-montheron\/","title":{"rendered":"Bellevaux &#8211; abbaye-m\u00e8re de Montheron"},"content":{"rendered":"\n<p>Bellevaux en Haute-Sa\u00f4ne \u2013 Nouvelles recherches sur l\u2019abbaye-m\u00e8re de Montheron&nbsp;par Felix Ackermann, historien<\/p>\n\n\n\n<p>L\u2019abbaye cistercienne de Bellevaux (commune de Cirey-l\u00e8s-Bellevaux), fond\u00e9e en 1119, est int\u00e9- ressante \u00e0 divers \u00e9gards : un tr\u00e8s riche cartulaire du XIIe&nbsp;si\u00e8cle, son r\u00f4le dans l\u2019extension de l\u2019ordre vers l\u2019est, le lieu de s\u00e9pulture de saint Pierre II, arche- v\u00eaque de Tarentaise. Pourtant, la plus ancienne abbaye cistercienne de Franche-Comt\u00e9 demeure encore largement inexplor\u00e9e. &#8230;<\/p>\n\n\n<a href=\"https:\/\/www.carillons.ch\/blog\/wp-content\/uploads\/2019-AAAM_revue_2019_abbaye-bellevaux.pdf\" class=\"pdfemb-viewer\" style=\"\" data-width=\"max\" data-height=\"max\" data-toolbar=\"bottom\" data-toolbar-fixed=\"off\">2019-AAAM_revue_2019_abbaye-bellevaux<\/a>\n<p class=\"wp-block-pdfemb-pdf-embedder-viewer\"><\/p>\n\n\n\n<div class=\"wp-block-file\"><a href=\"http:\/\/www.langages.ch\/blog\/wp-content\/uploads\/2019-AAAM_revue_2019_abbaye-bellevaux.pdf\">2019-AAAM_revue_2019_abbaye-bellevaux<\/a><a href=\"http:\/\/www.langages.ch\/blog\/wp-content\/uploads\/2019-AAAM_revue_2019_abbaye-bellevaux.pdf\" class=\"wp-block-file__button\" download>T\u00e9l\u00e9charger<\/a><\/div>\n","protected":false},"excerpt":{"rendered":"<p>Bellevaux en Haute-Sa\u00f4ne \u2013 Nouvelles recherches sur l\u2019abbaye-m\u00e8re de Montheron&nbsp;par Felix Ackermann, historien L\u2019abbaye cistercienne de Bellevaux (commune de Cirey-l\u00e8s-Bellevaux), fond\u00e9e en 1119, est int\u00e9- ressante \u00e0 divers \u00e9gards : un tr\u00e8s riche cartulaire du XIIe&nbsp;si\u00e8cle, son r\u00f4le dans l\u2019extension de l\u2019ordre vers l\u2019est, le lieu de s\u00e9pulture de saint Pierre II, arche- v\u00eaque de Tarentaise. Pourtant, la\u2026 <span class=\"read-more\"><a href=\"https:\/\/www.carillons.ch\/blog\/bellevaux-abbaye-mere-de-montheron\/\">Lire la suite &raquo;<\/a><\/span><\/p>\n","protected":false},"author":1,"featured_media":13587,"comment_status":"closed","ping_status":"closed","sticky":false,"template":"","format":"standard","meta":{"sfsi_plus_gutenberg_text_before_share":"","sfsi_plus_gutenberg_show_text_before_share":"","sfsi_plus_gutenberg_icon_type":"","sfsi_plus_gutenberg_icon_alignemt":"","sfsi_plus_gutenburg_max_per_row":"","_EventAllDay":false,"_EventTimezone":"","_EventStartDate":"","_EventEndDate":"","_EventStartDateUTC":"","_EventEndDateUTC":"","_EventShowMap":false,"_EventShowMapLink":false,"_EventURL":"","_EventCost":"","_EventCostDescription":"","_EventCurrencySymbol":"","_EventCurrencyCode":"","_EventCurrencyPosition":"","_EventDateTimeSeparator":"","_EventTimeRangeSeparator":"","_EventOrganizerID":[],"_EventVenueID":[],"_OrganizerEmail":"","_OrganizerPhone":"","_OrganizerWebsite":"","_VenueAddress":"","_VenueCity":"","_VenueCountry":"","_VenueProvince":"","_VenueState":"","_VenueZip":"","_VenuePhone":"","_VenueURL":"","_VenueStateProvince":"","_VenueLat":"","_VenueLng":"","_VenueShowMap":false,"_VenueShowMapLink":false,"footnotes":""},"categories":[8,707],"tags":[54,636],"class_list":["post-13585","post","type-post","status-publish","format-standard","has-post-thumbnail","hentry","category-aaam-abbaye-de-montheron","category-charte-europeenne-des-abbayes-et-sites-cisterciens","tag-abbaye","tag-histoire-montheron"],"_links":{"self":[{"href":"https:\/\/www.carillons.ch\/blog\/wp-json\/wp\/v2\/posts\/13585","targetHints":{"allow":["GET"]}}],"collection":[{"href":"https:\/\/www.carillons.ch\/blog\/wp-json\/wp\/v2\/posts"}],"about":[{"href":"https:\/\/www.carillons.ch\/blog\/wp-json\/wp\/v2\/types\/post"}],"author":[{"embeddable":true,"href":"https:\/\/www.carillons.ch\/blog\/wp-json\/wp\/v2\/users\/1"}],"replies":[{"embeddable":true,"href":"https:\/\/www.carillons.ch\/blog\/wp-json\/wp\/v2\/comments?post=13585"}],"version-history":[{"count":3,"href":"https:\/\/www.carillons.ch\/blog\/wp-json\/wp\/v2\/posts\/13585\/revisions"}],"predecessor-version":[{"id":14939,"href":"https:\/\/www.carillons.ch\/blog\/wp-json\/wp\/v2\/posts\/13585\/revisions\/14939"}],"wp:featuredmedia":[{"embeddable":true,"href":"https:\/\/www.carillons.ch\/blog\/wp-json\/wp\/v2\/media\/13587"}],"wp:attachment":[{"href":"https:\/\/www.carillons.ch\/blog\/wp-json\/wp\/v2\/media?parent=13585"}],"wp:term":[{"taxonomy":"category","embeddable":true,"href":"https:\/\/www.carillons.ch\/blog\/wp-json\/wp\/v2\/categories?post=13585"},{"taxonomy":"post_tag","embeddable":true,"href":"https:\/\/www.carillons.ch\/blog\/wp-json\/wp\/v2\/tags?post=13585"}],"curies":[{"name":"wp","href":"https:\/\/api.w.org\/{rel}","templated":true}]}}