{"id":13752,"date":"2020-01-27T07:00:50","date_gmt":"2020-01-27T06:00:50","guid":{"rendered":"http:\/\/www.langages.ch\/blog\/?p=13752"},"modified":"2020-08-27T21:52:17","modified_gmt":"2020-08-27T19:52:17","slug":"position-de-la-chaire-dans-leglise-de-montheron","status":"publish","type":"post","link":"https:\/\/www.carillons.ch\/blog\/position-de-la-chaire-dans-leglise-de-montheron\/","title":{"rendered":"Position de la chaire dans l\u2019\u00e9glise de Montheron"},"content":{"rendered":"\n<p>&nbsp;R\u00e9flexions au sujet de la position de la chaire dans l\u2019\u00e9glise de Montheron&nbsp;&nbsp;<em>Pierre Margot \u2013 Pierre Golaz<\/em><\/p>\n\n\n\n<p>Le nouvel am\u00e9nagement de l\u2019espace liturgique de l\u2019\u00e9glise de Montheron rencontre une approbation quasi g\u00e9n\u00e9rale, en particulier avec la r\u00e9habilitation de la belle chaire de 1669. Rel\u00e9gu\u00e9e dans l\u2019angle sud-est du temple en 1967, l\u2019\u0153uvre de Jean Villard a retrouv\u00e9 en 2007 un emplacement plus conforme \u00e0 sa destination liturgique. A cette occasion, il peut \u00eatre int\u00e9ressant d\u2019\u00e9tudier quelque peu l\u2019histoire de ce meuble, son r\u00f4le pr\u00e9pond\u00e9rant dans le culte protestant ainsi que son \u00e9volution au cours des si\u00e8cles, d\u00e9terminant le choix de son emplacement. Le temple de Montheron, maintes fois transform\u00e9 du XVIe&nbsp;s. \u00e0 nos jours, est particuli\u00e8rement propice \u00e0 cette analyse.<\/p>\n\n\n<a href=\"https:\/\/www.carillons.ch\/blog\/wp-content\/uploads\/2009-revue-chaire-2.pdf\" class=\"pdfemb-viewer\" style=\"\" data-width=\"max\" data-height=\"max\" data-toolbar=\"bottom\" data-toolbar-fixed=\"off\">2009-revue-chaire-2<\/a>\n<p class=\"wp-block-pdfemb-pdf-embedder-viewer\"><\/p>\n\n\n\n<div class=\"wp-block-file\"><a href=\"http:\/\/www.langages.ch\/blog\/wp-content\/uploads\/2009-revue-chaire-2.pdf\">2009-revue-chaire-2<\/a><a href=\"http:\/\/www.langages.ch\/blog\/wp-content\/uploads\/2009-revue-chaire-2.pdf\" class=\"wp-block-file__button\" download>T\u00e9l\u00e9charger<\/a><\/div>\n","protected":false},"excerpt":{"rendered":"<p>&nbsp;R\u00e9flexions au sujet de la position de la chaire dans l\u2019\u00e9glise de Montheron&nbsp;&nbsp;Pierre Margot \u2013 Pierre Golaz Le nouvel am\u00e9nagement de l\u2019espace liturgique de l\u2019\u00e9glise de Montheron rencontre une approbation quasi g\u00e9n\u00e9rale, en particulier avec la r\u00e9habilitation de la belle chaire de 1669. Rel\u00e9gu\u00e9e dans l\u2019angle sud-est du temple en 1967, l\u2019\u0153uvre de Jean Villard a retrouv\u00e9 en\u2026 <span class=\"read-more\"><a href=\"https:\/\/www.carillons.ch\/blog\/position-de-la-chaire-dans-leglise-de-montheron\/\">Lire la suite &raquo;<\/a><\/span><\/p>\n","protected":false},"author":1,"featured_media":13753,"comment_status":"closed","ping_status":"closed","sticky":false,"template":"","format":"standard","meta":{"sfsi_plus_gutenberg_text_before_share":"","sfsi_plus_gutenberg_show_text_before_share":"","sfsi_plus_gutenberg_icon_type":"","sfsi_plus_gutenberg_icon_alignemt":"","sfsi_plus_gutenburg_max_per_row":"","_EventAllDay":false,"_EventTimezone":"","_EventStartDate":"","_EventEndDate":"","_EventStartDateUTC":"","_EventEndDateUTC":"","_EventShowMap":false,"_EventShowMapLink":false,"_EventURL":"","_EventCost":"","_EventCostDescription":"","_EventCurrencySymbol":"","_EventCurrencyCode":"","_EventCurrencyPosition":"","_EventDateTimeSeparator":"","_EventTimeRangeSeparator":"","_EventOrganizerID":[],"_EventVenueID":[],"_OrganizerEmail":"","_OrganizerPhone":"","_OrganizerWebsite":"","_VenueAddress":"","_VenueCity":"","_VenueCountry":"","_VenueProvince":"","_VenueState":"","_VenueZip":"","_VenuePhone":"","_VenueURL":"","_VenueStateProvince":"","_VenueLat":"","_VenueLng":"","_VenueShowMap":false,"_VenueShowMapLink":false,"footnotes":""},"categories":[8],"tags":[104,636],"class_list":["post-13752","post","type-post","status-publish","format-standard","has-post-thumbnail","hentry","category-aaam-abbaye-de-montheron","tag-eglise","tag-histoire-montheron"],"_links":{"self":[{"href":"https:\/\/www.carillons.ch\/blog\/wp-json\/wp\/v2\/posts\/13752","targetHints":{"allow":["GET"]}}],"collection":[{"href":"https:\/\/www.carillons.ch\/blog\/wp-json\/wp\/v2\/posts"}],"about":[{"href":"https:\/\/www.carillons.ch\/blog\/wp-json\/wp\/v2\/types\/post"}],"author":[{"embeddable":true,"href":"https:\/\/www.carillons.ch\/blog\/wp-json\/wp\/v2\/users\/1"}],"replies":[{"embeddable":true,"href":"https:\/\/www.carillons.ch\/blog\/wp-json\/wp\/v2\/comments?post=13752"}],"version-history":[{"count":3,"href":"https:\/\/www.carillons.ch\/blog\/wp-json\/wp\/v2\/posts\/13752\/revisions"}],"predecessor-version":[{"id":14935,"href":"https:\/\/www.carillons.ch\/blog\/wp-json\/wp\/v2\/posts\/13752\/revisions\/14935"}],"wp:featuredmedia":[{"embeddable":true,"href":"https:\/\/www.carillons.ch\/blog\/wp-json\/wp\/v2\/media\/13753"}],"wp:attachment":[{"href":"https:\/\/www.carillons.ch\/blog\/wp-json\/wp\/v2\/media?parent=13752"}],"wp:term":[{"taxonomy":"category","embeddable":true,"href":"https:\/\/www.carillons.ch\/blog\/wp-json\/wp\/v2\/categories?post=13752"},{"taxonomy":"post_tag","embeddable":true,"href":"https:\/\/www.carillons.ch\/blog\/wp-json\/wp\/v2\/tags?post=13752"}],"curies":[{"name":"wp","href":"https:\/\/api.w.org\/{rel}","templated":true}]}}