{"id":13767,"date":"2020-01-27T08:05:15","date_gmt":"2020-01-27T07:05:15","guid":{"rendered":"http:\/\/www.langages.ch\/blog\/?p=13767"},"modified":"2020-01-27T08:06:09","modified_gmt":"2020-01-27T07:06:09","slug":"conte-nuit-de-noel","status":"publish","type":"post","link":"https:\/\/www.carillons.ch\/blog\/conte-nuit-de-noel\/","title":{"rendered":"Conte Nuit de No\u00ebl"},"content":{"rendered":"\n<p>Seuls quelques gla\u00e7ons, suspendus au-dessus du rapide courant de la Th\u00e9la et les silhouettes d\u00e9charn\u00e9es des grands arbres, nous rappellent que l\u2019hiver vient d\u2019arri- ver&#8230; La Lune, et sa petite s\u0153ur l\u2019\u00abAutre\u00bb, ont des \u00e9clats argent\u00e9es qui trouent le bleu-nuit de ce ciel de No\u00ebl! Oui, car, demain, ou cette nuit d\u00e9j\u00e0, ce sera NO\u00cbL. Tout para\u00eet calme, tout au plus le murmure des eaux vives et le l\u00e9ger bruissement d\u2019un renard percent le silence. Je suis l\u00e0, r\u00eaveur, le pass\u00e9 semble moins lointain&#8230;<\/p>\n\n\n\n<p>Conte, \u00e9vocation de Pierre Golaz.<\/p>\n\n\n<a href=\"https:\/\/www.langages.ch\/blog\/wp-content\/uploads\/2007-Nuit-de-No\u00ebl-conte.pdf\" class=\"pdfemb-viewer\" style=\"\" data-width=\"max\" data-height=\"max\" data-toolbar=\"bottom\" data-toolbar-fixed=\"off\">2007-Nuit-de-No\u00ebl-conte<\/a>\n<p class=\"wp-block-pdfemb-pdf-embedder-viewer\"><\/p>\n\n\n\n<div class=\"wp-block-file\"><a href=\"http:\/\/www.langages.ch\/blog\/wp-content\/uploads\/2007-Nuit-de-No\u00ebl-conte.pdf\">2007-Nuit-de-No\u00ebl-conte<\/a><a href=\"http:\/\/www.langages.ch\/blog\/wp-content\/uploads\/2007-Nuit-de-No\u00ebl-conte.pdf\" class=\"wp-block-file__button\" download>T\u00e9l\u00e9charger<\/a><\/div>\n","protected":false},"excerpt":{"rendered":"<p>Seuls quelques gla\u00e7ons, suspendus au-dessus du rapide courant de la Th\u00e9la et les silhouettes d\u00e9charn\u00e9es des grands arbres, nous rappellent que l\u2019hiver vient d\u2019arri- ver&#8230; La Lune, et sa petite s\u0153ur l\u2019\u00abAutre\u00bb, ont des \u00e9clats argent\u00e9es qui trouent le bleu-nuit de ce ciel de No\u00ebl! Oui, car, demain, ou cette nuit d\u00e9j\u00e0, ce sera NO\u00cbL. Tout para\u00eet calme,\u2026 <span class=\"read-more\"><a href=\"https:\/\/www.carillons.ch\/blog\/conte-nuit-de-noel\/\">Lire la suite &raquo;<\/a><\/span><\/p>\n","protected":false},"author":1,"featured_media":13769,"comment_status":"closed","ping_status":"closed","sticky":false,"template":"","format":"standard","meta":{"sfsi_plus_gutenberg_text_before_share":"","sfsi_plus_gutenberg_show_text_before_share":"","sfsi_plus_gutenberg_icon_type":"","sfsi_plus_gutenberg_icon_alignemt":"","sfsi_plus_gutenburg_max_per_row":"","_EventAllDay":false,"_EventTimezone":"","_EventStartDate":"","_EventEndDate":"","_EventStartDateUTC":"","_EventEndDateUTC":"","_EventShowMap":false,"_EventShowMapLink":false,"_EventURL":"","_EventCost":"","_EventCostDescription":"","_EventCurrencySymbol":"","_EventCurrencyCode":"","_EventCurrencyPosition":"","_EventDateTimeSeparator":"","_EventTimeRangeSeparator":"","_EventOrganizerID":[],"_EventVenueID":[],"_OrganizerEmail":"","_OrganizerPhone":"","_OrganizerWebsite":"","_VenueAddress":"","_VenueCity":"","_VenueCountry":"","_VenueProvince":"","_VenueState":"","_VenueZip":"","_VenuePhone":"","_VenueURL":"","_VenueStateProvince":"","_VenueLat":"","_VenueLng":"","_VenueShowMap":false,"_VenueShowMapLink":false,"footnotes":""},"categories":[8],"tags":[742,636],"class_list":["post-13767","post","type-post","status-publish","format-standard","has-post-thumbnail","hentry","category-aaam-abbaye-de-montheron","tag-conte","tag-histoire-montheron"],"_links":{"self":[{"href":"https:\/\/www.carillons.ch\/blog\/wp-json\/wp\/v2\/posts\/13767","targetHints":{"allow":["GET"]}}],"collection":[{"href":"https:\/\/www.carillons.ch\/blog\/wp-json\/wp\/v2\/posts"}],"about":[{"href":"https:\/\/www.carillons.ch\/blog\/wp-json\/wp\/v2\/types\/post"}],"author":[{"embeddable":true,"href":"https:\/\/www.carillons.ch\/blog\/wp-json\/wp\/v2\/users\/1"}],"replies":[{"embeddable":true,"href":"https:\/\/www.carillons.ch\/blog\/wp-json\/wp\/v2\/comments?post=13767"}],"version-history":[{"count":2,"href":"https:\/\/www.carillons.ch\/blog\/wp-json\/wp\/v2\/posts\/13767\/revisions"}],"predecessor-version":[{"id":13771,"href":"https:\/\/www.carillons.ch\/blog\/wp-json\/wp\/v2\/posts\/13767\/revisions\/13771"}],"wp:featuredmedia":[{"embeddable":true,"href":"https:\/\/www.carillons.ch\/blog\/wp-json\/wp\/v2\/media\/13769"}],"wp:attachment":[{"href":"https:\/\/www.carillons.ch\/blog\/wp-json\/wp\/v2\/media?parent=13767"}],"wp:term":[{"taxonomy":"category","embeddable":true,"href":"https:\/\/www.carillons.ch\/blog\/wp-json\/wp\/v2\/categories?post=13767"},{"taxonomy":"post_tag","embeddable":true,"href":"https:\/\/www.carillons.ch\/blog\/wp-json\/wp\/v2\/tags?post=13767"}],"curies":[{"name":"wp","href":"https:\/\/api.w.org\/{rel}","templated":true}]}}