{"id":13788,"date":"2020-01-27T14:06:05","date_gmt":"2020-01-27T13:06:05","guid":{"rendered":"http:\/\/www.langages.ch\/blog\/?p=13788"},"modified":"2020-01-28T04:43:03","modified_gmt":"2020-01-28T03:43:03","slug":"orgue-et-poesie-a-montheron","status":"publish","type":"post","link":"https:\/\/www.carillons.ch\/blog\/orgue-et-poesie-a-montheron\/","title":{"rendered":"Orgue et po\u00e9sie (\u00e0 Montheron)"},"content":{"rendered":"\n<p>On peut dire qu\u2019un orgue est une sorte de fl\u00fbte de Pan g\u00e9ante, ou plus exactement un ensemble de fl\u00fbtes de Pan, aliment\u00e9es en air par une soufflerie, autrefois manuelle ou \u00e0 pied, g\u00e9n\u00e9ralement \u00e9lectrique aujourd\u2019hui. Des soupapes, reli\u00e9es aux touches d\u2019un clavier, permettent de faire sonner tel ou tel tuyau et m\u00eame plusieurs \u00e0 la fois. Pourquoi plusieurs fl\u00fbtes de Pan? Comme chaque tuyau ne donne qu\u2019une seule note, toujours la m\u00eame, caract\u00e9ris\u00e9e par sa hauteur, son timbre et son intensit\u00e9 (\u00abforce\u00bb), les&nbsp;<em>organiers&nbsp;<\/em>(ou facteurs d\u2019orgues) ont imagin\u00e9 des \u00abfl\u00fbtes de Pan\u00bb de timbres et d\u2019intensit\u00e9s diff\u00e9rentes, chacune constituant un \u00ab<em>registre<\/em>\u00bb ou \u00ab<em>jeu<\/em>\u00bb.   Lire l&rsquo;article le Pierre Golaz.<\/p>\n\n\n<a href=\"https:\/\/www.langages.ch\/blog\/wp-content\/uploads\/2006-14-orgue-et-po\u00e9sie.pdf\" class=\"pdfemb-viewer\" style=\"\" data-width=\"max\" data-height=\"max\" data-toolbar=\"bottom\" data-toolbar-fixed=\"off\">2006-14-orgue-et-po\u00e9sie<\/a>\n<p class=\"wp-block-pdfemb-pdf-embedder-viewer\"><\/p>\n\n\n\n<div class=\"wp-block-file\"><a href=\"http:\/\/www.langages.ch\/blog\/wp-content\/uploads\/2006-14-orgue-et-po\u00e9sie.pdf\">2006-14 orgue et po\u00e9sie<\/a><a href=\"http:\/\/www.langages.ch\/blog\/wp-content\/uploads\/2006-14-orgue-et-po\u00e9sie.pdf\" class=\"wp-block-file__button\" download>T\u00e9l\u00e9charger<\/a><\/div>\n","protected":false},"excerpt":{"rendered":"<p>On peut dire qu\u2019un orgue est une sorte de fl\u00fbte de Pan g\u00e9ante, ou plus exactement un ensemble de fl\u00fbtes de Pan, aliment\u00e9es en air par une soufflerie, autrefois manuelle ou \u00e0 pied, g\u00e9n\u00e9ralement \u00e9lectrique aujourd\u2019hui. Des soupapes, reli\u00e9es aux touches d\u2019un clavier, permettent de faire sonner tel ou tel tuyau et m\u00eame plusieurs \u00e0 la fois. Pourquoi\u2026 <span class=\"read-more\"><a href=\"https:\/\/www.carillons.ch\/blog\/orgue-et-poesie-a-montheron\/\">Lire la suite &raquo;<\/a><\/span><\/p>\n","protected":false},"author":1,"featured_media":13870,"comment_status":"closed","ping_status":"closed","sticky":false,"template":"","format":"standard","meta":{"sfsi_plus_gutenberg_text_before_share":"","sfsi_plus_gutenberg_show_text_before_share":"","sfsi_plus_gutenberg_icon_type":"","sfsi_plus_gutenberg_icon_alignemt":"","sfsi_plus_gutenburg_max_per_row":"","_EventAllDay":false,"_EventTimezone":"","_EventStartDate":"","_EventEndDate":"","_EventStartDateUTC":"","_EventEndDateUTC":"","_EventShowMap":false,"_EventShowMapLink":false,"_EventURL":"","_EventCost":"","_EventCostDescription":"","_EventCurrencySymbol":"","_EventCurrencyCode":"","_EventCurrencyPosition":"","_EventDateTimeSeparator":"","_EventTimeRangeSeparator":"","_EventOrganizerID":[],"_EventVenueID":[],"_OrganizerEmail":"","_OrganizerPhone":"","_OrganizerWebsite":"","_VenueAddress":"","_VenueCity":"","_VenueCountry":"","_VenueProvince":"","_VenueState":"","_VenueZip":"","_VenuePhone":"","_VenueURL":"","_VenueStateProvince":"","_VenueLat":"","_VenueLng":"","_VenueShowMap":false,"_VenueShowMapLink":false,"footnotes":""},"categories":[8,25],"tags":[494,743],"class_list":["post-13788","post","type-post","status-publish","format-standard","has-post-thumbnail","hentry","category-aaam-abbaye-de-montheron","category-orgue","tag-orgue","tag-poesie"],"_links":{"self":[{"href":"https:\/\/www.carillons.ch\/blog\/wp-json\/wp\/v2\/posts\/13788","targetHints":{"allow":["GET"]}}],"collection":[{"href":"https:\/\/www.carillons.ch\/blog\/wp-json\/wp\/v2\/posts"}],"about":[{"href":"https:\/\/www.carillons.ch\/blog\/wp-json\/wp\/v2\/types\/post"}],"author":[{"embeddable":true,"href":"https:\/\/www.carillons.ch\/blog\/wp-json\/wp\/v2\/users\/1"}],"replies":[{"embeddable":true,"href":"https:\/\/www.carillons.ch\/blog\/wp-json\/wp\/v2\/comments?post=13788"}],"version-history":[{"count":2,"href":"https:\/\/www.carillons.ch\/blog\/wp-json\/wp\/v2\/posts\/13788\/revisions"}],"predecessor-version":[{"id":13871,"href":"https:\/\/www.carillons.ch\/blog\/wp-json\/wp\/v2\/posts\/13788\/revisions\/13871"}],"wp:featuredmedia":[{"embeddable":true,"href":"https:\/\/www.carillons.ch\/blog\/wp-json\/wp\/v2\/media\/13870"}],"wp:attachment":[{"href":"https:\/\/www.carillons.ch\/blog\/wp-json\/wp\/v2\/media?parent=13788"}],"wp:term":[{"taxonomy":"category","embeddable":true,"href":"https:\/\/www.carillons.ch\/blog\/wp-json\/wp\/v2\/categories?post=13788"},{"taxonomy":"post_tag","embeddable":true,"href":"https:\/\/www.carillons.ch\/blog\/wp-json\/wp\/v2\/tags?post=13788"}],"curies":[{"name":"wp","href":"https:\/\/api.w.org\/{rel}","templated":true}]}}