{"id":13977,"date":"2020-02-02T06:18:35","date_gmt":"2020-02-02T05:18:35","guid":{"rendered":"http:\/\/www.langages.ch\/blog\/?p=13977"},"modified":"2020-08-27T22:02:09","modified_gmt":"2020-08-27T20:02:09","slug":"jorat-programme-dactivites-2018","status":"publish","type":"post","link":"https:\/\/www.carillons.ch\/blog\/jorat-programme-dactivites-2018\/","title":{"rendered":"Jorat, Programme d&rsquo;activit\u00e9s 2018"},"content":{"rendered":"\n<p>L\u2019Abbaye de Montheron a particip\u00e9 \u00e0 plusieurs activit\u00e9s du Parc Naturel du Jorat en 2018 :<\/p>\n\n\n\n<p><strong>Excursions th\u00e9matiques &amp; d\u00e9couvertes du patrimoine<\/strong><\/p>\n\n\n\n<p><strong>Culturel<\/strong><\/p>\n\n\n\n<p>SA 19MAI &amp; 11 AO\u00dbT  10h &#8211; 16h Abbaye de Montheron<\/p>\n\n\n\n<p>Le Jorat au Moyen-\u00c2ge, sous l\u2019influence de l\u2019Eglise <em>Daniel Thomas | carillonneur et passionn\u00e9 d\u2019histoire<\/em><\/p>\n\n\n\n<p><strong>Projection &amp; conf\u00e9rences<\/strong><\/p>\n\n\n\n<p>JE 20 SEPTEMBRE&nbsp;18h30&nbsp;&#8211; 19h45&nbsp;l\u2019Abbaye de Montheron&nbsp;Monast\u00e8res dans le Jorat au Moyen-Age<br><em>Laurent Auberson | arch\u00e9ologue<\/em><\/p>\n\n\n\n<p>SA 23 JUIN&nbsp;Ferme des Troncs \u00e0 M\u00e9zi\u00e8res&nbsp;Festi\u2019Jorat, sacr\u00e9 patrimoine! avec un stand et un concert des Amis de l&rsquo;Abbaye de Montheron.<\/p>\n\n\n<a href=\"https:\/\/www.carillons.ch\/blog\/wp-content\/uploads\/2018-01-Jorat.pdf\" class=\"pdfemb-viewer\" style=\"\" data-width=\"max\" data-height=\"max\" data-toolbar=\"bottom\" data-toolbar-fixed=\"off\">2018-01-Jorat<\/a>\n\n\n\n<div class=\"wp-block-file\"><a href=\"http:\/\/www.langages.ch\/blog\/wp-content\/uploads\/2018-01-Jorat.pdf\">2018-01-Jorat<\/a><a href=\"http:\/\/www.langages.ch\/blog\/wp-content\/uploads\/2018-01-Jorat.pdf\" class=\"wp-block-file__button\" download>T\u00e9l\u00e9charger<\/a><\/div>\n\n\n<a href=\"https:\/\/www.carillons.ch\/blog\/wp-content\/uploads\/PNP_Programme_balade_manif_2018.pdf\" class=\"pdfemb-viewer\" style=\"\" data-width=\"max\" data-height=\"max\" data-toolbar=\"bottom\" data-toolbar-fixed=\"off\">PNP_Programme_balade_manif_2018<\/a>\n<p class=\"wp-block-pdfemb-pdf-embedder-viewer\"><\/p>\n\n\n\n<div class=\"wp-block-file\"><a href=\"http:\/\/www.langages.ch\/blog\/wp-content\/uploads\/PNP_Programme_balade_manif_2018.pdf\">PNP_Programme_balade_manif_2018<\/a><a href=\"http:\/\/www.langages.ch\/blog\/wp-content\/uploads\/PNP_Programme_balade_manif_2018.pdf\" class=\"wp-block-file__button\" download>T\u00e9l\u00e9charger<\/a><\/div>\n\n\n\n<figure class=\"wp-block-embed-wordpress wp-block-embed is-type-wp-embed is-provider-parc-naturel-du-jorat\"><div class=\"wp-block-embed__wrapper\">\n<blockquote class=\"wp-embedded-content\" data-secret=\"Ar3AUEADAk\"><a href=\"https:\/\/jorat.org\/activites\/\">Participez \u00e0 nos activit\u00e9s<\/a><\/blockquote><iframe loading=\"lazy\" class=\"wp-embedded-content\" sandbox=\"allow-scripts\" security=\"restricted\" style=\"position: absolute; clip: rect(1px, 1px, 1px, 1px);\" title=\"\u00ab\u00a0Participez \u00e0 nos activit\u00e9s\u00a0\u00bb &#8212; Parc naturel du Jorat\" src=\"https:\/\/jorat.org\/activites\/embed\/#?secret=wOAEdUif5v#?secret=Ar3AUEADAk\" data-secret=\"Ar3AUEADAk\" width=\"600\" height=\"338\" frameborder=\"0\" marginwidth=\"0\" marginheight=\"0\" scrolling=\"no\"><\/iframe>\n<\/div><\/figure>\n","protected":false},"excerpt":{"rendered":"<p>L\u2019Abbaye de Montheron a particip\u00e9 \u00e0 plusieurs activit\u00e9s du Parc Naturel du Jorat en 2018 : Excursions th\u00e9matiques &amp; d\u00e9couvertes du patrimoine Culturel SA 19MAI &amp; 11 AO\u00dbT 10h &#8211; 16h Abbaye de Montheron Le Jorat au Moyen-\u00c2ge, sous l\u2019influence de l\u2019Eglise Daniel Thomas | carillonneur et passionn\u00e9 d\u2019histoire Projection &amp; conf\u00e9rences JE 20 SEPTEMBRE&nbsp;18h30&nbsp;&#8211; 19h45&nbsp;l\u2019Abbaye de Montheron&nbsp;Monast\u00e8res\u2026 <span class=\"read-more\"><a href=\"https:\/\/www.carillons.ch\/blog\/jorat-programme-dactivites-2018\/\">Lire la suite &raquo;<\/a><\/span><\/p>\n","protected":false},"author":1,"featured_media":13980,"comment_status":"closed","ping_status":"closed","sticky":false,"template":"","format":"standard","meta":{"sfsi_plus_gutenberg_text_before_share":"","sfsi_plus_gutenberg_show_text_before_share":"","sfsi_plus_gutenberg_icon_type":"","sfsi_plus_gutenberg_icon_alignemt":"","sfsi_plus_gutenburg_max_per_row":"","_EventAllDay":false,"_EventTimezone":"","_EventStartDate":"","_EventEndDate":"","_EventStartDateUTC":"","_EventEndDateUTC":"","_EventShowMap":false,"_EventShowMapLink":false,"_EventURL":"","_EventCost":"","_EventCostDescription":"","_EventCurrencySymbol":"","_EventCurrencyCode":"","_EventCurrencyPosition":"","_EventDateTimeSeparator":"","_EventTimeRangeSeparator":"","_EventOrganizerID":[],"_EventVenueID":[],"_OrganizerEmail":"","_OrganizerPhone":"","_OrganizerWebsite":"","_VenueAddress":"","_VenueCity":"","_VenueCountry":"","_VenueProvince":"","_VenueState":"","_VenueZip":"","_VenuePhone":"","_VenueURL":"","_VenueStateProvince":"","_VenueLat":"","_VenueLng":"","_VenueShowMap":false,"_VenueShowMapLink":false,"footnotes":""},"categories":[8,676],"tags":[750],"class_list":["post-13977","post","type-post","status-publish","format-standard","has-post-thumbnail","hentry","category-aaam-abbaye-de-montheron","category-14-parc-naturel-du-jorat","tag-programme"],"_links":{"self":[{"href":"https:\/\/www.carillons.ch\/blog\/wp-json\/wp\/v2\/posts\/13977","targetHints":{"allow":["GET"]}}],"collection":[{"href":"https:\/\/www.carillons.ch\/blog\/wp-json\/wp\/v2\/posts"}],"about":[{"href":"https:\/\/www.carillons.ch\/blog\/wp-json\/wp\/v2\/types\/post"}],"author":[{"embeddable":true,"href":"https:\/\/www.carillons.ch\/blog\/wp-json\/wp\/v2\/users\/1"}],"replies":[{"embeddable":true,"href":"https:\/\/www.carillons.ch\/blog\/wp-json\/wp\/v2\/comments?post=13977"}],"version-history":[{"count":5,"href":"https:\/\/www.carillons.ch\/blog\/wp-json\/wp\/v2\/posts\/13977\/revisions"}],"predecessor-version":[{"id":14944,"href":"https:\/\/www.carillons.ch\/blog\/wp-json\/wp\/v2\/posts\/13977\/revisions\/14944"}],"wp:featuredmedia":[{"embeddable":true,"href":"https:\/\/www.carillons.ch\/blog\/wp-json\/wp\/v2\/media\/13980"}],"wp:attachment":[{"href":"https:\/\/www.carillons.ch\/blog\/wp-json\/wp\/v2\/media?parent=13977"}],"wp:term":[{"taxonomy":"category","embeddable":true,"href":"https:\/\/www.carillons.ch\/blog\/wp-json\/wp\/v2\/categories?post=13977"},{"taxonomy":"post_tag","embeddable":true,"href":"https:\/\/www.carillons.ch\/blog\/wp-json\/wp\/v2\/tags?post=13977"}],"curies":[{"name":"wp","href":"https:\/\/api.w.org\/{rel}","templated":true}]}}