{"id":14360,"date":"2020-02-17T13:50:58","date_gmt":"2020-02-17T12:50:58","guid":{"rendered":"http:\/\/www.langages.ch\/blog\/?p=14360"},"modified":"2021-10-24T07:13:41","modified_gmt":"2021-10-24T05:13:41","slug":"publication-avec-la-gccs-et-lofc-cloches","status":"publish","type":"post","link":"https:\/\/www.carillons.ch\/blog\/publication-avec-la-gccs-et-lofc-cloches\/","title":{"rendered":"Publication avec la GCCS et l&rsquo;OFC Cloches"},"content":{"rendered":"\n<p>La Guilde des Carillonneurs et Campanologues Suisses collaborent avec l\u2019OFC avec des experts f\u00e9d\u00e9raux campanaires et des publications<\/p>\n\n\n\n<h2 class=\"wp-block-heading\">S\u00e9rie de publications des monuments historiques, Cahier 5 : \u00abGlocken \u2013 lebendige Klangzeugen \u2013 Des t\u00e9moins vivants et sonnants\u00bb<\/h2>\n\n\n\n<figure class=\"wp-block-image\"><img decoding=\"async\" src=\"https:\/\/www.bak.admin.ch\/bak\/fr\/home\/documentation\/publications-recentes\/publications-2008\/_jcr_content\/par\/textimage_5\/image.imagespooler.jpg\/1503526239881\/156.1000\/glockenbuch.png\" alt=\"\"\/><figcaption>Glocken \u2013 lebendige Klangzeugen \u2013 Des t\u00e9moins vivants et sonnants<\/figcaption><\/figure>\n\n\n\n<p>Il n\u2019existe gu\u00e8re d\u2019instrument auquel sont attach\u00e9es tant d\u2019histoires fabuleuses et de l\u00e9gendes, d\u2019\u0153uvres po\u00e9tiques ou litt\u00e9raires, que la cloche. Son pouvoir de fascination est rest\u00e9 intact. Les cloches en Suisse, leur diversit\u00e9 et leur richesse forment le sujet du cinqui\u00e8me cahier de la s\u00e9rie de publications des monuments historiques, et sont examin\u00e9es sous diff\u00e9rentes approches. Le propos n\u2019est pas seulement de d\u00e9crire leurs propri\u00e9t\u00e9s instrumentales, mais de marquer leur importance de biens culturels historiques. L\u2019histoire de l\u2019art et de la culture, la religion, les monuments historiques, l\u2019artisanat, la technique, la musique, la culture et les traditions populaires sont autant de domaines abord\u00e9s par les articles rassembl\u00e9s dans ce cahier. Un glossaire contenant les notions \u00e9l\u00e9mentaires et un index des principaux fondeurs de cloches concluent l\u2019ouvrage.<br><br>Avec des textes de Higoum\u00e8ne Andr\u00e9 (Wade), B. Atzori, M. Fajdiga, Andreas Friedrich, Hans J\u00fcrg Gnehm, Josef Gr\u00fcnenfelder, Karl Imfeld, Thomas Muff, Stefan Muri, Urs Naef-Jakob, Fran\u00e7ois Roten, A. Rupp, Ursicin Schindler, R. Spielmann, Christian Thesen, Brigitte Vinzens, Werner H. Walter, Ivo zemp et une pr\u00e9face de Jean-Fr\u00e9d\u00e9ric Jauslin, directeur de l\u2019Office f\u00e9d\u00e9ral de la culture.<br><br>S\u00e9rie de publications des monuments historiques, cahier 5, Berne 2008. \u00c9d. Section Patrimoine culturel et monuments historiques, Office f\u00e9d\u00e9ral de la culture, Berne.<br>R\u00e9d. Ivo Zemp, Hans J\u00fcrg Gnehm.<br>231 pages, nombreuses illustrations couleur et noir\/blanc, texte d\/f. ISSN 1660-6523<br><br>Prix CHF 45.\u2013 (port et emballage inclus).<\/p>\n\n\n\n<p>A commander \u00e0 l&rsquo;Office de la Culture.<br><\/p>\n","protected":false},"excerpt":{"rendered":"<p>La Guilde des Carillonneurs et Campanologues Suisses collaborent avec l\u2019OFC avec des experts f\u00e9d\u00e9raux campanaires et des publications S\u00e9rie de publications des monuments historiques, Cahier 5 : \u00abGlocken \u2013 lebendige Klangzeugen \u2013 Des t\u00e9moins vivants et sonnants\u00bb Il n\u2019existe gu\u00e8re d\u2019instrument auquel sont attach\u00e9es tant d\u2019histoires fabuleuses et de l\u00e9gendes, d\u2019\u0153uvres po\u00e9tiques ou litt\u00e9raires, que la cloche. Son\u2026 <span class=\"read-more\"><a href=\"https:\/\/www.carillons.ch\/blog\/publication-avec-la-gccs-et-lofc-cloches\/\">Lire la suite &raquo;<\/a><\/span><\/p>\n","protected":false},"author":1,"featured_media":14672,"comment_status":"closed","ping_status":"closed","sticky":false,"template":"","format":"standard","meta":{"sfsi_plus_gutenberg_text_before_share":"","sfsi_plus_gutenberg_show_text_before_share":"","sfsi_plus_gutenberg_icon_type":"","sfsi_plus_gutenberg_icon_alignemt":"","sfsi_plus_gutenburg_max_per_row":"","_EventAllDay":false,"_EventTimezone":"","_EventStartDate":"","_EventEndDate":"","_EventStartDateUTC":"","_EventEndDateUTC":"","_EventShowMap":false,"_EventShowMapLink":false,"_EventURL":"","_EventCost":"","_EventCostDescription":"","_EventCurrencySymbol":"","_EventCurrencyCode":"","_EventCurrencyPosition":"","_EventDateTimeSeparator":"","_EventTimeRangeSeparator":"","_EventOrganizerID":[],"_EventVenueID":[],"_OrganizerEmail":"","_OrganizerPhone":"","_OrganizerWebsite":"","_VenueAddress":"","_VenueCity":"","_VenueCountry":"","_VenueProvince":"","_VenueState":"","_VenueZip":"","_VenuePhone":"","_VenueURL":"","_VenueStateProvince":"","_VenueLat":"","_VenueLng":"","_VenueShowMap":false,"_VenueShowMapLink":false,"footnotes":""},"categories":[58],"tags":[43],"class_list":["post-14360","post","type-post","status-publish","format-standard","has-post-thumbnail","hentry","category-gccs-guilde-des-carillonneurs-suisses","tag-cloches"],"_links":{"self":[{"href":"https:\/\/www.carillons.ch\/blog\/wp-json\/wp\/v2\/posts\/14360","targetHints":{"allow":["GET"]}}],"collection":[{"href":"https:\/\/www.carillons.ch\/blog\/wp-json\/wp\/v2\/posts"}],"about":[{"href":"https:\/\/www.carillons.ch\/blog\/wp-json\/wp\/v2\/types\/post"}],"author":[{"embeddable":true,"href":"https:\/\/www.carillons.ch\/blog\/wp-json\/wp\/v2\/users\/1"}],"replies":[{"embeddable":true,"href":"https:\/\/www.carillons.ch\/blog\/wp-json\/wp\/v2\/comments?post=14360"}],"version-history":[{"count":2,"href":"https:\/\/www.carillons.ch\/blog\/wp-json\/wp\/v2\/posts\/14360\/revisions"}],"predecessor-version":[{"id":15720,"href":"https:\/\/www.carillons.ch\/blog\/wp-json\/wp\/v2\/posts\/14360\/revisions\/15720"}],"wp:featuredmedia":[{"embeddable":true,"href":"https:\/\/www.carillons.ch\/blog\/wp-json\/wp\/v2\/media\/14672"}],"wp:attachment":[{"href":"https:\/\/www.carillons.ch\/blog\/wp-json\/wp\/v2\/media?parent=14360"}],"wp:term":[{"taxonomy":"category","embeddable":true,"href":"https:\/\/www.carillons.ch\/blog\/wp-json\/wp\/v2\/categories?post=14360"},{"taxonomy":"post_tag","embeddable":true,"href":"https:\/\/www.carillons.ch\/blog\/wp-json\/wp\/v2\/tags?post=14360"}],"curies":[{"name":"wp","href":"https:\/\/api.w.org\/{rel}","templated":true}]}}