{"id":16939,"date":"2023-09-09T21:52:51","date_gmt":"2023-09-09T19:52:51","guid":{"rendered":"https:\/\/www.carillons.ch\/blog\/?p=16939"},"modified":"2025-08-29T06:27:53","modified_gmt":"2025-08-29T04:27:53","slug":"liste-des-visites-guidees-proposees","status":"publish","type":"post","link":"https:\/\/www.carillons.ch\/blog\/liste-des-visites-guidees-proposees\/","title":{"rendered":"Liste des visites guid\u00e9es propos\u00e9es"},"content":{"rendered":"\n<p><strong>Liste des visites guid\u00e9es propos\u00e9es<\/strong><\/p>\n\n\n\n<p>Visites culturelles (promenades culturelles) propos\u00e9es par Daniel Thomas, organiste, carillonneur, licenci\u00e9s \u00e8s Lettres, qui pourraient vous int\u00e9resser, toujours avec histoire, art, architecture et une conclusion musicale sur les orgues ou carillon:<\/p>\n\n\n\n<p>Ces visites sont adaptables aux diff\u00e9rents publics (enfants, familles, seniors, &#8230;), en longueur, trajets, dur\u00e9es.<\/p>\n\n\n\n<p>Par r\u00e9gions :<\/p>\n\n\n\n<p><strong>R\u00e9gion Lausannoise<\/strong> :<\/p>\n\n\n\n<p>Visite guid\u00e9e de l\u2019<strong>\u00e9glise de la Rosiaz<\/strong>, son architecture, ses vitraux, ses ferronneries puis visite du carillon de 4 octaves et 48 cloches, et petit concert par Daniel Thomas, carillonneur. Architecture de Paul Lavenex. Vitraux de Bodjol et d\u2019Edmond Bille. Page de la <a href=\"https:\/\/www.carillons.ch\/blog\/visite-guidee-du-carillon-de-chantemerle\/\" data-type=\"link\" data-id=\"https:\/\/www.carillons.ch\/blog\/visite-guidee-du-carillon-de-chantemerle\/\">visite<\/a>.<\/p>\n\n\n\n<p>Le <strong>Prieur\u00e9 de Pully<\/strong>, villa romaine, grange viticole clunisienne et \u00e9glise chr\u00e9tienne. Page de la <a href=\"https:\/\/www.carillons.ch\/blog\/le-prieure-de-pully-villa-romaine-grange-viticole-clunisienne-visite-guidee\/\" data-type=\"link\" data-id=\"https:\/\/www.carillons.ch\/blog\/le-prieure-de-pully-villa-romaine-grange-viticole-clunisienne-visite-guidee\/\">visite<\/a>.<\/p>\n\n\n\n<p>Venez d\u00e9couvrir l\u2019histoire de l\u2019ancienne <strong>abbaye cistercienne de Montheron<\/strong>, et visiter les lieux arch\u00e9ologiques. Visites guid\u00e9es du site cistercien, de la salle capitulaire de l\u2019ancienne abbaye de Montheron et de l\u2019\u00e9glise actuelle, suivie d\u2019un concert sur les orgues nouvelles (2007) avec ses jeux de carillon et de rossignol, et anciennes (Sumiswald 1860) de l\u2019\u00e9glise. Page de la <a href=\"https:\/\/www.carillons.ch\/blog\/visites-guidees-a-labbaye-de-montheron\/\" data-type=\"link\" data-id=\"https:\/\/www.carillons.ch\/blog\/visites-guidees-a-labbaye-de-montheron\/\">visite<\/a>.<\/p>\n\n\n\n<p>L\u2019<strong>\u00e9glise romane de St-Sulpice<\/strong>, ancien Prieur\u00e9 clunisien. Visite guid\u00e9e du site viticole de l&rsquo;ancien Prieur\u00e9 clunisien de St-Sulpice avec son \u00e9glise romane m\u00e9di\u00e9vale. Prieur\u00e9 subordonn\u00e9 \u00e0 son abbaye m\u00e8re, aux moines b\u00e9n\u00e9dictins de l&rsquo;Abbaye de Molesme.&nbsp;<\/p>\n\n\n\n<p><strong>Le Gros de Vaud<\/strong> :<\/p>\n\n\n\n<p>L\u2019\u00c9glise paritaire S<strong>aint-Germain d\u2019Assens<\/strong>, t\u00e9moin d\u2019un mode de vie exceptionnel en Europe: le partage des lieux de culte. Page de la <a href=\"https:\/\/www.carillons.ch\/blog\/2018-10-11-octobre-assens-visite-guidee\/\" data-type=\"link\" data-id=\"https:\/\/www.carillons.ch\/blog\/2018-10-11-octobre-assens-visite-guidee\/\">visite<\/a>.<\/p>\n\n\n\n<p>La <strong>baronnie de Bercher et son ch\u00e2teau,<\/strong> l\u2019\u00e9glise et la cure. Visite de <a href=\"https:\/\/www.carillons.ch\/blog\/la-baronnie-de-bercher-et-son-chateau-leglise-et-la-cure-visite-guidee\/\" data-type=\"link\" data-id=\"https:\/\/www.carillons.ch\/blog\/la-baronnie-de-bercher-et-son-chateau-leglise-et-la-cure-visite-guidee\/\">Bercher<\/a>.<\/p>\n\n\n\n<p><strong>Bottens, ses trois clochers<\/strong>, ses deux \u00e9glises, ses deux ch\u00e2teaux et ses croix de rogations. Visite de <a href=\"https:\/\/www.carillons.ch\/blog\/bottens-ses-trois-clochers-ses-deux-eglises-ses-deux-chateaux-et-ses-croix-de-rogations\/\" data-type=\"link\" data-id=\"https:\/\/www.carillons.ch\/blog\/bottens-ses-trois-clochers-ses-deux-eglises-ses-deux-chateaux-et-ses-croix-de-rogations\/\">Bottens<\/a>.<\/p>\n\n\n\n<p><strong>Daillens, le choeur gothique de son \u00e9glise<\/strong>, ses d\u00e9cors peints du XIVe s. et son ch\u00e2teau: visite de <a href=\"https:\/\/www.carillons.ch\/blog\/2018-10-04-octobre-daillens-visite-guidee\/\" data-type=\"link\" data-id=\"https:\/\/www.carillons.ch\/blog\/2018-10-04-octobre-daillens-visite-guidee\/\">Daillens<\/a>.<\/p>\n\n\n\n<p><strong>Dommartin, ancienne petite ville fortifi\u00e9e<\/strong> et importante ch\u00e2tellenie du Jorat. Visite de Dommartin et son histoire singuli\u00e8re d\u2019un ancien ch\u00e2teau et une ville fortifi\u00e9e en bois entre les mains du Chapitre de Ia cath\u00e9drale de Lausanne (en 1185). Voir la page <a href=\"https:\/\/www.carillons.ch\/blog\/2018-09-21-septembre-dommartin-ville-fortifiee\/\" data-type=\"link\" data-id=\"https:\/\/www.carillons.ch\/blog\/2018-09-21-septembre-dommartin-ville-fortifiee\/\">Dommartin<\/a>.<\/p>\n\n\n\n<p><strong>\u00c9challens, ancien baillage mixte de Berne et Fribourg<\/strong>, son ch\u00e2teau, son Turlet, ses deux \u00e9glises. Voir la page <a href=\"https:\/\/www.carillons.ch\/blog\/2019-09-13-septembre-echallens-son-chateau-son-turlet-ses-deux-eglises\/\" data-type=\"link\" data-id=\"https:\/\/www.carillons.ch\/blog\/2019-09-13-septembre-echallens-son-chateau-son-turlet-ses-deux-eglises\/\">Echallens<\/a>.<\/p>\n\n\n\n<p><strong>L\u2019\u00c9glise paritaire Saint-Laurent d\u2019\u00c9tagni\u00e8res<\/strong>, son retable baroque, sa grille, ses sculptures. Visite culturelle \u00e0 Etagni\u00e8res Voir la page <a href=\"https:\/\/www.carillons.ch\/blog\/2019-05-17-mai-leglise-paritaire-saint-laurent-detagnieres\/\" data-type=\"link\" data-id=\"https:\/\/www.carillons.ch\/blog\/2019-05-17-mai-leglise-paritaire-saint-laurent-detagnieres\/\">Etagni\u00e8res<\/a>.<\/p>\n\n\n\n<p><strong>Goumoens-la-Ville<\/strong>, ses trois ch\u00e2teaux et son \u00e9glise carolingienne. Voir la page <a href=\"https:\/\/www.carillons.ch\/blog\/goumoens-la-ville-ses-trois-chateaux-et-son-eglise-carolingienne-visite-guidee\/\" data-type=\"link\" data-id=\"https:\/\/www.carillons.ch\/blog\/goumoens-la-ville-ses-trois-chateaux-et-son-eglise-carolingienne-visite-guidee\/\">Goumoens<\/a>.<\/p>\n\n\n\n<p><strong>Froideville, Frigida villa<\/strong>, village de serfs de l&rsquo;Abbaye de Montheron, fond\u00e9 en 1284, carillon de 16 cloches. Partez \u00e0 la d\u00e9couverte \u00e0 pied de l\u2019ancien domaine seigneurial de l\u2019Abbaye de Montheron qui occupait les territoires actuels de Froideville et des hameaux de Montheron. Froideville, cit\u00e9 fond\u00e9e en 1284 par les moines de Thela (Abbaye de Montheron) et habit\u00e9e par les domestiques ou serfs du couvent.&nbsp;Voir la page <a href=\"https:\/\/www.carillons.ch\/blog\/froideville-frigida-villa-village-de-serfs-de-labbaye-de-montheron-visite-guidee\/\" data-type=\"link\" data-id=\"https:\/\/www.carillons.ch\/blog\/froideville-frigida-villa-village-de-serfs-de-labbaye-de-montheron-visite-guidee\/\">Froideville<\/a>.<\/p>\n\n\n\n<p><strong>Le village de Morrens<\/strong>, ch\u00eane, \u00e9glise, cure du Major Davel et ch\u00e2teau. Voir la page <a href=\"https:\/\/www.carillons.ch\/blog\/le-village-de-morrens-chene-eglise-cure-et-chateau-visite-guidee\/\" data-type=\"link\" data-id=\"https:\/\/www.carillons.ch\/blog\/le-village-de-morrens-chene-eglise-cure-et-chateau-visite-guidee\/\">Morrens<\/a>.<\/p>\n\n\n\n<p><strong>Oulens-sous-\u00c9challens<\/strong>, son \u00e9glise m\u00e9di\u00e9vale, sa cure, sa grange des d\u00eemes. Voir la page <a href=\"https:\/\/www.carillons.ch\/blog\/2019-08-22-aout-oulens-sous-echallens-son-eglise-medievale\/\" data-type=\"link\" data-id=\"https:\/\/www.carillons.ch\/blog\/2019-08-22-aout-oulens-sous-echallens-son-eglise-medievale\/\">Oulens<\/a>.<\/p>\n\n\n\n<p><strong>Poliez-Pittet et ses 5 clochers<\/strong> : Le village aux 5 clochers, avec 6 cloches, 3 coqs, 2 croix, deux girouettes et une horloge! Voir la page <a href=\"https:\/\/www.carillons.ch\/blog\/poliez-pittet-et-ses-4-clochers-visite-guidee\/\" data-type=\"link\" data-id=\"https:\/\/www.carillons.ch\/blog\/poliez-pittet-et-ses-4-clochers-visite-guidee\/\">Poliez-Pittet<\/a>.<\/p>\n\n\n\n<p><strong>L\u2019\u00c9glise paritaire Saint-Nicolas de Villars-le-Terroir<\/strong>, t\u00e9moin d\u2019un mode de vie exceptionnel en Europe: le partage des lieux de culte. Voir la page <a href=\"https:\/\/www.carillons.ch\/blog\/leglise-paritaire-saint-nicolas-de-villars-le-terroir-visite-guidee\/\" data-type=\"link\" data-id=\"https:\/\/www.carillons.ch\/blog\/leglise-paritaire-saint-nicolas-de-villars-le-terroir-visite-guidee\/\">Villars-le-Terroir<\/a>.<\/p>\n\n\n\n<p><strong>Bettens, le ch\u00e2teau de son seigneur<\/strong> et son temple du temps de la r\u00e9forme<\/p>\n\n\n\n<p><strong>Mex<\/strong>, son temple du temps de la r\u00e9forme et ses trois ch\u00e2teaux<\/p>\n\n\n\n<p><strong>Maisons gothiques et ancien grenier de Fey <\/strong>et ruines du ch\u00e2teau et bourg fortifi\u00e9 de Bourjod. Visite guid\u00e9e des villages de Fey et de Vuarrens, de leurs anciennes b\u00e2tisses dans leur histoire m\u00e9di\u00e9vale li\u00e9e aux seigneurs de la r\u00e9gion. Visite du site du ch\u00e2teau et bourg fortifi\u00e9 de Bourjod. Site d&rsquo;une petite ville d\u00e9sert\u00e9e, qui n&rsquo;a pas r\u00e9ussi.<\/p>\n\n\n\n<p><strong>Saint-Barth\u00e9l\u00e9my<\/strong> avec ses deux \u00e9glises et son ch\u00e2teau m\u00e9di\u00e9val, Goumoens-le-Ch\u00e2tel. Visite guid\u00e9e de Saint-Barth\u00e9l\u00e9my, village aux deux \u00e9glises, un village en deux parties, une partie pr\u00e8s du ch\u00e2teau \u00e0 majorit\u00e9 r\u00e9form\u00e9e et une autre partie s&rsquo;appelant Bretigny, catholique.&nbsp;<\/p>\n\n\n\n<p>Le <strong>Jorat<\/strong> :<\/p>\n\n\n\n<p>L\u2019ANCIEN<strong> PRIEUR\u00c9 DE CHANOINES DE MONTPREVEYRES<\/strong> ET SON R\u00d4LE DANS LE JORAT Partez \u00e0 la d\u00e9couverte du domaine de l\u2019ancien Prieur\u00e9 de Montpreveyres (Mons presbiteri \u00ab Mont du pr\u00eatre \u00bb), d\u00e9pendance de la maison (hospice) des chanoines augustins du Grand-Saint-Bernard. Voir la page <a href=\"https:\/\/www.carillons.ch\/blog\/lancien-prieure-de-chanoines-de-montpreveyres-et-son-role-dans-le-jorat\/\" data-type=\"link\" data-id=\"https:\/\/www.carillons.ch\/blog\/lancien-prieure-de-chanoines-de-montpreveyres-et-son-role-dans-le-jorat\/\">Montpreveyres<\/a>.<\/p>\n\n\n\n<p>Balade Le Jorat au Moyen-Age : de <strong>Villars-Tiercelin \u00e0 Peney-le-Jorat,<\/strong> village fond\u00e9 par l\u2019Abbaye de Hautcr\u00eat<\/p>\n\n\n\n<p>Le Jorat au Moyen-Age : Le ch\u00e2teau de <strong>Ropraz<\/strong> et l\u2019\u00e9glise avec la chapelle des seigneurs Clavel de Ropraz Deux des ch\u00e2teaux du Jorat et une tr\u00e8s rare chapelle r\u00e9form\u00e9e dont le ch\u0153ur est d\u00e9di\u00e9 au souvenir d&rsquo;une famille seigneuriale locale.&nbsp;Voir la page <a href=\"https:\/\/www.carillons.ch\/blog\/le-chateau-de-ropraz-et-leglise-avec-la-chapelle-des-seigneurs-clavel-de-ropraz-visite\/\" data-type=\"post\" data-id=\"17254\">Ropraz<\/a>.<\/p>\n\n\n\n<p>Balade le Jorat au Moyen \u00c2ge, Le <strong>ch\u00e2teau d\u2019Ussi\u00e8res<\/strong> et la chapelle de Carrouge, b\u00e2tie par le seigneur Jean de Vuillens. Un des ch\u00e2teaux du Jorat. Le ch\u00e2teau d&rsquo;Ussi\u00e8res date de la seconde moiti\u00e9 du XVIIe si\u00e8cle, style Louis XIV.&nbsp;<\/p>\n\n\n\n<p>Balade le Jorat au Moyen \u00c2ge, la <strong>borne des Trois-Jorat et l\u2019hospice St-Catherine<\/strong><br>D\u00e9couvrez la c\u00e9l\u00e8bre Borne des Trois-Jorat illustrant les diff\u00e9rentes juridictions ayant cours dans cette for\u00eat. Imaginez les voyageurs et p\u00e8lerins au Moyen \u00c2ge \u00e0 travers les bois profonds. \u00c9vocation de l\u2019ancien couvent et hospice St-Catherine, qui accueillait et soignait les voyageurs.&nbsp;<\/p>\n\n\n\n<p>La <strong>Rivi\u00e9ra Lavaux<\/strong> :<\/p>\n\n\n\n<p>Le prieur\u00e9 b\u00e9n\u00e9dictin viticole de <strong>Lutry<\/strong> et sa magnifique \u00e9glise priorale. Visite guid\u00e9e de l\u2019ancien monast\u00e8re qui est \u00e0 l\u2019origine du bourg de Lutry et de sa richesse. Voir la page <a href=\"https:\/\/www.carillons.ch\/blog\/le-prieure-benedictin-viticole-de-lutry-visite-guidee\/\" data-type=\"post\" data-id=\"17235\">Lutry<\/a>.<\/p>\n\n\n\n<p>Le <strong>Clos des Abbayes<\/strong>, grange viticole cistercienne et sa chapelle gothique. Voir la page <a href=\"https:\/\/www.irreel.ch\/blog\/le-clos-des-abbayes-grange-viticole-cistercienne-et-sa-chapelle-gothique\/\" data-type=\"link\" data-id=\"https:\/\/www.irreel.ch\/blog\/le-clos-des-abbayes-grange-viticole-cistercienne-et-sa-chapelle-gothique\/\">D\u00e9zaley<\/a>.<\/p>\n\n\n\n<figure class=\"wp-block-embed is-type-wp-embed is-provider-irreel-org wp-block-embed-irreel-org\"><div class=\"wp-block-embed__wrapper\">\n<blockquote class=\"wp-embedded-content\" data-secret=\"1zFpuoEDHK\"><a href=\"https:\/\/www.irreel.ch\/blog\/le-clos-des-abbayes-grange-viticole-cistercienne-et-sa-chapelle-gothique\/\">Le Clos des Abbayes, grange viticole cistercienne et sa chapelle gothique<\/a><\/blockquote><iframe loading=\"lazy\" class=\"wp-embedded-content\" sandbox=\"allow-scripts\" security=\"restricted\" style=\"position: absolute; clip: rect(1px, 1px, 1px, 1px);\" title=\"\u00ab\u00a0Le Clos des Abbayes, grange viticole cistercienne et sa chapelle gothique\u00a0\u00bb &#8212; irreel.org\" src=\"https:\/\/www.irreel.ch\/blog\/le-clos-des-abbayes-grange-viticole-cistercienne-et-sa-chapelle-gothique\/embed\/#?secret=l7tWCCC1w6#?secret=1zFpuoEDHK\" data-secret=\"1zFpuoEDHK\" width=\"600\" height=\"338\" frameborder=\"0\" marginwidth=\"0\" marginheight=\"0\" scrolling=\"no\"><\/iframe>\n<\/div><\/figure>\n\n\n\n<p>La <strong>tour de Marsens<\/strong>, ancienne maison forte de l&rsquo;\u00e9v\u00eaque de Lausanne en Lavaux. Avec sa silhouette si particuli\u00e8re, la tour de Marsens, qui tient son nom de vignes que poss\u00e9daient les Pr\u00e9montr\u00e9s d\u2019Humilimont (Marsens FR), domine le paysage viticole de Lavaux.&nbsp;Voir la page <a href=\"https:\/\/www.carillons.ch\/blog\/la-tour-de-marsens2\/\" data-type=\"link\" data-id=\"https:\/\/www.carillons.ch\/blog\/la-tour-de-marsens2\/\">Tour de Marsens<\/a>.<\/p>\n\n\n\n<p><strong>Villeneuve, la \u00ab ville neuve de Chillon \u00bb<\/strong>, premi\u00e8re fondation de la maison de Savoie dans la r\u00e9gion. Voir la page <a href=\"https:\/\/www.carillons.ch\/blog\/villeneuve-la-ville-neuve-de-chillon-premiere-fondation-de-la-maison-de-savoie-dans-la-region\/\" data-type=\"link\" data-id=\"https:\/\/www.carillons.ch\/blog\/villeneuve-la-ville-neuve-de-chillon-premiere-fondation-de-la-maison-de-savoie-dans-la-region\/\">Villeneuve<\/a>.<\/p>\n\n\n\n<p>Un joyau de l\u2019art anglican en Suisse \u00e0 <strong>Territet<\/strong>, la for\u00eat stylis\u00e9e de l\u2019art n\u00e9o-gothique Visite de la chapelle anglicane de Territet. Lien privil\u00e9gi\u00e9 entre les touristes anglais et la d\u00e9couverte de la Suisse. Voir la page <a href=\"https:\/\/www.carillons.ch\/blog\/2019-10-03-oct-un-joyau-de-lart-anglican-en-suisse-a-territet\/\" data-type=\"link\" data-id=\"https:\/\/www.carillons.ch\/blog\/2019-10-03-oct-un-joyau-de-lart-anglican-en-suisse-a-territet\/\">Territet<\/a>.<\/p>\n\n\n\n<p><strong>Saint-Saphorin en Lavaux<\/strong>, villa romaine, \u00e9glise gothique, entre les vignes et le lac St-Saphorin en Lavaux, petit ville fond\u00e9e par l\u2019\u00e9v\u00eaque de Lausanne Marius en 580. Voir la page <a href=\"https:\/\/www.carillons.ch\/blog\/2019-06-22-juin-saint-saphorin-en-lavaux\/\" data-type=\"link\" data-id=\"https:\/\/www.carillons.ch\/blog\/2019-06-22-juin-saint-saphorin-en-lavaux\/\">St-Saphorin<\/a>.<\/p>\n\n\n\n<p><strong>l\u2019\u00e9glise de Ch\u00e2tel St-Denis<\/strong>, Chef d\u2019Oeuvre du n\u00e9o-gothique en Suisse, foisonnement des formes v\u00e9g\u00e9tales, feuilles, fleurs, branchages, dans les vitraux, les chapiteaux, les escaliers et stalles! Voir la page <a href=\"https:\/\/www.carillons.ch\/blog\/2019-09-05-septembre-leglise-de-chatel-st-denis\/\" data-type=\"link\" data-id=\"https:\/\/www.carillons.ch\/blog\/2019-09-05-septembre-leglise-de-chatel-st-denis\/\">Ch\u00e2tel-St-Denis<\/a>.<\/p>\n\n\n\n<p><strong>la Tour-de-Peilz<\/strong>, le bourg historique, le temple, le ch\u00e2teau, les murailles de la ville neuve savoyarde.<\/p>\n\n\n\n<p>Le <strong>Chablais<\/strong> :<\/p>\n\n\n\n<p>Le c<strong>arillon de 49 cloches de l\u2019Abbaye de St-Maurice<\/strong>, le plus grand carillon de Suisse Visite guid\u00e9e du Carillon de l\u2019Abbaye de St-Maurice et petit concert. Voir la page <a href=\"https:\/\/www.carillons.ch\/blog\/2018-09-13-septembre-le-carillon-de-49-cloches-de-labbaye-de-st-maurice\/\" data-type=\"link\" data-id=\"https:\/\/www.carillons.ch\/blog\/2018-09-13-septembre-le-carillon-de-49-cloches-de-labbaye-de-st-maurice\/\">St-Maurice<\/a>.<\/p>\n\n\n\n<p><strong>Aigle, ancien Prieur\u00e9 de chanoines<\/strong>, \u00e9glise du Clo\u00eetre et cure. <\/p>\n\n\n\n<p><strong>La C\u00f4te :<\/strong><\/p>\n\n\n\n<p><strong>Prangins, la vie au temps des seigneurs<\/strong>, avec son ch\u00e2teau et l&rsquo;\u00e9glise dot\u00e9e d&rsquo;une porte pour le seigneur. Visite guid\u00e9e du village historique, avec l&rsquo;ancien pressoir, la ferme du ch\u00e2teau, le temple \u00e0 la fois paroissial et seigneurial et les jardins du ch\u00e2teau, les anciens foss\u00e9s du ch\u00e2teau m\u00e9di\u00e9val, le ch\u00e2teau de l&rsquo;ext\u00e9rieur. Voir la page <a href=\"https:\/\/www.carillons.ch\/blog\/prangins-visite\/\" data-type=\"link\" data-id=\"https:\/\/www.carillons.ch\/blog\/prangins-visite\/\">Prangins<\/a>.<\/p>\n\n\n\n<p><strong>Bursins, prieur\u00e9 clunisien<\/strong>, grange viticole et maison forte. Visite guid\u00e9e du site viticole de l&rsquo;ancien Prieur\u00e9 de Bursins, d&rsquo;abord villa romaine jusqu&rsquo;au VIe s. qui a \u00e9t\u00e9 le noyau d\u2019un sanctuaire chr\u00e9tien, devenu la premi\u00e8re \u00e9glise paroissiale m\u00e9di\u00e9vale et grange viticole clunisienne appartenant aux moines b\u00e9n\u00e9dictins de l&rsquo;Abbaye de Romainm\u00f4tier.&nbsp;Voir la page <a href=\"https:\/\/www.carillons.ch\/blog\/bursins-prieure-clunisien-grange-viticole-et-maison-forte\/\" data-type=\"link\" data-id=\"https:\/\/www.carillons.ch\/blog\/bursins-prieure-clunisien-grange-viticole-et-maison-forte\/\">Bursins<\/a>.<\/p>\n\n\n\n<p>L\u2019ancien <strong>Prieur\u00e9 de chanoines d\u2019Etoy<\/strong> et un carillon m\u00e9canique de 16 cloches, visite. Partez \u00e0 la d\u00e9couverte du domaine de l\u2019ancien Prieur\u00e9 d\u2019Etoy la \u00ab Cella de Stoi \u00bb, d\u00e9pendance de la maison (hospice) des chanoines augustins du Grand-Saint-Bernard. Voir la page <a href=\"https:\/\/www.carillons.ch\/blog\/lancien-prieure-de-chanoines-detoy-et-un-carillon-mecanique-de-16-cloches-visite\/\" data-type=\"post\" data-id=\"17252\">Etoy<\/a>.<\/p>\n\n\n\n<p>Le <strong>Pied du Jura<\/strong> :<\/p>\n\n\n\n<p><strong>Baulmes, ancien prieur\u00e9 clunisien <\/strong>sur la route du col de l&rsquo;Aiguillon, sa tour de l&rsquo;horloge et son mus\u00e9e. Visite guid\u00e9e du site de voie de passage de l&rsquo;ancien Prieur\u00e9 clunisien de Baulmes, site de l&rsquo;un des plus anciens monast\u00e8res vaudois (du VII\u00e8 s.) selon la r\u00e8gle du moine irlandais St-Colomban, dont il subsiste l&rsquo;ambon de l&rsquo;\u00e9glise carolingienne.&nbsp;Voir la page <a href=\"https:\/\/www.carillons.ch\/blog\/baulmes-ancien-prieure-clunisien-sur-la-route-du-col-de-laiguillon-sa-tour-de-lhorloge-et-son-musee\/\" data-type=\"link\" data-id=\"https:\/\/www.carillons.ch\/blog\/baulmes-ancien-prieure-clunisien-sur-la-route-du-col-de-laiguillon-sa-tour-de-lhorloge-et-son-musee\/\">Baulmes<\/a>.<\/p>\n\n\n\n<p><strong>Onnens<\/strong>, son ch\u0153ur gothique, ses d\u00e9cors peints du XVe s. (enfer et paradis) et son dolmen. Visite guid\u00e9e de l\u2019\u00e9glise Saint-Martin d\u2019Onnens qui a dans le ch\u0153ur un d\u00e9cor peint de tr\u00e8s grande qualit\u00e9, du d\u00e9but du XVe si\u00e8cle. Ces peintures repr\u00e9sentent la Mise au tombeau et le Jugement dernier avec une \u00e9vocation du paradis et des enfers.&nbsp;Voir la page <a href=\"https:\/\/www.carillons.ch\/blog\/onnens-son-choeur-gothique-ses-decors-peints-du-xve-s-enfer-et-paradis-et-son-dolmen\/\" data-type=\"link\" data-id=\"https:\/\/www.carillons.ch\/blog\/onnens-son-choeur-gothique-ses-decors-peints-du-xve-s-enfer-et-paradis-et-son-dolmen\/\">Onnens<\/a>.<\/p>\n\n\n\n<p><strong>Bretonni\u00e8res, \u00e9glise romane<\/strong>, moulin traditionnel, village de serfs du Prieur\u00e9 de Romainm\u00f4tier, visite. L\u2019\u00e9glise de Bretonni\u00e8res, romane du XIe s. et gothique par ses transformations et l\u2019un des premiers \u00e9difices religieux construits en pierre dans le Pays de Vaud.\u00a0Voir la page <a href=\"https:\/\/www.carillons.ch\/blog\/bretonnieres-eglise-romane-moulin-traditionnel-village-de-serfs-du-prieure-de-romainmotier-visite\/\" data-type=\"link\" data-id=\"https:\/\/www.carillons.ch\/blog\/bretonnieres-eglise-romane-moulin-traditionnel-village-de-serfs-du-prieure-de-romainmotier-visite\/\">Bretonni\u00e8res<\/a>.<\/p>\n\n\n\n<p>La porte et le pont qui enjambe <strong>l\u2019Orbe au d\u00e9fil\u00e9 des Cl\u00e9es<\/strong>, avec sa forteresse, passage commercial m\u00e9di\u00e9val d&rsquo;importance europ\u00e9enne. Attest\u00e9 d\u00e8s 1050, un pont enjambe l\u2019Orbe au d\u00e9fil\u00e9 des Cl\u00e9es, au pied d\u2019une forteresse probablement en bois qui servait de refuge \u00e0 des brigands qui d\u00e9troussaient les voyageurs. Ce pont \u00e9tait ferm\u00e9 par une porte qui ne s\u2019ouvrait que moyennant ran\u00e7on\u2026 Voir la page le <a href=\"https:\/\/www.carillons.ch\/blog\/le-pont-sur-l-orbe\/\" data-type=\"link\" data-id=\"https:\/\/www.carillons.ch\/blog\/le-pont-sur-l-orbe\/\">pont sur l&rsquo;Orbe<\/a>.<\/p>\n\n\n\n<p><strong>Concise, son \u00e9glise romane du XI\u00e8 s<\/strong>., ses fermes gothiques et le m\u00e9morial de la bataille de Grandson. Visite guid\u00e9e du village vigneron de Concise et de son \u00e9glise romane. D\u00e9pendant du Prieur\u00e9 de Grandson jusqu\u2019\u00e0 la R\u00e9forme, l\u2019\u00e9glise St Jean-Baptiste de Concise date de la fin du 11e&nbsp;si\u00e8cle.<\/p>\n\n\n\n<p>L<strong>&lsquo;Abbaye des chanoines Pr\u00e9montr\u00e9s du Lac de Joux<\/strong>, sa tour m\u00e9di\u00e9vale et le village de l&rsquo;Abbaye. Partez \u00e0 la d\u00e9couverte du domaine de l\u2019ancienne abbaye de chanoines Pr\u00e9montr\u00e9s du Lac de Joux, fond\u00e9e en 1126, fille d\u2019un monast\u00e8re pr\u00e9montr\u00e9 \u00e0 Saint-Martin de Laon. Ces chanoines ont les premiers colonis\u00e9 la vall\u00e9e de Joux au Moyen \u00c2ge.&nbsp;<\/p>\n\n\n\n<p><strong>Bourg m\u00e9di\u00e9val d&rsquo;Orbe<\/strong>, \u00e9glise en gothique flamboyant, ch\u00e2teau bourguignon. Visite guid\u00e9e du bourg m\u00e9di\u00e9val d&rsquo;Orbe. Les Seigneurs de Montfaucon poss\u00e9d\u00e8rent la ville d\u2019Orbe de 1168 \u00e0 la fin du XVIe si\u00e8cle (suite aux attaques de Berne et Fribourg).<\/p>\n\n\n\n<p><strong>Chartreuse de la Lance<\/strong>, clo\u00eetre et ancienne \u00e9glise, carri\u00e8res romaines. Visite guid\u00e9e de la chartreuse et des carri\u00e8res romaines. Une chartreuse perp\u00e9tue le nom de la rivi\u00e8re qui la traverse, La Lancy, fond\u00e9e en 1317 par Othon Ier de Grandson. Voir la page La <a href=\"https:\/\/www.carillons.ch\/blog\/chartreuse-de-la-lance-cloitre-et-ancienne-eglise\/\" data-type=\"link\" data-id=\"https:\/\/www.carillons.ch\/blog\/chartreuse-de-la-lance-cloitre-et-ancienne-eglise\/\">Lance<\/a>.<\/p>\n\n\n\n<p><strong>Le Nord vaudois<\/strong> :<\/p>\n\n\n\n<p>Ch\u00e2teau et bourg fortifi\u00e9 de <strong>St-Martin du Ch\u00eane<\/strong> et \u00e9glise ovale de Ch\u00eane-P\u00e2quier. En Suisse Romande, Saint-Martin du Ch\u00eane est l&rsquo;un des plus beau endroits pour d\u00e9couvrir une ville disparue. Qu&rsquo;est-ce qui diff\u00e9rencie une ville d&rsquo;un village au Moyen \u00c2ge? Des murailles et des franchises (libert\u00e9s).<\/p>\n","protected":false},"excerpt":{"rendered":"<p>Liste des visites guid\u00e9es propos\u00e9es Visites culturelles (promenades culturelles) propos\u00e9es par Daniel Thomas, organiste, carillonneur, licenci\u00e9s \u00e8s Lettres, qui pourraient vous int\u00e9resser, toujours avec histoire, art, architecture et une conclusion musicale sur les orgues ou carillon: Ces visites sont adaptables aux diff\u00e9rents publics (enfants, familles, seniors, &#8230;), en longueur, trajets, dur\u00e9es. Par r\u00e9gions : R\u00e9gion Lausannoise : Visite\u2026 <span class=\"read-more\"><a href=\"https:\/\/www.carillons.ch\/blog\/liste-des-visites-guidees-proposees\/\">Lire la suite &raquo;<\/a><\/span><\/p>\n","protected":false},"author":1,"featured_media":10817,"comment_status":"open","ping_status":"closed","sticky":false,"template":"","format":"standard","meta":{"sfsi_plus_gutenberg_text_before_share":"","sfsi_plus_gutenberg_show_text_before_share":"","sfsi_plus_gutenberg_icon_type":"","sfsi_plus_gutenberg_icon_alignemt":"","sfsi_plus_gutenburg_max_per_row":"","_EventAllDay":false,"_EventTimezone":"","_EventStartDate":"","_EventEndDate":"","_EventStartDateUTC":"","_EventEndDateUTC":"","_EventShowMap":false,"_EventShowMapLink":false,"_EventURL":"","_EventCost":"","_EventCostDescription":"","_EventCurrencySymbol":"","_EventCurrencyCode":"","_EventCurrencyPosition":"","_EventDateTimeSeparator":"","_EventTimeRangeSeparator":"","_EventOrganizerID":[],"_EventVenueID":[],"_OrganizerEmail":"","_OrganizerPhone":"","_OrganizerWebsite":"","_VenueAddress":"","_VenueCity":"","_VenueCountry":"","_VenueProvince":"","_VenueState":"","_VenueZip":"","_VenuePhone":"","_VenueURL":"","_VenueStateProvince":"","_VenueLat":"","_VenueLng":"","_VenueShowMap":false,"_VenueShowMapLink":false,"footnotes":""},"categories":[25,253],"tags":[494,189],"class_list":["post-16939","post","type-post","status-publish","format-standard","has-post-thumbnail","hentry","category-orgue","category-visite-guidee-style","tag-orgue","tag-visite-guidee"],"_links":{"self":[{"href":"https:\/\/www.carillons.ch\/blog\/wp-json\/wp\/v2\/posts\/16939","targetHints":{"allow":["GET"]}}],"collection":[{"href":"https:\/\/www.carillons.ch\/blog\/wp-json\/wp\/v2\/posts"}],"about":[{"href":"https:\/\/www.carillons.ch\/blog\/wp-json\/wp\/v2\/types\/post"}],"author":[{"embeddable":true,"href":"https:\/\/www.carillons.ch\/blog\/wp-json\/wp\/v2\/users\/1"}],"replies":[{"embeddable":true,"href":"https:\/\/www.carillons.ch\/blog\/wp-json\/wp\/v2\/comments?post=16939"}],"version-history":[{"count":21,"href":"https:\/\/www.carillons.ch\/blog\/wp-json\/wp\/v2\/posts\/16939\/revisions"}],"predecessor-version":[{"id":18117,"href":"https:\/\/www.carillons.ch\/blog\/wp-json\/wp\/v2\/posts\/16939\/revisions\/18117"}],"wp:featuredmedia":[{"embeddable":true,"href":"https:\/\/www.carillons.ch\/blog\/wp-json\/wp\/v2\/media\/10817"}],"wp:attachment":[{"href":"https:\/\/www.carillons.ch\/blog\/wp-json\/wp\/v2\/media?parent=16939"}],"wp:term":[{"taxonomy":"category","embeddable":true,"href":"https:\/\/www.carillons.ch\/blog\/wp-json\/wp\/v2\/categories?post=16939"},{"taxonomy":"post_tag","embeddable":true,"href":"https:\/\/www.carillons.ch\/blog\/wp-json\/wp\/v2\/tags?post=16939"}],"curies":[{"name":"wp","href":"https:\/\/api.w.org\/{rel}","templated":true}]}}