{"id":16984,"date":"2023-09-11T11:11:31","date_gmt":"2023-09-11T09:11:31","guid":{"rendered":"https:\/\/www.carillons.ch\/blog\/?p=16984"},"modified":"2023-09-13T18:14:48","modified_gmt":"2023-09-13T16:14:48","slug":"le-pont-sur-l-orbe","status":"publish","type":"post","link":"https:\/\/www.carillons.ch\/blog\/le-pont-sur-l-orbe\/","title":{"rendered":"La porte et le pont qui enjambe l\u2019Orbe au d\u00e9fil\u00e9 des Cl\u00e9es, avec sa forteresse, passage commercial m\u00e9di\u00e9val d&rsquo;importance europ\u00e9enne"},"content":{"rendered":"\n<h2 class=\"wp-block-heading\">Histoire d&rsquo;une ancienne ville prosp\u00e8re avec son p\u00e9age, son pont et sa forteresse qui est redevenue un village<\/h2>\n\n\n\n<p>Attest\u00e9 d\u00e8s 1050, un pont enjambe l\u2019Orbe au d\u00e9fil\u00e9 des Cl\u00e9es, au pied d\u2019une forteresse probablement en bois qui servait de refuge \u00e0 des brigands qui d\u00e9troussaient les voyageurs. Ce pont \u00e9tait ferm\u00e9 par une porte qui ne s\u2019ouvrait que moyennant ran\u00e7on\u2026 Le passage par les Cl\u00e9es \u00e9tait d\u2019une telle importance commerciale, \u00e0 l\u2019\u00e9chelle europ\u00e9enne, que le pape intervint et demanda \u00e0 l\u2019\u00e9v\u00eaque de Lausanne en 1130 d\u2019emp\u00eacher la reconstruction de la forteresse d\u00e9molie, sous peine d\u2019excommunication. Mais le ch\u00e2teau fut reconstruit, car il \u00e9tait n\u00e9cessaire \u00e0 la s\u00e9curit\u00e9 du passage en vue de l\u2019instauration d\u2019un p\u00e9age. Nous sommes au 13e si\u00e8cle. En 1250, la seigneurie des Cl\u00e9es revint \u00e0 Pierre de Savoie, puissant seigneur du Pays de Vaud. Il reste de ce nouveau ch\u00e2teau le donjon carr\u00e9 que l\u2019on peut voir encore aujourd\u2019hui. Visite du pont, du bourg m\u00e9di\u00e9val et du jardin du ch\u00e2teau.<\/p>\n\n\n\n<figure class=\"wp-block-image size-large\"><img loading=\"lazy\" decoding=\"async\" width=\"1024\" height=\"768\" src=\"https:\/\/www.carillons.ch\/blog\/wp-content\/uploads\/chateau-les-clees-1024x768.jpg\" alt=\"\" class=\"wp-image-16981\" srcset=\"https:\/\/www.carillons.ch\/blog\/wp-content\/uploads\/chateau-les-clees-1024x768.jpg 1024w, https:\/\/www.carillons.ch\/blog\/wp-content\/uploads\/chateau-les-clees-300x225.jpg 300w, https:\/\/www.carillons.ch\/blog\/wp-content\/uploads\/chateau-les-clees-150x113.jpg 150w, https:\/\/www.carillons.ch\/blog\/wp-content\/uploads\/chateau-les-clees-768x576.jpg 768w, https:\/\/www.carillons.ch\/blog\/wp-content\/uploads\/chateau-les-clees-665x499.jpg 665w, https:\/\/www.carillons.ch\/blog\/wp-content\/uploads\/chateau-les-clees.jpg 1200w\" sizes=\"auto, (max-width: 1024px) 100vw, 1024px\" \/><\/figure>\n\n\n\n<p>\u00c9coute de musiques du Moyen \u00c2ge et de la R\u00e9forme aux orgues de l&rsquo;\u00e9glise. Partie de la visite en plein air, pr\u00e9voir une tenue adapt\u00e9e \u00e0 la m\u00e9t\u00e9o. Visite anim\u00e9e par Daniel Thomas, musicien et licenci\u00e9 \u00e8s Lettres. Acc\u00e8s en train et car postal 613.<\/p>\n\n\n\n<p>Vous pourrez-vous voir sur le site langages.ch quand la visite sera donn\u00e9e \u00e0 nouveau : <a href=\"https:\/\/www.carillons.ch\/blog\/events\/categorie\/agenda\/type-dactivite\/visite-guidee\/\">agenda<\/a> des visites.<\/p>\n\n\n\n<p>Vous pouvez aussi r\u00e9server une visite priv\u00e9e pour une famille, un groupe ou vous-m\u00eames sur la page de&nbsp;<a href=\"http:\/\/www.irreel.ch\/blog\/plan\/contact\/\">contact<\/a>.<\/p>\n\n\n\n<figure class=\"wp-block-image size-large\"><img loading=\"lazy\" decoding=\"async\" width=\"1024\" height=\"1024\" src=\"https:\/\/www.carillons.ch\/blog\/wp-content\/uploads\/Collage-lignerolles-les-clees-2-1024x1024.jpg\" alt=\"\" class=\"wp-image-17019\" srcset=\"https:\/\/www.carillons.ch\/blog\/wp-content\/uploads\/Collage-lignerolles-les-clees-2-1024x1024.jpg 1024w, https:\/\/www.carillons.ch\/blog\/wp-content\/uploads\/Collage-lignerolles-les-clees-2-300x300.jpg 300w, https:\/\/www.carillons.ch\/blog\/wp-content\/uploads\/Collage-lignerolles-les-clees-2-150x150.jpg 150w, https:\/\/www.carillons.ch\/blog\/wp-content\/uploads\/Collage-lignerolles-les-clees-2-768x768.jpg 768w, https:\/\/www.carillons.ch\/blog\/wp-content\/uploads\/Collage-lignerolles-les-clees-2-1536x1536.jpg 1536w, https:\/\/www.carillons.ch\/blog\/wp-content\/uploads\/Collage-lignerolles-les-clees-2-665x665.jpg 665w, https:\/\/www.carillons.ch\/blog\/wp-content\/uploads\/Collage-lignerolles-les-clees-2.jpg 1600w\" sizes=\"auto, (max-width: 1024px) 100vw, 1024px\" \/><\/figure>\n","protected":false},"excerpt":{"rendered":"<p>Histoire d&rsquo;une ancienne ville prosp\u00e8re avec son p\u00e9age, son pont et sa forteresse qui est redevenue un village Attest\u00e9 d\u00e8s 1050, un pont enjambe l\u2019Orbe au d\u00e9fil\u00e9 des Cl\u00e9es, au pied d\u2019une forteresse probablement en bois qui servait de refuge \u00e0 des brigands qui d\u00e9troussaient les voyageurs. Ce pont \u00e9tait ferm\u00e9 par une porte qui ne s\u2019ouvrait que\u2026 <span class=\"read-more\"><a href=\"https:\/\/www.carillons.ch\/blog\/le-pont-sur-l-orbe\/\">Lire la suite &raquo;<\/a><\/span><\/p>\n","protected":false},"author":1,"featured_media":16980,"comment_status":"open","ping_status":"closed","sticky":false,"template":"","format":"standard","meta":{"sfsi_plus_gutenberg_text_before_share":"","sfsi_plus_gutenberg_show_text_before_share":"","sfsi_plus_gutenberg_icon_type":"","sfsi_plus_gutenberg_icon_alignemt":"","sfsi_plus_gutenburg_max_per_row":"","_EventAllDay":false,"_EventTimezone":"","_EventStartDate":"","_EventEndDate":"","_EventStartDateUTC":"","_EventEndDateUTC":"","_EventShowMap":false,"_EventShowMapLink":false,"_EventURL":"","_EventCost":"","_EventCostDescription":"","_EventCurrencySymbol":"","_EventCurrencyCode":"","_EventCurrencyPosition":"","_EventDateTimeSeparator":"","_EventTimeRangeSeparator":"","_EventOrganizerID":[],"_EventVenueID":[],"_OrganizerEmail":"","_OrganizerPhone":"","_OrganizerWebsite":"","_VenueAddress":"","_VenueCity":"","_VenueCountry":"","_VenueProvince":"","_VenueState":"","_VenueZip":"","_VenuePhone":"","_VenueURL":"","_VenueStateProvince":"","_VenueLat":"","_VenueLng":"","_VenueShowMap":false,"_VenueShowMapLink":false,"footnotes":""},"categories":[253],"tags":[816,494,867,189],"class_list":["post-16984","post","type-post","status-publish","format-standard","has-post-thumbnail","hentry","category-visite-guidee-style","tag-chateau-2","tag-orgue","tag-pont","tag-visite-guidee"],"_links":{"self":[{"href":"https:\/\/www.carillons.ch\/blog\/wp-json\/wp\/v2\/posts\/16984","targetHints":{"allow":["GET"]}}],"collection":[{"href":"https:\/\/www.carillons.ch\/blog\/wp-json\/wp\/v2\/posts"}],"about":[{"href":"https:\/\/www.carillons.ch\/blog\/wp-json\/wp\/v2\/types\/post"}],"author":[{"embeddable":true,"href":"https:\/\/www.carillons.ch\/blog\/wp-json\/wp\/v2\/users\/1"}],"replies":[{"embeddable":true,"href":"https:\/\/www.carillons.ch\/blog\/wp-json\/wp\/v2\/comments?post=16984"}],"version-history":[{"count":2,"href":"https:\/\/www.carillons.ch\/blog\/wp-json\/wp\/v2\/posts\/16984\/revisions"}],"predecessor-version":[{"id":17021,"href":"https:\/\/www.carillons.ch\/blog\/wp-json\/wp\/v2\/posts\/16984\/revisions\/17021"}],"wp:featuredmedia":[{"embeddable":true,"href":"https:\/\/www.carillons.ch\/blog\/wp-json\/wp\/v2\/media\/16980"}],"wp:attachment":[{"href":"https:\/\/www.carillons.ch\/blog\/wp-json\/wp\/v2\/media?parent=16984"}],"wp:term":[{"taxonomy":"category","embeddable":true,"href":"https:\/\/www.carillons.ch\/blog\/wp-json\/wp\/v2\/categories?post=16984"},{"taxonomy":"post_tag","embeddable":true,"href":"https:\/\/www.carillons.ch\/blog\/wp-json\/wp\/v2\/tags?post=16984"}],"curies":[{"name":"wp","href":"https:\/\/api.w.org\/{rel}","templated":true}]}}