{"id":17252,"date":"2024-01-21T18:12:21","date_gmt":"2024-01-21T17:12:21","guid":{"rendered":"https:\/\/www.carillons.ch\/blog\/?p=17252"},"modified":"2025-05-08T11:31:40","modified_gmt":"2025-05-08T09:31:40","slug":"lancien-prieure-de-chanoines-detoy-et-un-carillon-mecanique-de-16-cloches-visite","status":"publish","type":"post","link":"https:\/\/www.carillons.ch\/blog\/lancien-prieure-de-chanoines-detoy-et-un-carillon-mecanique-de-16-cloches-visite\/","title":{"rendered":"L\u2019ancien Prieur\u00e9 de chanoines d&rsquo;Etoy et un carillon m\u00e9canique de 16 cloches, visite"},"content":{"rendered":"\n<p>Visite du village viticole d&rsquo;Etoy et de son ancien Prieur\u00e9<br><\/p>\n\n\n\n<p>Partez \u00e0 la d\u00e9couverte du domaine de l\u2019ancien Prieur\u00e9 d\u2019Etoy la \u00ab&nbsp;Cella de Stoi&nbsp;\u00bb, d\u00e9pendance de la maison (hospice) des chanoines augustins du Grand-Saint-Bernard. &nbsp;Etoy \u00e9tait un des \u00e9l\u00e9ments du tr\u00e8s vaste r\u00e9seau de prieur\u00e9s et d\u2019hospices dont dispose l\u2019\u00e9tablissement religieux du grand col alpin. Le prieur\u00e9 initial, toujours situ\u00e9 place de l\u2019\u00e9glise, a vu sa fa\u00e7ade reconstruite \u00e0 la fin du XVIIe en style Renaissance, avec loggias, cordons continus, pilastres et larges ouvertures. L\u2019\u00e9glise du Prieur\u00e9, pr\u00e9sente, \u00e0 l\u2019int\u00e9rieur, un arc triomphal du XII\u00e8me si\u00e8cle; et son clocher \u00e9tait autrefois une tour de d\u00e9fense avec des meurtri\u00e8res. \u00c9coute de musiques du Moyen \u00c2ge et de la R\u00e9forme aux orgues de l\u2019\u00e9glise. Petit concert au carillon m\u00e9canique de 16 cloches de la chapelle de l\u2019Esp\u00e9rance. Partie de la visite en plein air, pr\u00e9voir une tenue adapt\u00e9e \u00e0 la m\u00e9t\u00e9o. Visite anim\u00e9e par Daniel Thomas, musicien et licenci\u00e9 \u00e8s Lettres<\/p>\n\n\n\n<p>Vous pourrez-vous voir sur le site langages.ch quand la visite sera donn\u00e9e \u00e0 nouveau :&nbsp;<a href=\"http:\/\/www.langages.ch\/blog\/tag\/visite-guidee\/\" target=\"_blank\" rel=\"noreferrer noopener\">http:\/\/www.langages.ch\/blog\/tag\/visite-guidee\/<\/a><\/p>\n\n\n\n<p>Vous pouvez aussi r\u00e9server une visite priv\u00e9e pour une famille, un groupe ou vous-m\u00eames sur la page de&nbsp;<a href=\"http:\/\/www.langages.ch\/blog\/contact\/\">contact<\/a>.<\/p>\n","protected":false},"excerpt":{"rendered":"<p>Visite du village viticole d&rsquo;Etoy et de son ancien Prieur\u00e9 Partez \u00e0 la d\u00e9couverte du domaine de l\u2019ancien Prieur\u00e9 d\u2019Etoy la \u00ab&nbsp;Cella de Stoi&nbsp;\u00bb, d\u00e9pendance de la maison (hospice) des chanoines augustins du Grand-Saint-Bernard. &nbsp;Etoy \u00e9tait un des \u00e9l\u00e9ments du tr\u00e8s vaste r\u00e9seau de prieur\u00e9s et d\u2019hospices dont dispose l\u2019\u00e9tablissement religieux du grand col alpin. Le prieur\u00e9 initial,\u2026 <span class=\"read-more\"><a href=\"https:\/\/www.carillons.ch\/blog\/lancien-prieure-de-chanoines-detoy-et-un-carillon-mecanique-de-16-cloches-visite\/\">Lire la suite &raquo;<\/a><\/span><\/p>\n","protected":false},"author":1,"featured_media":17250,"comment_status":"open","ping_status":"closed","sticky":false,"template":"","format":"standard","meta":{"sfsi_plus_gutenberg_text_before_share":"","sfsi_plus_gutenberg_show_text_before_share":"","sfsi_plus_gutenberg_icon_type":"","sfsi_plus_gutenberg_icon_alignemt":"","sfsi_plus_gutenburg_max_per_row":"","_EventAllDay":false,"_EventTimezone":"","_EventStartDate":"","_EventEndDate":"","_EventStartDateUTC":"","_EventEndDateUTC":"","_EventShowMap":false,"_EventShowMapLink":false,"_EventURL":"","_EventCost":"","_EventCostDescription":"","_EventCurrencySymbol":"","_EventCurrencyCode":"","_EventCurrencyPosition":"","_EventDateTimeSeparator":"","_EventTimeRangeSeparator":"","_EventOrganizerID":[],"_EventVenueID":[],"_OrganizerEmail":"","_OrganizerPhone":"","_OrganizerWebsite":"","_VenueAddress":"","_VenueCity":"","_VenueCountry":"","_VenueProvince":"","_VenueState":"","_VenueZip":"","_VenuePhone":"","_VenueURL":"","_VenueStateProvince":"","_VenueLat":"","_VenueLng":"","_VenueShowMap":false,"_VenueShowMapLink":false,"footnotes":""},"categories":[9,25,691,253],"tags":[490,494,189],"class_list":["post-17252","post","type-post","status-publish","format-standard","has-post-thumbnail","hentry","category-carillon","category-orgue","category-universite-populaire-de-lausanne","category-visite-guidee-style","tag-carillon","tag-orgue","tag-visite-guidee"],"_links":{"self":[{"href":"https:\/\/www.carillons.ch\/blog\/wp-json\/wp\/v2\/posts\/17252","targetHints":{"allow":["GET"]}}],"collection":[{"href":"https:\/\/www.carillons.ch\/blog\/wp-json\/wp\/v2\/posts"}],"about":[{"href":"https:\/\/www.carillons.ch\/blog\/wp-json\/wp\/v2\/types\/post"}],"author":[{"embeddable":true,"href":"https:\/\/www.carillons.ch\/blog\/wp-json\/wp\/v2\/users\/1"}],"replies":[{"embeddable":true,"href":"https:\/\/www.carillons.ch\/blog\/wp-json\/wp\/v2\/comments?post=17252"}],"version-history":[{"count":2,"href":"https:\/\/www.carillons.ch\/blog\/wp-json\/wp\/v2\/posts\/17252\/revisions"}],"predecessor-version":[{"id":17967,"href":"https:\/\/www.carillons.ch\/blog\/wp-json\/wp\/v2\/posts\/17252\/revisions\/17967"}],"wp:featuredmedia":[{"embeddable":true,"href":"https:\/\/www.carillons.ch\/blog\/wp-json\/wp\/v2\/media\/17250"}],"wp:attachment":[{"href":"https:\/\/www.carillons.ch\/blog\/wp-json\/wp\/v2\/media?parent=17252"}],"wp:term":[{"taxonomy":"category","embeddable":true,"href":"https:\/\/www.carillons.ch\/blog\/wp-json\/wp\/v2\/categories?post=17252"},{"taxonomy":"post_tag","embeddable":true,"href":"https:\/\/www.carillons.ch\/blog\/wp-json\/wp\/v2\/tags?post=17252"}],"curies":[{"name":"wp","href":"https:\/\/api.w.org\/{rel}","templated":true}]}}