{"id":17254,"date":"2024-01-21T20:48:36","date_gmt":"2024-01-21T19:48:36","guid":{"rendered":"https:\/\/www.carillons.ch\/blog\/?p=17254"},"modified":"2024-06-06T07:51:25","modified_gmt":"2024-06-06T05:51:25","slug":"le-chateau-de-ropraz-et-leglise-avec-la-chapelle-des-seigneurs-clavel-de-ropraz-visite","status":"publish","type":"post","link":"https:\/\/www.carillons.ch\/blog\/le-chateau-de-ropraz-et-leglise-avec-la-chapelle-des-seigneurs-clavel-de-ropraz-visite\/","title":{"rendered":"Le ch\u00e2teau de Ropraz et l\u2019\u00e9glise avec la chapelle des seigneurs Clavel de Ropraz, visite"},"content":{"rendered":"\n<p>D\u00e9couvrez de l&rsquo;ext\u00e9rieur un des ch\u00e2teaux du Jorat avec son rural et son domaine (ce ch\u00e2teau avait fonction d&rsquo;administration locale et de petite justice) et une tr\u00e8s rare chapelle r\u00e9form\u00e9e dont le ch\u0153ur est d\u00e9di\u00e9 au souvenir de la famille seigneuriale du lieu.. Implantation du nouveau temple avec la porte donnant sur la cour d&rsquo;honneur du ch\u00e2teau, il y avait une all\u00e9e bord\u00e9e d&rsquo;arbres. \u00c9tude du mode de vie d&rsquo;un village autour d&rsquo;un seigneur. Le village de Ropraz a aussi \u00e0 c\u00f4t\u00e9 de belles fermes du XIXe s. une tr\u00e8s ancienne ferme de 1633 avec fen\u00eatres gothiques. C&rsquo;est un village typique du Jorat form\u00e9 de divers hameaux \u00e9parpill\u00e9s comme Montheron ou Vucherens.<br>\u00c9coute de musiques de l&rsquo;\u00e9poque des seigneurs sur les orgues de l&rsquo;\u00e9glise. Visite anim\u00e9e par Daniel Thomas, musicien et licenci\u00e9 \u00e8s Lettres. Partie de la visite en plein air, pr\u00e9voir une tenue adapt\u00e9e \u00e0 la m\u00e9t\u00e9o. Acc\u00e8s par bus postal 366 ou 362.<\/p>\n\n\n\n<p>Vous pourrez-vous voir sur le site langages.ch quand la visite sera donn\u00e9e \u00e0 nouveau :&nbsp;<a href=\"http:\/\/www.langages.ch\/blog\/tag\/visite-guidee\/\" target=\"_blank\" rel=\"noreferrer noopener\">http:\/\/www.langages.ch\/blog\/tag\/visite-guidee\/<\/a>.<\/p>\n\n\n\n<p>Vous pouvez aussi r\u00e9server une visite priv\u00e9e \u00e0 la date de votre choix sur la page de&nbsp;<a href=\"http:\/\/www.irreel.ch\/blog\/plan\/contact\/\">contact<\/a>.<\/p>\n\n\n\n<p>Visite guid\u00e9e de Ropraz, en \u00e9t\u00e9 2023 avec le Parc Naturel du Jorat :<\/p>\n\n\n\n<figure class=\"wp-block-embed is-type-rich is-provider-twitter wp-block-embed-twitter\"><div class=\"wp-block-embed__wrapper\">\n<blockquote class=\"twitter-tweet\" data-width=\"550\" data-dnt=\"true\"><p lang=\"fr\" dir=\"ltr\">Une balade que je pr\u00e9sentais en \u00e9t\u00e9 2023 dans le Jorat : retour d&#39;une participante <a href=\"https:\/\/t.co\/HMc5zpqzjf\">https:\/\/t.co\/HMc5zpqzjf<\/a><\/p>&mdash; Daniel Thomas (@polymusicien) <a href=\"https:\/\/twitter.com\/polymusicien\/status\/1749143828752154782?ref_src=twsrc%5Etfw\">January 21, 2024<\/a><\/blockquote><script async src=\"https:\/\/platform.twitter.com\/widgets.js\" charset=\"utf-8\"><\/script>\n<\/div><\/figure>\n","protected":false},"excerpt":{"rendered":"<p>D\u00e9couvrez de l&rsquo;ext\u00e9rieur un des ch\u00e2teaux du Jorat avec son rural et son domaine (ce ch\u00e2teau avait fonction d&rsquo;administration locale et de petite justice) et une tr\u00e8s rare chapelle r\u00e9form\u00e9e dont le ch\u0153ur est d\u00e9di\u00e9 au souvenir de la famille seigneuriale du lieu.. Implantation du nouveau temple avec la porte donnant sur la cour d&rsquo;honneur du ch\u00e2teau, il\u2026 <span class=\"read-more\"><a href=\"https:\/\/www.carillons.ch\/blog\/le-chateau-de-ropraz-et-leglise-avec-la-chapelle-des-seigneurs-clavel-de-ropraz-visite\/\">Lire la suite &raquo;<\/a><\/span><\/p>\n","protected":false},"author":1,"featured_media":17255,"comment_status":"open","ping_status":"closed","sticky":false,"template":"","format":"standard","meta":{"sfsi_plus_gutenberg_text_before_share":"","sfsi_plus_gutenberg_show_text_before_share":"","sfsi_plus_gutenberg_icon_type":"","sfsi_plus_gutenberg_icon_alignemt":"","sfsi_plus_gutenburg_max_per_row":"","_EventAllDay":false,"_EventTimezone":"","_EventStartDate":"","_EventEndDate":"","_EventStartDateUTC":"","_EventEndDateUTC":"","_EventShowMap":false,"_EventShowMapLink":false,"_EventURL":"","_EventCost":"","_EventCostDescription":"","_EventCurrencySymbol":"","_EventCurrencyCode":"","_EventCurrencyPosition":"","_EventDateTimeSeparator":"","_EventTimeRangeSeparator":"","_EventOrganizerID":[],"_EventVenueID":[],"_OrganizerEmail":"","_OrganizerPhone":"","_OrganizerWebsite":"","_VenueAddress":"","_VenueCity":"","_VenueCountry":"","_VenueProvince":"","_VenueState":"","_VenueZip":"","_VenuePhone":"","_VenueURL":"","_VenueStateProvince":"","_VenueLat":"","_VenueLng":"","_VenueShowMap":false,"_VenueShowMapLink":false,"footnotes":""},"categories":[25,676,691,253],"tags":[816,494,189],"class_list":["post-17254","post","type-post","status-publish","format-standard","has-post-thumbnail","hentry","category-orgue","category-14-parc-naturel-du-jorat","category-universite-populaire-de-lausanne","category-visite-guidee-style","tag-chateau-2","tag-orgue","tag-visite-guidee"],"_links":{"self":[{"href":"https:\/\/www.carillons.ch\/blog\/wp-json\/wp\/v2\/posts\/17254","targetHints":{"allow":["GET"]}}],"collection":[{"href":"https:\/\/www.carillons.ch\/blog\/wp-json\/wp\/v2\/posts"}],"about":[{"href":"https:\/\/www.carillons.ch\/blog\/wp-json\/wp\/v2\/types\/post"}],"author":[{"embeddable":true,"href":"https:\/\/www.carillons.ch\/blog\/wp-json\/wp\/v2\/users\/1"}],"replies":[{"embeddable":true,"href":"https:\/\/www.carillons.ch\/blog\/wp-json\/wp\/v2\/comments?post=17254"}],"version-history":[{"count":2,"href":"https:\/\/www.carillons.ch\/blog\/wp-json\/wp\/v2\/posts\/17254\/revisions"}],"predecessor-version":[{"id":17532,"href":"https:\/\/www.carillons.ch\/blog\/wp-json\/wp\/v2\/posts\/17254\/revisions\/17532"}],"wp:featuredmedia":[{"embeddable":true,"href":"https:\/\/www.carillons.ch\/blog\/wp-json\/wp\/v2\/media\/17255"}],"wp:attachment":[{"href":"https:\/\/www.carillons.ch\/blog\/wp-json\/wp\/v2\/media?parent=17254"}],"wp:term":[{"taxonomy":"category","embeddable":true,"href":"https:\/\/www.carillons.ch\/blog\/wp-json\/wp\/v2\/categories?post=17254"},{"taxonomy":"post_tag","embeddable":true,"href":"https:\/\/www.carillons.ch\/blog\/wp-json\/wp\/v2\/tags?post=17254"}],"curies":[{"name":"wp","href":"https:\/\/api.w.org\/{rel}","templated":true}]}}