{"id":17299,"date":"2024-01-22T06:40:38","date_gmt":"2024-01-22T05:40:38","guid":{"rendered":"https:\/\/www.carillons.ch\/blog\/?p=17299"},"modified":"2024-01-22T06:41:35","modified_gmt":"2024-01-22T05:41:35","slug":"page-linkedin-daniel-thomas-visites-guidees","status":"publish","type":"post","link":"https:\/\/www.carillons.ch\/blog\/page-linkedin-daniel-thomas-visites-guidees\/","title":{"rendered":"Page Linkedin Daniel Thomas Visites guid\u00e9es"},"content":{"rendered":"\n<p>Visites guid\u00e9es, balades historiques, artistiques et musicales par D. Thomas. R\u00e9servez une visite avec petit concert ou une conf\u00e9rence pour un groupe! <a href=\"https:\/\/www.linkedin.com\/company\/daniel-thomas-visites-guidees\" target=\"_blank\" rel=\"noreferrer noopener\">https:\/\/www.linkedin.com\/company\/daniel-thomas-visites-guidees<\/a><\/p>\n\n\n\n<iframe loading=\"lazy\" src=\"https:\/\/www.linkedin.com\/embed\/feed\/update\/urn:li:share:7150918206075858945\" height=\"597\" width=\"504\" frameborder=\"0\" allowfullscreen=\"\" title=\"Post int\u00e9gr\u00e9\"><\/iframe>\n","protected":false},"excerpt":{"rendered":"<p>Visites guid\u00e9es, balades historiques, artistiques et musicales par D. Thomas. R\u00e9servez une visite avec petit concert ou une conf\u00e9rence pour un groupe! https:\/\/www.linkedin.com\/company\/daniel-thomas-visites-guidees<\/p>\n","protected":false},"author":1,"featured_media":17300,"comment_status":"open","ping_status":"closed","sticky":false,"template":"","format":"standard","meta":{"sfsi_plus_gutenberg_text_before_share":"","sfsi_plus_gutenberg_show_text_before_share":"","sfsi_plus_gutenberg_icon_type":"","sfsi_plus_gutenberg_icon_alignemt":"","sfsi_plus_gutenburg_max_per_row":"","_EventAllDay":false,"_EventTimezone":"","_EventStartDate":"","_EventEndDate":"","_EventStartDateUTC":"","_EventEndDateUTC":"","_EventShowMap":false,"_EventShowMapLink":false,"_EventURL":"","_EventCost":"","_EventCostDescription":"","_EventCurrencySymbol":"","_EventCurrencyCode":"","_EventCurrencyPosition":"","_EventDateTimeSeparator":"","_EventTimeRangeSeparator":"","_EventOrganizerID":[],"_EventVenueID":[],"_OrganizerEmail":"","_OrganizerPhone":"","_OrganizerWebsite":"","_VenueAddress":"","_VenueCity":"","_VenueCountry":"","_VenueProvince":"","_VenueState":"","_VenueZip":"","_VenuePhone":"","_VenueURL":"","_VenueStateProvince":"","_VenueLat":"","_VenueLng":"","_VenueShowMap":false,"_VenueShowMapLink":false,"footnotes":""},"categories":[253],"tags":[494,871,189],"class_list":["post-17299","post","type-post","status-publish","format-standard","has-post-thumbnail","hentry","category-visite-guidee-style","tag-orgue","tag-page-linkedin","tag-visite-guidee"],"_links":{"self":[{"href":"https:\/\/www.carillons.ch\/blog\/wp-json\/wp\/v2\/posts\/17299","targetHints":{"allow":["GET"]}}],"collection":[{"href":"https:\/\/www.carillons.ch\/blog\/wp-json\/wp\/v2\/posts"}],"about":[{"href":"https:\/\/www.carillons.ch\/blog\/wp-json\/wp\/v2\/types\/post"}],"author":[{"embeddable":true,"href":"https:\/\/www.carillons.ch\/blog\/wp-json\/wp\/v2\/users\/1"}],"replies":[{"embeddable":true,"href":"https:\/\/www.carillons.ch\/blog\/wp-json\/wp\/v2\/comments?post=17299"}],"version-history":[{"count":1,"href":"https:\/\/www.carillons.ch\/blog\/wp-json\/wp\/v2\/posts\/17299\/revisions"}],"predecessor-version":[{"id":17301,"href":"https:\/\/www.carillons.ch\/blog\/wp-json\/wp\/v2\/posts\/17299\/revisions\/17301"}],"wp:featuredmedia":[{"embeddable":true,"href":"https:\/\/www.carillons.ch\/blog\/wp-json\/wp\/v2\/media\/17300"}],"wp:attachment":[{"href":"https:\/\/www.carillons.ch\/blog\/wp-json\/wp\/v2\/media?parent=17299"}],"wp:term":[{"taxonomy":"category","embeddable":true,"href":"https:\/\/www.carillons.ch\/blog\/wp-json\/wp\/v2\/categories?post=17299"},{"taxonomy":"post_tag","embeddable":true,"href":"https:\/\/www.carillons.ch\/blog\/wp-json\/wp\/v2\/tags?post=17299"}],"curies":[{"name":"wp","href":"https:\/\/api.w.org\/{rel}","templated":true}]}}