{"id":1779,"date":"2009-10-19T09:22:46","date_gmt":"2009-10-19T07:22:46","guid":{"rendered":"http:\/\/www.langages.ch\/blog\/?p=1779"},"modified":"2020-03-22T18:30:55","modified_gmt":"2020-03-22T17:30:55","slug":"partition-le-merle-bleu","status":"publish","type":"post","link":"https:\/\/www.carillons.ch\/blog\/partition-le-merle-bleu\/","title":{"rendered":"Partition: le Merle Bleu"},"content":{"rendered":"\n<p>DANIEL THOMAS<br>Le Merle Bleu \/ El Mirlo Azul<br>pour guitare et clavecin (ou piano) \/ para guitarra y clavec\u00edn (o piano) Revis\u00e9 et doigt\u00e9 \/ Revisi\u00f3n y digitaci\u00f3n: Ernesto Mayhuire<br>Juan Brito \/ Editor<br>Lima &#8211; Per\u00fa 2009<\/p>\n\n\n<a href=\"https:\/\/www.langages.ch\/blog\/wp-content\/uploads\/Merle-bleu-extrait-copie.pdf\" class=\"pdfemb-viewer\" style=\"\" data-width=\"max\" data-height=\"max\" data-toolbar=\"bottom\" data-toolbar-fixed=\"off\">Merle-bleu-extrait-copie<\/a>\n<p class=\"wp-block-pdfemb-pdf-embedder-viewer\"><\/p>\n\n\n\n<p>Vous pouvez commander cette partition par Paypal avec le bouton en-dessous, au prix de 20.- Frs.<\/p>\n\n\n\n<figure class=\"wp-block-image alignnone\"><a href=\"http:\/\/www.langages.ch\/blog\/wp-content\/uploads\/merlebleu2.jpg\"><img loading=\"lazy\" decoding=\"async\" width=\"950\" height=\"716\" src=\"http:\/\/www.langages.ch\/blog\/wp-content\/uploads\/merlebleu2.jpg\" alt=\"partition le merle bleu\" class=\"wp-image-1781\" srcset=\"https:\/\/www.carillons.ch\/blog\/wp-content\/uploads\/merlebleu2.jpg 950w, https:\/\/www.carillons.ch\/blog\/wp-content\/uploads\/merlebleu2-150x113.jpg 150w, https:\/\/www.carillons.ch\/blog\/wp-content\/uploads\/merlebleu2-300x226.jpg 300w\" sizes=\"auto, (max-width: 950px) 100vw, 950px\" \/><\/a><figcaption>partition le merle bleu<\/figcaption><\/figure>\n\n\n\n<form action=\"https:\/\/www.paypal.com\/cgi-bin\/webscr\" method=\"post\"><input alt=\"Jetzt einfach, schnell und sicher online bezahlen \u2013 mit PayPal.\" name=\"submit\" src=\"https:\/\/www.paypal.com\/fr_FR\/CH\/i\/btn\/btn_cart_LG.gif\" type=\"image\"> <figure><img loading=\"lazy\" decoding=\"async\" src=\"https:\/\/www.paypal.com\/fr_FR\/i\/scr\/pixel.gif\" alt=\"\" width=\"1\" height=\"1\" border=\"0\"><\/figure>\n<p>&nbsp;<\/p>\n<p><input name=\"add\" type=\"hidden\" value=\"1\"> <input name=\"cmd\" type=\"hidden\" value=\"_cart\"> <input name=\"business\" type=\"hidden\" value=\"dt@carillonneur.ch\"> <input name=\"item_name\" type=\"hidden\" value=\"Partition le Merle Bleu, guitare et clavecin\"> <input name=\"item_number\" type=\"hidden\" value=\"partition001\"> <input name=\"amount\" type=\"hidden\" value=\"20.00\"> <input name=\"no_shipping\" type=\"hidden\" value=\"0\"> <input name=\"no_note\" type=\"hidden\" value=\"1\"> <input name=\"currency_code\" type=\"hidden\" value=\"CHF\"> <input name=\"lc\" type=\"hidden\" value=\"CH\"> <input name=\"bn\" type=\"hidden\" value=\"PP-ShopCartBF\"><\/p>\n<\/form>\n\n\n\n<form action=\"https:\/\/www.paypal.com\/cgi-bin\/webscr\" method=\"post\"><input name=\"cmd\" type=\"hidden\" value=\"_cart\"> <input name=\"business\" type=\"hidden\" value=\"dt@carillonneur.ch\"> <input alt=\"PayPal - la solution de paiement en ligne la plus simple et la plus s\u00e9curis\u00e9e !\" name=\"submit\" src=\"https:\/\/www.paypal.com\/fr_FR\/i\/btn\/view_cart.gif\" type=\"image\"> <input name=\"display\" type=\"hidden\" value=\"1\"><\/form>\n","protected":false},"excerpt":{"rendered":"<p>DANIEL THOMAS Le Merle Bleu \/ El Mirlo Azul pour guitare et clavecin (ou piano) \/ para guitarra y clavec\u00edn (o piano) Revis\u00e9 et doigt\u00e9 \/ Revisi\u00f3n y digitaci\u00f3n: Ernesto Mayhuire<\/p>\n","protected":false},"author":5,"featured_media":1781,"comment_status":"open","ping_status":"closed","sticky":false,"template":"","format":"standard","meta":{"sfsi_plus_gutenberg_text_before_share":"","sfsi_plus_gutenberg_show_text_before_share":"","sfsi_plus_gutenberg_icon_type":"","sfsi_plus_gutenberg_icon_alignemt":"","sfsi_plus_gutenburg_max_per_row":"","_EventAllDay":false,"_EventTimezone":"","_EventStartDate":"","_EventEndDate":"","_EventStartDateUTC":"","_EventEndDateUTC":"","_EventShowMap":false,"_EventShowMapLink":false,"_EventURL":"","_EventCost":"","_EventCostDescription":"","_EventCurrencySymbol":"","_EventCurrencyCode":"","_EventCurrencyPosition":"","_EventDateTimeSeparator":"","_EventTimeRangeSeparator":"","_EventOrganizerID":[],"_EventVenueID":[],"_OrganizerEmail":"","_OrganizerPhone":"","_OrganizerWebsite":"","_VenueAddress":"","_VenueCity":"","_VenueCountry":"","_VenueProvince":"","_VenueState":"","_VenueZip":"","_VenuePhone":"","_VenueURL":"","_VenueStateProvince":"","_VenueLat":"","_VenueLng":"","_VenueShowMap":false,"_VenueShowMapLink":false,"footnotes":""},"categories":[95],"tags":[59,774,488,92,487],"class_list":["post-1779","post","type-post","status-publish","format-standard","has-post-thumbnail","hentry","category-partitions","tag-clavecin","tag-composition","tag-guitare","tag-partition","tag-piano"],"_links":{"self":[{"href":"https:\/\/www.carillons.ch\/blog\/wp-json\/wp\/v2\/posts\/1779","targetHints":{"allow":["GET"]}}],"collection":[{"href":"https:\/\/www.carillons.ch\/blog\/wp-json\/wp\/v2\/posts"}],"about":[{"href":"https:\/\/www.carillons.ch\/blog\/wp-json\/wp\/v2\/types\/post"}],"author":[{"embeddable":true,"href":"https:\/\/www.carillons.ch\/blog\/wp-json\/wp\/v2\/users\/5"}],"replies":[{"embeddable":true,"href":"https:\/\/www.carillons.ch\/blog\/wp-json\/wp\/v2\/comments?post=1779"}],"version-history":[{"count":18,"href":"https:\/\/www.carillons.ch\/blog\/wp-json\/wp\/v2\/posts\/1779\/revisions"}],"predecessor-version":[{"id":14634,"href":"https:\/\/www.carillons.ch\/blog\/wp-json\/wp\/v2\/posts\/1779\/revisions\/14634"}],"wp:featuredmedia":[{"embeddable":true,"href":"https:\/\/www.carillons.ch\/blog\/wp-json\/wp\/v2\/media\/1781"}],"wp:attachment":[{"href":"https:\/\/www.carillons.ch\/blog\/wp-json\/wp\/v2\/media?parent=1779"}],"wp:term":[{"taxonomy":"category","embeddable":true,"href":"https:\/\/www.carillons.ch\/blog\/wp-json\/wp\/v2\/categories?post=1779"},{"taxonomy":"post_tag","embeddable":true,"href":"https:\/\/www.carillons.ch\/blog\/wp-json\/wp\/v2\/tags?post=1779"}],"curies":[{"name":"wp","href":"https:\/\/api.w.org\/{rel}","templated":true}]}}