{"id":18270,"date":"2026-01-28T11:45:22","date_gmt":"2026-01-28T10:45:22","guid":{"rendered":"https:\/\/www.carillons.ch\/blog\/?p=18270"},"modified":"2026-01-28T11:46:38","modified_gmt":"2026-01-28T10:46:38","slug":"le-chateau-bourguignon-dechallens-des-seigneurs-de-montfaucon-ses-trois-tours-conservees-ses-caveaux","status":"publish","type":"post","link":"https:\/\/www.carillons.ch\/blog\/le-chateau-bourguignon-dechallens-des-seigneurs-de-montfaucon-ses-trois-tours-conservees-ses-caveaux\/","title":{"rendered":"Le ch\u00e2teau bourguignon d\u2019Echallens, des seigneurs de Montfaucon, ses trois tours conserv\u00e9es, ses caveaux"},"content":{"rendered":"\n<p>Le Pays de Vaud au Moyen \u00c2ge : visite de l&rsquo;un des ch\u00e2teaux des bourguignons, assi\u00e9g\u00e9s et incendi\u00e9s par les conf\u00e9d\u00e9r\u00e9s en 1476.<\/p>\n\n\n\n<p>Visite du ch\u00e2teau le samedi 14 mars 2026 de 14h30 \u00e0 16h45 : r\u00e9servation sur la page de l&rsquo;Universit\u00e9 Populaire de Lausanne:  <a href=\"https:\/\/uplausanne.ch\/cours\/le-chateau-bourguignon-dechallens-des-seigneurs-de-montfaucon-ses-trois-tours-conservees-ses-caveaux\/05-1\/\" target=\"_blank\" rel=\"noreferrer noopener\">r\u00e9servation<\/a>.<\/p>\n\n\n\n<p>Visite guid\u00e9e du ch\u00e2teau d\u2019\u00c9challens, avec ses trois tours, dont une r\u00e9cemment remise \u00e0 jour, ses deux caveaux et ses anciennes prisons. De 1175 \u00e0 1475 environ, \u00c9challens est la capitale d&rsquo;une seigneurie bourguignonne et le fief des seigneurs de Montfaucon. D\u00e8s 1475, les Conf\u00e9d\u00e9r\u00e9s s&rsquo;\u00e9tant empar\u00e9s des terres de la maison de Ch\u00e2lon \u00e0 l&rsquo;instigation de Louis XI, la domination bourguignonne est remplac\u00e9e par celle de Berne et de Fribourg.<br>\u00c9challens est alors la capitale d&rsquo;un baillage bernois-fribourgeois et le restera jusqu&rsquo;en 1798. Elle a donc connu la mixit\u00e9 confessionnelle, le partage du m\u00eame lieu de culte par les protestants et les catholiques.<br>Visite anim\u00e9e par Daniel Thomas, musicien et licenci\u00e9 \u00e8s Lettres. Partie de la visite en plein air, pr\u00e9voir une tenue adapt\u00e9e \u00e0 la m\u00e9t\u00e9o. Acc\u00e8s par train LEB.<\/p>\n\n\n\n<figure class=\"wp-block-image size-large\"><img loading=\"lazy\" decoding=\"async\" width=\"1024\" height=\"768\" src=\"https:\/\/www.carillons.ch\/blog\/wp-content\/uploads\/Echallens-tour-2-1024x768.jpg\" alt=\"\" class=\"wp-image-12312\" srcset=\"https:\/\/www.carillons.ch\/blog\/wp-content\/uploads\/Echallens-tour-2-1024x768.jpg 1024w, https:\/\/www.carillons.ch\/blog\/wp-content\/uploads\/Echallens-tour-2-150x113.jpg 150w, https:\/\/www.carillons.ch\/blog\/wp-content\/uploads\/Echallens-tour-2-300x225.jpg 300w, https:\/\/www.carillons.ch\/blog\/wp-content\/uploads\/Echallens-tour-2-768x576.jpg 768w, https:\/\/www.carillons.ch\/blog\/wp-content\/uploads\/Echallens-tour-2.jpg 1200w\" sizes=\"auto, (max-width: 1024px) 100vw, 1024px\" \/><\/figure>\n\n\n\n<p>Vous pourrez-vous voir sur le site langages.ch quand la visite sera donn\u00e9e \u00e0 nouveau :&nbsp;<a rel=\"noreferrer noopener\" href=\"http:\/\/www.langages.ch\/blog\/tag\/visite-guidee\/\" target=\"_blank\">http:\/\/www.langages.ch\/blog\/tag\/visite-guidee\/<\/a>.<\/p>\n\n\n\n<p>Vous pouvez aussi r\u00e9server une visite priv\u00e9e pour une famille, un groupe ou vous-m\u00eames sur la page de&nbsp;<a href=\"http:\/\/www.irreel.ch\/blog\/plan\/contact\/\">contact<\/a>.<\/p>\n","protected":false},"excerpt":{"rendered":"<p>Le Pays de Vaud au Moyen \u00c2ge : visite de l&rsquo;un des ch\u00e2teaux des bourguignons, assi\u00e9g\u00e9s et incendi\u00e9s par les conf\u00e9d\u00e9r\u00e9s en 1476. Visite du ch\u00e2teau le samedi 14 mars 2026 de 14h30 \u00e0 16h45 : r\u00e9servation sur la page de l&rsquo;Universit\u00e9 Populaire de Lausanne: r\u00e9servation. Visite guid\u00e9e du ch\u00e2teau d\u2019\u00c9challens, avec ses trois tours, dont une r\u00e9cemment\u2026 <span class=\"read-more\"><a href=\"https:\/\/www.carillons.ch\/blog\/le-chateau-bourguignon-dechallens-des-seigneurs-de-montfaucon-ses-trois-tours-conservees-ses-caveaux\/\">Lire la suite &raquo;<\/a><\/span><\/p>\n","protected":false},"author":1,"featured_media":18271,"comment_status":"open","ping_status":"closed","sticky":false,"template":"","format":"standard","meta":{"sfsi_plus_gutenberg_text_before_share":"","sfsi_plus_gutenberg_show_text_before_share":"","sfsi_plus_gutenberg_icon_type":"","sfsi_plus_gutenberg_icon_alignemt":"","sfsi_plus_gutenburg_max_per_row":"","_EventAllDay":false,"_EventTimezone":"","_EventStartDate":"","_EventEndDate":"","_EventStartDateUTC":"","_EventEndDateUTC":"","_EventShowMap":false,"_EventShowMapLink":false,"_EventURL":"","_EventCost":"","_EventCostDescription":"","_EventCurrencySymbol":"","_EventCurrencyCode":"","_EventCurrencyPosition":"","_EventDateTimeSeparator":"","_EventTimeRangeSeparator":"","_EventOrganizerID":[],"_EventVenueID":[],"_OrganizerEmail":"","_OrganizerPhone":"","_OrganizerWebsite":"","_VenueAddress":"","_VenueCity":"","_VenueCountry":"","_VenueProvince":"","_VenueState":"","_VenueZip":"","_VenuePhone":"","_VenueURL":"","_VenueStateProvince":"","_VenueLat":"","_VenueLng":"","_VenueShowMap":false,"_VenueShowMapLink":false,"footnotes":""},"categories":[253],"tags":[816,189],"class_list":["post-18270","post","type-post","status-publish","format-standard","has-post-thumbnail","hentry","category-visite-guidee-style","tag-chateau-2","tag-visite-guidee"],"_links":{"self":[{"href":"https:\/\/www.carillons.ch\/blog\/wp-json\/wp\/v2\/posts\/18270","targetHints":{"allow":["GET"]}}],"collection":[{"href":"https:\/\/www.carillons.ch\/blog\/wp-json\/wp\/v2\/posts"}],"about":[{"href":"https:\/\/www.carillons.ch\/blog\/wp-json\/wp\/v2\/types\/post"}],"author":[{"embeddable":true,"href":"https:\/\/www.carillons.ch\/blog\/wp-json\/wp\/v2\/users\/1"}],"replies":[{"embeddable":true,"href":"https:\/\/www.carillons.ch\/blog\/wp-json\/wp\/v2\/comments?post=18270"}],"version-history":[{"count":2,"href":"https:\/\/www.carillons.ch\/blog\/wp-json\/wp\/v2\/posts\/18270\/revisions"}],"predecessor-version":[{"id":18273,"href":"https:\/\/www.carillons.ch\/blog\/wp-json\/wp\/v2\/posts\/18270\/revisions\/18273"}],"wp:featuredmedia":[{"embeddable":true,"href":"https:\/\/www.carillons.ch\/blog\/wp-json\/wp\/v2\/media\/18271"}],"wp:attachment":[{"href":"https:\/\/www.carillons.ch\/blog\/wp-json\/wp\/v2\/media?parent=18270"}],"wp:term":[{"taxonomy":"category","embeddable":true,"href":"https:\/\/www.carillons.ch\/blog\/wp-json\/wp\/v2\/categories?post=18270"},{"taxonomy":"post_tag","embeddable":true,"href":"https:\/\/www.carillons.ch\/blog\/wp-json\/wp\/v2\/tags?post=18270"}],"curies":[{"name":"wp","href":"https:\/\/api.w.org\/{rel}","templated":true}]}}