{"id":2045,"date":"2009-11-27T14:07:02","date_gmt":"2009-11-27T13:07:02","guid":{"rendered":"http:\/\/www.langages.ch\/blog\/?p=2045"},"modified":"2020-08-27T21:31:12","modified_gmt":"2020-08-27T19:31:12","slug":"revue-des-amis-de-labbaye-de-montheron-2009","status":"publish","type":"post","link":"https:\/\/www.carillons.ch\/blog\/revue-des-amis-de-labbaye-de-montheron-2009\/","title":{"rendered":"Revue 2009 Abbaye de Montheron"},"content":{"rendered":"\n<p>Revue 2009 de l&rsquo;Abbaye de Montheron<\/p>\n\n\n\n<p>1 \/ Pr\u00e9lude &nbsp;<em>Daniel Thomas<\/em><br>2 \/ Programme 2009<br>9 \/ R\u00e9flexions au sujet de la position de la chaire dans l\u2019\u00e9glise de Montheron&nbsp; <em>Pierre Margot &#8211; Pierre Golaz<\/em><br>18 \/ M\u00e9ditation musicale <br>19 \/ Jeu de trompette de la p\u00e9dale<br>20 \/ Visites guid\u00e9es<\/p>\n\n\n<a href=\"https:\/\/www.carillons.ch\/blog\/wp-content\/uploads\/2009-revue-montheron-2.pdf\" class=\"pdfemb-viewer\" style=\"\" data-width=\"max\" data-height=\"max\" data-toolbar=\"bottom\" data-toolbar-fixed=\"off\">2009-revue-montheron-2<\/a>\n<p class=\"wp-block-pdfemb-pdf-embedder-viewer\"><\/p>\n\n\n\n<p>La revue AAAM 2019 en pdf \u00e0 t\u00e9l\u00e9charger: <\/p>\n\n\n\n<div class=\"wp-block-file\"><a href=\"http:\/\/www.langages.ch\/blog\/wp-content\/uploads\/2009-revue-montheron-2.pdf\">2009-revue-montheron-2<\/a><a href=\"http:\/\/www.langages.ch\/blog\/wp-content\/uploads\/2009-revue-montheron-2.pdf\" class=\"wp-block-file__button\" download>T\u00e9l\u00e9charger<\/a><\/div>\n","protected":false},"excerpt":{"rendered":"<p>Lisez la revue et programme 2009 des Amis de l\u2019Abbaye de Montheron:<br \/>\nR\u00e9flexions au sujet de la position<br \/>\nde la chaire dans l\u2019\u00e9glise de Montheron Pierre Margot &#8211; Pierre Golaz page 9<\/p>\n","protected":false},"author":5,"featured_media":13746,"comment_status":"open","ping_status":"closed","sticky":false,"template":"","format":"standard","meta":{"sfsi_plus_gutenberg_text_before_share":"","sfsi_plus_gutenberg_show_text_before_share":"","sfsi_plus_gutenberg_icon_type":"","sfsi_plus_gutenberg_icon_alignemt":"","sfsi_plus_gutenburg_max_per_row":"","_EventAllDay":false,"_EventTimezone":"","_EventStartDate":"","_EventEndDate":"","_EventStartDateUTC":"","_EventEndDateUTC":"","_EventShowMap":false,"_EventShowMapLink":false,"_EventURL":"","_EventCost":"","_EventCostDescription":"","_EventCurrencySymbol":"","_EventCurrencyCode":"","_EventCurrencyPosition":"","_EventDateTimeSeparator":"","_EventTimeRangeSeparator":"","_EventOrganizerID":[],"_EventVenueID":[],"_OrganizerEmail":"","_OrganizerPhone":"","_OrganizerWebsite":"","_VenueAddress":"","_VenueCity":"","_VenueCountry":"","_VenueProvince":"","_VenueState":"","_VenueZip":"","_VenuePhone":"","_VenueURL":"","_VenueStateProvince":"","_VenueLat":"","_VenueLng":"","_VenueShowMap":false,"_VenueShowMapLink":false,"footnotes":""},"categories":[8,20],"tags":[187,191],"class_list":["post-2045","post","type-post","status-publish","format-standard","has-post-thumbnail","hentry","category-aaam-abbaye-de-montheron","category-pdf-lecture-en-direct","tag-cistercien","tag-revue-montheron"],"_links":{"self":[{"href":"https:\/\/www.carillons.ch\/blog\/wp-json\/wp\/v2\/posts\/2045","targetHints":{"allow":["GET"]}}],"collection":[{"href":"https:\/\/www.carillons.ch\/blog\/wp-json\/wp\/v2\/posts"}],"about":[{"href":"https:\/\/www.carillons.ch\/blog\/wp-json\/wp\/v2\/types\/post"}],"author":[{"embeddable":true,"href":"https:\/\/www.carillons.ch\/blog\/wp-json\/wp\/v2\/users\/5"}],"replies":[{"embeddable":true,"href":"https:\/\/www.carillons.ch\/blog\/wp-json\/wp\/v2\/comments?post=2045"}],"version-history":[{"count":18,"href":"https:\/\/www.carillons.ch\/blog\/wp-json\/wp\/v2\/posts\/2045\/revisions"}],"predecessor-version":[{"id":14910,"href":"https:\/\/www.carillons.ch\/blog\/wp-json\/wp\/v2\/posts\/2045\/revisions\/14910"}],"wp:featuredmedia":[{"embeddable":true,"href":"https:\/\/www.carillons.ch\/blog\/wp-json\/wp\/v2\/media\/13746"}],"wp:attachment":[{"href":"https:\/\/www.carillons.ch\/blog\/wp-json\/wp\/v2\/media?parent=2045"}],"wp:term":[{"taxonomy":"category","embeddable":true,"href":"https:\/\/www.carillons.ch\/blog\/wp-json\/wp\/v2\/categories?post=2045"},{"taxonomy":"post_tag","embeddable":true,"href":"https:\/\/www.carillons.ch\/blog\/wp-json\/wp\/v2\/tags?post=2045"}],"curies":[{"name":"wp","href":"https:\/\/api.w.org\/{rel}","templated":true}]}}