{"id":3009,"date":"2010-12-11T18:51:44","date_gmt":"2010-12-11T17:51:44","guid":{"rendered":"http:\/\/www.langages.ch\/blog\/?p=3009"},"modified":"2022-06-17T07:00:37","modified_gmt":"2022-06-17T05:00:37","slug":"le-carillon-de-chantemerle-2","status":"publish","type":"post","link":"https:\/\/www.carillons.ch\/blog\/le-carillon-de-chantemerle-2\/","title":{"rendered":"Carillon de Chantemerle, Pully"},"content":{"rendered":"\n<figure class=\"wp-block-image\"><a href=\"http:\/\/www.langages.ch\/blog\/wp-content\/uploads\/beffroi-ensoleille.jpg\"><img loading=\"lazy\" decoding=\"async\" width=\"1024\" height=\"764\" src=\"http:\/\/www.langages.ch\/blog\/wp-content\/uploads\/beffroi-ensoleille-1024x764.jpg\" alt=\"\" class=\"wp-image-11904\" srcset=\"https:\/\/www.carillons.ch\/blog\/wp-content\/uploads\/beffroi-ensoleille-1024x764.jpg 1024w, https:\/\/www.carillons.ch\/blog\/wp-content\/uploads\/beffroi-ensoleille-150x112.jpg 150w, https:\/\/www.carillons.ch\/blog\/wp-content\/uploads\/beffroi-ensoleille-300x224.jpg 300w, https:\/\/www.carillons.ch\/blog\/wp-content\/uploads\/beffroi-ensoleille-768x573.jpg 768w, https:\/\/www.carillons.ch\/blog\/wp-content\/uploads\/beffroi-ensoleille.jpg 1071w\" sizes=\"auto, (max-width: 1024px) 100vw, 1024px\" \/><\/a><figcaption>le beffroi du carillon au soleil<\/figcaption><\/figure>\n\n\n\n<p>Carillon de 48 cloches.<br>La place est tr\u00e8s calme, bonne acoustique pour les concerts de carillon, et le paysage est tr\u00e8s beau: Le Lac L\u00e9man et les Alpes.<\/p>\n\n\n\n<p>48 cloches (la3, si3 &#8211; la7) (notes r\u00e9elles)<br>48 Glocken (a1, h1 &#8211; a5)<br>48 bells (a1, b1 &#8211; a5)<br>19 cloches de 1953, Fondeur-constructeur : B. <a title=\"fonderie\" href=\"http:\/\/www.eijsbouts.nl\" target=\"_blank\" rel=\"noopener noreferrer\">Eijsbouts<\/a> \u00e0 Asten (Hollande)<br>5 cloches de 2011, Fonderie <a title=\"Fonderie Perner\" href=\"http:\/\/www.perner.de\" target=\"_blank\" rel=\"noopener noreferrer\">Perner<\/a>, Passau (Allemagne)<br>24 cloches de 2014, Simon Laudy Fonderie <a title=\"Fonderie Laudy\" href=\"http:\/\/www.klokkengieterij.nl\/frame.html\" target=\"_blank\" rel=\"noopener noreferrer\">Reiderland<\/a> Beerta Pays-Bas<br>Dessin des cloches 2011 et 2014 et accordage de tout le carillon: Het <a title=\"Gideon Bodden\" href=\"http:\/\/molenpad.com\/\" target=\"_blank\" rel=\"noopener noreferrer\">Molenpad<\/a> expertise, Gideon Bodden, Al Gouda, Pays-Bas.<br>Equipement technique par Andre Bossenbroek de Care Technics (exemple <a title=\"belle sonorit\u00e9 de carillon\" href=\"https:\/\/www.youtube.com\/watch?v=4qce7qIW5ho\" target=\"_blank\" rel=\"noopener noreferrer\">video<\/a> de carillon install\u00e9 par Gideon et Care Technics).<\/p>\n\n\n\n<figure class=\"wp-block-image\"><a href=\"http:\/\/www.langages.ch\/blog\/wp-content\/uploads\/beffroi-panorama.jpg\"><img loading=\"lazy\" decoding=\"async\" width=\"580\" height=\"286\" src=\"http:\/\/www.langages.ch\/blog\/wp-content\/uploads\/beffroi-panorama.jpg\" alt=\"Carillon de Chantemerle\" class=\"wp-image-3942\" srcset=\"https:\/\/www.carillons.ch\/blog\/wp-content\/uploads\/beffroi-panorama.jpg 580w, https:\/\/www.carillons.ch\/blog\/wp-content\/uploads\/beffroi-panorama-150x73.jpg 150w, https:\/\/www.carillons.ch\/blog\/wp-content\/uploads\/beffroi-panorama-300x147.jpg 300w\" sizes=\"auto, (max-width: 580px) 100vw, 580px\" \/><\/a><\/figure>\n\n\n\n<p>transpos\u00e9es pour le clavier:<br>c2 d2 dis2 &#8211; c6<br><br>Description de 1958:<br>Inaugur\u00e9 le 1er novembre 1953, ce carillon porte le nom du quartier au centre duquel s&rsquo;\u00e9l\u00e8ve le clocher de l&rsquo;\u00e9glise de Pully Rosiaz, dominant la magnifique \u00abesplanade de Chantemerle\u00bb inaugur\u00e9e en juin 1957. C&rsquo;est l&rsquo;un des rares carillons de type flamand (Hollande, Belgique, Nord de la France) existant en Suisse. Les cloches sont reli\u00e9es par transmission m\u00e9canique au poste de commande (clavier manuel et p\u00e9dalier) install\u00e9 dans la cabine. Les cloches graves LA &#8211; SI &#8211; R\u00e9- Mi- FA di\u00e8se sont d&rsquo;autre part \u00e9quip\u00e9es d&rsquo;appareils de sonnerie avec moteurs \u00e9lectriques; elles peuvent ainsi retentir en vol\u00e9e dans les sonneries annon\u00e7ant les cultes et les c\u00e9r\u00e9monies religieuses.<\/p>\n\n\n\n<div class=\"wp-block-image\"><figure class=\"aligncenter\"><img loading=\"lazy\" decoding=\"async\" width=\"600\" height=\"450\" src=\"http:\/\/www.langages.ch\/blog\/wp-content\/uploads\/P1070460-clavier-sans-fil-600.jpg\" alt=\"nouveau clavier\" class=\"wp-image-7042\" srcset=\"https:\/\/www.carillons.ch\/blog\/wp-content\/uploads\/P1070460-clavier-sans-fil-600.jpg 600w, https:\/\/www.carillons.ch\/blog\/wp-content\/uploads\/P1070460-clavier-sans-fil-600-150x112.jpg 150w, https:\/\/www.carillons.ch\/blog\/wp-content\/uploads\/P1070460-clavier-sans-fil-600-300x225.jpg 300w\" sizes=\"auto, (max-width: 600px) 100vw, 600px\" \/><figcaption>Le nouveau clavier:<\/figcaption><\/figure><\/div>\n\n\n\n<div class=\"wp-block-image\"><figure class=\"aligncenter\"><a href=\"http:\/\/www.langages.ch\/blog\/wp-content\/uploads\/P1070462-24-nouvelles-cloches-600.jpg\"><img loading=\"lazy\" decoding=\"async\" width=\"600\" height=\"450\" src=\"http:\/\/www.langages.ch\/blog\/wp-content\/uploads\/P1070462-24-nouvelles-cloches-600.jpg\" alt=\"24 nouvelles cloches\" class=\"wp-image-7043\" srcset=\"https:\/\/www.carillons.ch\/blog\/wp-content\/uploads\/P1070462-24-nouvelles-cloches-600.jpg 600w, https:\/\/www.carillons.ch\/blog\/wp-content\/uploads\/P1070462-24-nouvelles-cloches-600-150x112.jpg 150w, https:\/\/www.carillons.ch\/blog\/wp-content\/uploads\/P1070462-24-nouvelles-cloches-600-300x225.jpg 300w\" sizes=\"auto, (max-width: 600px) 100vw, 600px\" \/><\/a><figcaption>Les 24 nouvelles cloches:<\/figcaption><\/figure><\/div>\n\n\n\n<p>Enregistrement sonore des 24 nouvelles cloches sopranos: <\/p>\n\n\n<iframe loading=\"lazy\" width=\"100%\" height=\"166\" scrolling=\"no\" frameborder=\"no\" src=\"https:\/\/w.soundcloud.com\/player?url=https%3A%2F%2Fapi.soundcloud.com%2Ftracks%2F184368274&visual=true&color=ff5500&auto_play=false&hide_related=false&show_comments=true&show_user=true&show_reposts=false\"><\/iframe>\n\n\n\n<p>Quelques photos des travaux sur le carillon en 2011 avec l&rsquo;arriv\u00e9e de 5 nouvelles cloches:<\/p>\n\n\n\n<div data-configid=\"1026465\/2747484\" style=\"width:100%; height:560px;\" class=\"issuuembed\"><\/div>\n<script type=\"text\/javascript\" src=\"\/\/e.issuu.com\/embed.js\" async=\"true\"><\/script>\n\n\n\n<p>Fondeur-constructeur : B. Eijsbouts \u00e0 Asten (Hollande)<br><\/p>\n\n\n\n<figure class=\"wp-block-embed-youtube wp-block-embed is-type-video is-provider-youtube wp-embed-aspect-4-3 wp-has-aspect-ratio\"><div class=\"wp-block-embed__wrapper\">\n<iframe loading=\"lazy\" title=\"Photos de l&#039;arriv\u00e9e des 24 cloches \u00e0 pully, le 3 ao\u00fbt 2011\" width=\"665\" height=\"499\" src=\"https:\/\/www.youtube.com\/embed\/1PJcl7aw59Y?feature=oembed\" frameborder=\"0\" allow=\"accelerometer; autoplay; clipboard-write; encrypted-media; gyroscope; picture-in-picture; web-share\" referrerpolicy=\"strict-origin-when-cross-origin\" allowfullscreen><\/iframe>\n<\/div><figcaption>24 cloches arrivant \u00e0 Pully, le 3 ao\u00fbt 2011. 19 cloches Eijsbouts r\u00e9accord\u00e9es, 5 nouvelles cloches Perner. Entreprise Dentan pour la mont\u00e9e des cloches. Entreprise Perner pour l&rsquo;installation des cloches. Photographies de Marco Trosi et Daniel Thomas. Improvisation de Daniel Thomas, au carillon de Chantemerle.<\/figcaption><\/figure>\n\n\n\n<figure class=\"wp-block-image\"><img loading=\"lazy\" decoding=\"async\" width=\"974\" height=\"172\" src=\"http:\/\/www.langages.ch\/blog\/wp-content\/uploads\/clavier-notes2.jpg\" alt=\"\" class=\"wp-image-11907\" srcset=\"https:\/\/www.carillons.ch\/blog\/wp-content\/uploads\/clavier-notes2.jpg 974w, https:\/\/www.carillons.ch\/blog\/wp-content\/uploads\/clavier-notes2-150x26.jpg 150w, https:\/\/www.carillons.ch\/blog\/wp-content\/uploads\/clavier-notes2-300x53.jpg 300w, https:\/\/www.carillons.ch\/blog\/wp-content\/uploads\/clavier-notes2-768x136.jpg 768w\" sizes=\"auto, (max-width: 974px) 100vw, 974px\" \/><figcaption>Notes du clavier en 1953.<\/figcaption><\/figure>\n\n\n\n<p>Plan des 19 cloches:<\/p>\n\n\n\n<figure class=\"wp-block-image\"><a href=\"http:\/\/www.langages.ch\/blog\/wp-content\/uploads\/plan-cloches.jpg\"><img loading=\"lazy\" decoding=\"async\" width=\"1000\" height=\"726\" src=\"http:\/\/www.langages.ch\/blog\/wp-content\/uploads\/plan-cloches.jpg\" alt=\"\" class=\"wp-image-11897\" srcset=\"https:\/\/www.carillons.ch\/blog\/wp-content\/uploads\/plan-cloches.jpg 1000w, https:\/\/www.carillons.ch\/blog\/wp-content\/uploads\/plan-cloches-150x109.jpg 150w, https:\/\/www.carillons.ch\/blog\/wp-content\/uploads\/plan-cloches-300x218.jpg 300w, https:\/\/www.carillons.ch\/blog\/wp-content\/uploads\/plan-cloches-768x558.jpg 768w\" sizes=\"auto, (max-width: 1000px) 100vw, 1000px\" \/><\/a><figcaption>Plan des cloches de 1953<\/figcaption><\/figure>\n\n\n\n<figure class=\"wp-block-image\"><a href=\"http:\/\/www.langages.ch\/blog\/wp-content\/uploads\/les-cloches-et-le-clavier.jpg\"><img loading=\"lazy\" decoding=\"async\" width=\"1024\" height=\"679\" src=\"http:\/\/www.langages.ch\/blog\/wp-content\/uploads\/les-cloches-et-le-clavier-1024x679.jpg\" alt=\"\" class=\"wp-image-11896\" srcset=\"https:\/\/www.carillons.ch\/blog\/wp-content\/uploads\/les-cloches-et-le-clavier-1024x679.jpg 1024w, https:\/\/www.carillons.ch\/blog\/wp-content\/uploads\/les-cloches-et-le-clavier-150x99.jpg 150w, https:\/\/www.carillons.ch\/blog\/wp-content\/uploads\/les-cloches-et-le-clavier-300x199.jpg 300w, https:\/\/www.carillons.ch\/blog\/wp-content\/uploads\/les-cloches-et-le-clavier-768x509.jpg 768w, https:\/\/www.carillons.ch\/blog\/wp-content\/uploads\/les-cloches-et-le-clavier.jpg 1335w\" sizes=\"auto, (max-width: 1024px) 100vw, 1024px\" \/><\/a><figcaption>Les cloches et le clavier<\/figcaption><\/figure>\n\n\n\n<p> <br><\/p>\n\n\n\n<figure class=\"wp-block-image\"><a href=\"http:\/\/www.langages.ch\/blog\/wp-content\/uploads\/01-la.jpg\"><img loading=\"lazy\" decoding=\"async\" width=\"728\" height=\"875\" src=\"http:\/\/www.langages.ch\/blog\/wp-content\/uploads\/01-la.jpg\" alt=\"\" class=\"wp-image-11863\" srcset=\"https:\/\/www.carillons.ch\/blog\/wp-content\/uploads\/01-la.jpg 728w, https:\/\/www.carillons.ch\/blog\/wp-content\/uploads\/01-la-125x150.jpg 125w, https:\/\/www.carillons.ch\/blog\/wp-content\/uploads\/01-la-250x300.jpg 250w\" sizes=\"auto, (max-width: 728px) 100vw, 728px\" \/><\/a><\/figure>\n\n\n\n<p> Cloche 1, la1, a1, 491 kg, 92 cm, cloche sonnant aussi \u00e0 la vol\u00e9e, avec un moteur, elle a donc un marteau ext\u00e9rieur pour le carillon et un battant int\u00e9rieur pour la vol\u00e9e, donatrice: commune de Pully, 1953. <\/p>\n\n\n\n<figure class=\"wp-block-audio\"><audio controls src=\"http:\/\/www.langages.ch\/blog\/wp-content\/uploads\/01-la-1.mp3\"><\/audio><figcaption>Ecouter le  la1 (mp3).<\/figcaption><\/figure>\n\n\n\n<p><\/p>\n\n\n\n<figure class=\"wp-block-image\"><a href=\"http:\/\/www.langages.ch\/blog\/wp-content\/uploads\/01-la-inscription.jpg\"><img loading=\"lazy\" decoding=\"async\" width=\"1024\" height=\"444\" src=\"http:\/\/www.langages.ch\/blog\/wp-content\/uploads\/01-la-inscription-1024x444.jpg\" alt=\"\" class=\"wp-image-11862\" srcset=\"https:\/\/www.carillons.ch\/blog\/wp-content\/uploads\/01-la-inscription-1024x444.jpg 1024w, https:\/\/www.carillons.ch\/blog\/wp-content\/uploads\/01-la-inscription-150x65.jpg 150w, https:\/\/www.carillons.ch\/blog\/wp-content\/uploads\/01-la-inscription-300x130.jpg 300w, https:\/\/www.carillons.ch\/blog\/wp-content\/uploads\/01-la-inscription-768x333.jpg 768w, https:\/\/www.carillons.ch\/blog\/wp-content\/uploads\/01-la-inscription.jpg 1100w\" sizes=\"auto, (max-width: 1024px) 100vw, 1024px\" \/><\/a><\/figure>\n\n\n\n<p> Inscription sur la cloche 1, la1, a1, 1953.<\/p>\n\n\n\n<figure class=\"wp-block-image\"><a href=\"http:\/\/www.langages.ch\/blog\/wp-content\/uploads\/01-la-motif.jpg\"><img loading=\"lazy\" decoding=\"async\" width=\"591\" height=\"593\" src=\"http:\/\/www.langages.ch\/blog\/wp-content\/uploads\/01-la-motif.jpg\" alt=\"\" class=\"wp-image-11861\" srcset=\"https:\/\/www.carillons.ch\/blog\/wp-content\/uploads\/01-la-motif.jpg 591w, https:\/\/www.carillons.ch\/blog\/wp-content\/uploads\/01-la-motif-150x150.jpg 150w, https:\/\/www.carillons.ch\/blog\/wp-content\/uploads\/01-la-motif-300x300.jpg 300w\" sizes=\"auto, (max-width: 591px) 100vw, 591px\" \/><\/a><\/figure>\n\n\n\n<p> Motif d\u00e9coratif des grandes cloches, ici sur la cloche 1, la1, a1, 1953.<\/p>\n\n\n\n<figure class=\"wp-block-image\"><a href=\"http:\/\/www.langages.ch\/blog\/wp-content\/uploads\/02-si.jpg\"><img loading=\"lazy\" decoding=\"async\" width=\"728\" height=\"861\" src=\"http:\/\/www.langages.ch\/blog\/wp-content\/uploads\/02-si.jpg\" alt=\"\" class=\"wp-image-11860\" srcset=\"https:\/\/www.carillons.ch\/blog\/wp-content\/uploads\/02-si.jpg 728w, https:\/\/www.carillons.ch\/blog\/wp-content\/uploads\/02-si-127x150.jpg 127w, https:\/\/www.carillons.ch\/blog\/wp-content\/uploads\/02-si-254x300.jpg 254w\" sizes=\"auto, (max-width: 728px) 100vw, 728px\" \/><\/a><\/figure>\n\n\n\n<p> Cloche 2, si1, b1, 346 kg, 82 cm, cloche sonnant aussi \u00e0 la vol\u00e9e, avec un moteur, elle a donc un marteau ext\u00e9rieur pour le carillon et un battant int\u00e9rieur pour la vol\u00e9e, donateurs: paroissiens de Pully-Rosiaz, 1953. <\/p>\n\n\n\n<figure class=\"wp-block-audio\"><audio controls src=\"http:\/\/www.langages.ch\/blog\/wp-content\/uploads\/02-si-1.mp3\"><\/audio><figcaption>Ecouter le si1 (mp3).<\/figcaption><\/figure>\n\n\n\n<figure class=\"wp-block-image\"><a href=\"http:\/\/www.langages.ch\/blog\/wp-content\/uploads\/03-do-dieze.jpg\"><img loading=\"lazy\" decoding=\"async\" width=\"1006\" height=\"766\" src=\"http:\/\/www.langages.ch\/blog\/wp-content\/uploads\/03-do-dieze.jpg\" alt=\"\" class=\"wp-image-11858\" srcset=\"https:\/\/www.carillons.ch\/blog\/wp-content\/uploads\/03-do-dieze.jpg 1006w, https:\/\/www.carillons.ch\/blog\/wp-content\/uploads\/03-do-dieze-150x114.jpg 150w, https:\/\/www.carillons.ch\/blog\/wp-content\/uploads\/03-do-dieze-300x228.jpg 300w, https:\/\/www.carillons.ch\/blog\/wp-content\/uploads\/03-do-dieze-768x585.jpg 768w\" sizes=\"auto, (max-width: 1006px) 100vw, 1006px\" \/><\/a><\/figure>\n\n\n\n<p> Cloche 3, do#2, cis2, 226 kg, 72,8 cm, avec marteau int\u00e9rieur, donateurs: paroissiens de Pully-Village, 1953. <\/p>\n\n\n\n<figure class=\"wp-block-audio\"><audio controls src=\"http:\/\/www.langages.ch\/blog\/wp-content\/uploads\/03-do-dieze-2.mp3\"><\/audio><figcaption>Ecouter le do#2 (mp3).<\/figcaption><\/figure>\n\n\n\n<figure class=\"wp-block-image\"><a href=\"http:\/\/www.langages.ch\/blog\/wp-content\/uploads\/04-re.jpg\"><img loading=\"lazy\" decoding=\"async\" width=\"898\" height=\"775\" src=\"http:\/\/www.langages.ch\/blog\/wp-content\/uploads\/04-re.jpg\" alt=\"\" class=\"wp-image-11857\" srcset=\"https:\/\/www.carillons.ch\/blog\/wp-content\/uploads\/04-re.jpg 898w, https:\/\/www.carillons.ch\/blog\/wp-content\/uploads\/04-re-150x129.jpg 150w, https:\/\/www.carillons.ch\/blog\/wp-content\/uploads\/04-re-300x259.jpg 300w, https:\/\/www.carillons.ch\/blog\/wp-content\/uploads\/04-re-768x663.jpg 768w\" sizes=\"auto, (max-width: 898px) 100vw, 898px\" \/><\/a><\/figure>\n\n\n\n<p> Cloche 4, r\u00e92, d2, 203 kg, 68,6 cm, cloche sonnant aussi \u00e0 la vol\u00e9e, avec un moteur, elle a donc un marteau ext\u00e9rieur pour le carillon et un battant int\u00e9rieur pour la vol\u00e9e, donateur: Etat de Vaud, 1953.<\/p>\n\n\n\n<figure class=\"wp-block-audio\"><audio controls src=\"http:\/\/www.langages.ch\/blog\/wp-content\/uploads\/04-re-2.mp3\"><\/audio><figcaption>Ecouter le r\u00e92 (mp3).<\/figcaption><\/figure>\n\n\n\n<figure class=\"wp-block-image\"><a href=\"http:\/\/www.langages.ch\/blog\/wp-content\/uploads\/05-mi.jpg\"><img loading=\"lazy\" decoding=\"async\" width=\"1024\" height=\"782\" src=\"http:\/\/www.langages.ch\/blog\/wp-content\/uploads\/05-mi-1024x782.jpg\" alt=\"\" class=\"wp-image-11855\" srcset=\"https:\/\/www.carillons.ch\/blog\/wp-content\/uploads\/05-mi-1024x782.jpg 1024w, https:\/\/www.carillons.ch\/blog\/wp-content\/uploads\/05-mi-150x115.jpg 150w, https:\/\/www.carillons.ch\/blog\/wp-content\/uploads\/05-mi-300x229.jpg 300w, https:\/\/www.carillons.ch\/blog\/wp-content\/uploads\/05-mi-768x586.jpg 768w, https:\/\/www.carillons.ch\/blog\/wp-content\/uploads\/05-mi.jpg 1057w\" sizes=\"auto, (max-width: 1024px) 100vw, 1024px\" \/><\/a><\/figure>\n\n\n\n<p> Cloche 5, mi2, e2, 151 kg, 61,8 cm, cloche sonnant aussi \u00e0 la vol\u00e9e, avec un moteur, elle a donc un marteau ext\u00e9rieur pour le carillon et un battant int\u00e9rieur pour la vol\u00e9e, donatrice: commune de Pully, 1953. <\/p>\n\n\n\n<figure class=\"wp-block-audio\"><audio controls src=\"http:\/\/www.langages.ch\/blog\/wp-content\/uploads\/05-mi-2.mp3\"><\/audio><figcaption>Ecouter le mi2 (mp3).<\/figcaption><\/figure>\n\n\n\n<figure class=\"wp-block-image\"><a href=\"http:\/\/www.langages.ch\/blog\/wp-content\/uploads\/06-fa-dieze.jpg\"><img loading=\"lazy\" decoding=\"async\" width=\"1000\" height=\"761\" src=\"http:\/\/www.langages.ch\/blog\/wp-content\/uploads\/06-fa-dieze.jpg\" alt=\"\" class=\"wp-image-11854\" srcset=\"https:\/\/www.carillons.ch\/blog\/wp-content\/uploads\/06-fa-dieze.jpg 1000w, https:\/\/www.carillons.ch\/blog\/wp-content\/uploads\/06-fa-dieze-150x114.jpg 150w, https:\/\/www.carillons.ch\/blog\/wp-content\/uploads\/06-fa-dieze-300x228.jpg 300w, https:\/\/www.carillons.ch\/blog\/wp-content\/uploads\/06-fa-dieze-768x584.jpg 768w\" sizes=\"auto, (max-width: 1000px) 100vw, 1000px\" \/><\/a><\/figure>\n\n\n\n<p> Cloche 6, fa#2, fis2, 123 kg, 57,1 cm, cloche sonnant aussi \u00e0 la vol\u00e9e, avec un moteur, elle a donc un marteau ext\u00e9rieur pour le carillon et un battant int\u00e9rieur pour la vol\u00e9e, donateur: cat\u00e9chum\u00e8nes de Pully-Rosiaz 1932-1952, 1953. <\/p>\n\n\n\n<figure class=\"wp-block-audio\"><audio controls src=\"http:\/\/www.langages.ch\/blog\/wp-content\/uploads\/06-fa-dieze-2.mp3\"><\/audio><figcaption>Ecouter le fa#2 (mp3).<\/figcaption><\/figure>\n\n\n\n<figure class=\"wp-block-image\"><a href=\"http:\/\/www.langages.ch\/blog\/wp-content\/uploads\/07-sol.jpg\"><img loading=\"lazy\" decoding=\"async\" width=\"980\" height=\"746\" src=\"http:\/\/www.langages.ch\/blog\/wp-content\/uploads\/07-sol.jpg\" alt=\"\" class=\"wp-image-11853\" srcset=\"https:\/\/www.carillons.ch\/blog\/wp-content\/uploads\/07-sol.jpg 980w, https:\/\/www.carillons.ch\/blog\/wp-content\/uploads\/07-sol-150x114.jpg 150w, https:\/\/www.carillons.ch\/blog\/wp-content\/uploads\/07-sol-300x228.jpg 300w, https:\/\/www.carillons.ch\/blog\/wp-content\/uploads\/07-sol-768x585.jpg 768w\" sizes=\"auto, (max-width: 980px) 100vw, 980px\" \/><\/a><\/figure>\n\n\n\n<p> Cloche 7, sol2, g2, 108 kg, 54,8 cm, avec marteau int\u00e9rieur, 1953. <\/p>\n\n\n\n<figure class=\"wp-block-audio\"><audio controls src=\"http:\/\/www.langages.ch\/blog\/wp-content\/uploads\/07-sol-2.mp3\"><\/audio><figcaption>Ecouter le sol2 (mp3).<\/figcaption><\/figure>\n\n\n\n<figure class=\"wp-block-image\"><a href=\"http:\/\/www.langages.ch\/blog\/wp-content\/uploads\/08-sol-dieze.jpg\"><img loading=\"lazy\" decoding=\"async\" width=\"746\" height=\"885\" src=\"http:\/\/www.langages.ch\/blog\/wp-content\/uploads\/08-sol-dieze.jpg\" alt=\"\" class=\"wp-image-11852\" srcset=\"https:\/\/www.carillons.ch\/blog\/wp-content\/uploads\/08-sol-dieze.jpg 746w, https:\/\/www.carillons.ch\/blog\/wp-content\/uploads\/08-sol-dieze-126x150.jpg 126w, https:\/\/www.carillons.ch\/blog\/wp-content\/uploads\/08-sol-dieze-253x300.jpg 253w\" sizes=\"auto, (max-width: 746px) 100vw, 746px\" \/><\/a><\/figure>\n\n\n\n<p> Cloche 8, sol#2, gis2, 100 kg, 52,5 cm, avec marteau int\u00e9rieur, 1953. <\/p>\n\n\n\n<figure class=\"wp-block-audio\"><audio controls src=\"http:\/\/www.langages.ch\/blog\/wp-content\/uploads\/08-sol-dieze-2.mp3\"><\/audio><figcaption>Ecouter le sol#2 (mp3).<\/figcaption><\/figure>\n\n\n\n<figure class=\"wp-block-image\"><a href=\"http:\/\/www.langages.ch\/blog\/wp-content\/uploads\/09-la.jpg\"><img loading=\"lazy\" decoding=\"async\" width=\"681\" height=\"800\" src=\"http:\/\/www.langages.ch\/blog\/wp-content\/uploads\/09-la.jpg\" alt=\"\" class=\"wp-image-11850\" srcset=\"https:\/\/www.carillons.ch\/blog\/wp-content\/uploads\/09-la.jpg 681w, https:\/\/www.carillons.ch\/blog\/wp-content\/uploads\/09-la-128x150.jpg 128w, https:\/\/www.carillons.ch\/blog\/wp-content\/uploads\/09-la-255x300.jpg 255w\" sizes=\"auto, (max-width: 681px) 100vw, 681px\" \/><\/a><\/figure>\n\n\n\n<p> Cloche 9, la2, a2, 85 kg, 50,5 cm, avec marteau int\u00e9rieur, 1953. <\/p>\n\n\n\n<figure class=\"wp-block-audio\"><audio controls src=\"http:\/\/www.langages.ch\/blog\/wp-content\/uploads\/09-la-2.mp3\"><\/audio><figcaption>Ecouter le la2 (mp3).<\/figcaption><\/figure>\n\n\n\n<figure class=\"wp-block-image\"><a href=\"http:\/\/www.langages.ch\/blog\/wp-content\/uploads\/10-si.jpg\"><img loading=\"lazy\" decoding=\"async\" width=\"737\" height=\"858\" src=\"http:\/\/www.langages.ch\/blog\/wp-content\/uploads\/10-si.jpg\" alt=\"\" class=\"wp-image-11848\" srcset=\"https:\/\/www.carillons.ch\/blog\/wp-content\/uploads\/10-si.jpg 737w, https:\/\/www.carillons.ch\/blog\/wp-content\/uploads\/10-si-129x150.jpg 129w, https:\/\/www.carillons.ch\/blog\/wp-content\/uploads\/10-si-258x300.jpg 258w\" sizes=\"auto, (max-width: 737px) 100vw, 737px\" \/><\/a><\/figure>\n\n\n\n<p> Cloche 10, si2, b2, 72 kg, 46,7 cm, avec marteau int\u00e9rieur, 1953. <\/p>\n\n\n\n<figure class=\"wp-block-audio\"><audio controls src=\"http:\/\/www.langages.ch\/blog\/wp-content\/uploads\/10-si-2.mp3\"><\/audio><figcaption>Ecouter le si2 (mp3).<\/figcaption><\/figure>\n\n\n\n<figure class=\"wp-block-image\"><a href=\"http:\/\/www.langages.ch\/blog\/wp-content\/uploads\/11-do.jpg\"><img loading=\"lazy\" decoding=\"async\" width=\"643\" height=\"804\" src=\"http:\/\/www.langages.ch\/blog\/wp-content\/uploads\/11-do.jpg\" alt=\"\" class=\"wp-image-11846\" srcset=\"https:\/\/www.carillons.ch\/blog\/wp-content\/uploads\/11-do.jpg 643w, https:\/\/www.carillons.ch\/blog\/wp-content\/uploads\/11-do-120x150.jpg 120w, https:\/\/www.carillons.ch\/blog\/wp-content\/uploads\/11-do-240x300.jpg 240w\" sizes=\"auto, (max-width: 643px) 100vw, 643px\" \/><\/a><\/figure>\n\n\n\n<p> Cloche 11, do3, c3, 69 kg, 44,9 cm, avec marteau int\u00e9rieur, 1953. <\/p>\n\n\n\n<figure class=\"wp-block-audio\"><audio controls src=\"http:\/\/www.langages.ch\/blog\/wp-content\/uploads\/11-do-3.mp3\"><\/audio><figcaption>Ecouter le do3 (mp3).<\/figcaption><\/figure>\n\n\n\n<figure class=\"wp-block-image\"><a href=\"http:\/\/www.langages.ch\/blog\/wp-content\/uploads\/12-do-dieze.jpg\"><img loading=\"lazy\" decoding=\"async\" width=\"681\" height=\"833\" src=\"http:\/\/www.langages.ch\/blog\/wp-content\/uploads\/12-do-dieze.jpg\" alt=\"\" class=\"wp-image-11845\" srcset=\"https:\/\/www.carillons.ch\/blog\/wp-content\/uploads\/12-do-dieze.jpg 681w, https:\/\/www.carillons.ch\/blog\/wp-content\/uploads\/12-do-dieze-123x150.jpg 123w, https:\/\/www.carillons.ch\/blog\/wp-content\/uploads\/12-do-dieze-245x300.jpg 245w\" sizes=\"auto, (max-width: 681px) 100vw, 681px\" \/><\/a><\/figure>\n\n\n\n<p> Cloche 12, do#3, cis3, 60 kg, 43,4 cm, avec marteau int\u00e9rieur, 1953. <\/p>\n\n\n\n<figure class=\"wp-block-audio\"><audio controls src=\"http:\/\/www.langages.ch\/blog\/wp-content\/uploads\/12-do-dieze-3-1.mp3\"><\/audio><figcaption>Ecouter le do#3 (mp3).<\/figcaption><\/figure>\n\n\n\n<figure class=\"wp-block-image\"><a href=\"http:\/\/www.langages.ch\/blog\/wp-content\/uploads\/13-re.jpg\"><img loading=\"lazy\" decoding=\"async\" width=\"681\" height=\"855\" src=\"http:\/\/www.langages.ch\/blog\/wp-content\/uploads\/13-re.jpg\" alt=\"\" class=\"wp-image-11843\" srcset=\"https:\/\/www.carillons.ch\/blog\/wp-content\/uploads\/13-re.jpg 681w, https:\/\/www.carillons.ch\/blog\/wp-content\/uploads\/13-re-119x150.jpg 119w, https:\/\/www.carillons.ch\/blog\/wp-content\/uploads\/13-re-239x300.jpg 239w\" sizes=\"auto, (max-width: 681px) 100vw, 681px\" \/><\/a><\/figure>\n\n\n\n<p> Cloche 13, r\u00e93, d3, 57 kg, 41,9 cm, avec marteau int\u00e9rieur, 1953. <\/p>\n\n\n\n<figure class=\"wp-block-audio\"><audio controls src=\"http:\/\/www.langages.ch\/blog\/wp-content\/uploads\/13-re-3.mp3\"><\/audio><figcaption>Ecouter le r\u00e93 (mp3).<\/figcaption><\/figure>\n\n\n\n<figure class=\"wp-block-image\"><a href=\"http:\/\/www.langages.ch\/blog\/wp-content\/uploads\/14-re-dieze.jpg\"><img loading=\"lazy\" decoding=\"async\" width=\"771\" height=\"856\" src=\"http:\/\/www.langages.ch\/blog\/wp-content\/uploads\/14-re-dieze.jpg\" alt=\"\" class=\"wp-image-11842\" srcset=\"https:\/\/www.carillons.ch\/blog\/wp-content\/uploads\/14-re-dieze.jpg 771w, https:\/\/www.carillons.ch\/blog\/wp-content\/uploads\/14-re-dieze-135x150.jpg 135w, https:\/\/www.carillons.ch\/blog\/wp-content\/uploads\/14-re-dieze-270x300.jpg 270w, https:\/\/www.carillons.ch\/blog\/wp-content\/uploads\/14-re-dieze-768x853.jpg 768w\" sizes=\"auto, (max-width: 771px) 100vw, 771px\" \/><\/a><\/figure>\n\n\n\n<p> Cloche 14, r\u00e9#3, dis3, 54 kg, 40,5 cm, 1953. <\/p>\n\n\n\n<figure class=\"wp-block-audio\"><audio controls src=\"http:\/\/www.langages.ch\/blog\/wp-content\/uploads\/14-re-dieze-3.mp3\"><\/audio><figcaption>Ecouter le r\u00e9#3 (mp3).<\/figcaption><\/figure>\n\n\n\n<figure class=\"wp-block-image\"><a href=\"http:\/\/www.langages.ch\/blog\/wp-content\/uploads\/15-mi.jpg\"><img loading=\"lazy\" decoding=\"async\" width=\"1000\" height=\"763\" src=\"http:\/\/www.langages.ch\/blog\/wp-content\/uploads\/15-mi.jpg\" alt=\"\" class=\"wp-image-11840\" srcset=\"https:\/\/www.carillons.ch\/blog\/wp-content\/uploads\/15-mi.jpg 1000w, https:\/\/www.carillons.ch\/blog\/wp-content\/uploads\/15-mi-150x114.jpg 150w, https:\/\/www.carillons.ch\/blog\/wp-content\/uploads\/15-mi-300x229.jpg 300w, https:\/\/www.carillons.ch\/blog\/wp-content\/uploads\/15-mi-768x586.jpg 768w\" sizes=\"auto, (max-width: 1000px) 100vw, 1000px\" \/><\/a><\/figure>\n\n\n\n<p> Cloche 15, mi3, e3, 48 kg, 39,1 cm, 1953. <\/p>\n\n\n\n<figure class=\"wp-block-audio\"><audio controls src=\"http:\/\/www.langages.ch\/blog\/wp-content\/uploads\/15-mi-3.mp3\"><\/audio><figcaption>Ecouter le mi3 (mp3).<\/figcaption><\/figure>\n\n\n\n<figure class=\"wp-block-image\"><a href=\"http:\/\/www.langages.ch\/blog\/wp-content\/uploads\/16-fa-dieze.jpg\"><img loading=\"lazy\" decoding=\"async\" width=\"1006\" height=\"766\" src=\"http:\/\/www.langages.ch\/blog\/wp-content\/uploads\/16-fa-dieze.jpg\" alt=\"\" class=\"wp-image-11839\" srcset=\"https:\/\/www.carillons.ch\/blog\/wp-content\/uploads\/16-fa-dieze.jpg 1006w, https:\/\/www.carillons.ch\/blog\/wp-content\/uploads\/16-fa-dieze-150x114.jpg 150w, https:\/\/www.carillons.ch\/blog\/wp-content\/uploads\/16-fa-dieze-300x228.jpg 300w, https:\/\/www.carillons.ch\/blog\/wp-content\/uploads\/16-fa-dieze-768x585.jpg 768w\" sizes=\"auto, (max-width: 1006px) 100vw, 1006px\" \/><\/a><\/figure>\n\n\n\n<p> Cloche 16, fa#3, fis3, 43 kg, 36,4 cm, 1953. <\/p>\n\n\n\n<figure class=\"wp-block-audio\"><audio controls src=\"http:\/\/www.langages.ch\/blog\/wp-content\/uploads\/16-fa-dieze-3.mp3\"><\/audio><figcaption>Ecouter le fa#3 (mp3).<\/figcaption><\/figure>\n\n\n\n<figure class=\"wp-block-image\"><a href=\"http:\/\/www.langages.ch\/blog\/wp-content\/uploads\/17-sol.jpg\"><img loading=\"lazy\" decoding=\"async\" width=\"950\" height=\"726\" src=\"http:\/\/www.langages.ch\/blog\/wp-content\/uploads\/17-sol.jpg\" alt=\"\" class=\"wp-image-11838\" srcset=\"https:\/\/www.carillons.ch\/blog\/wp-content\/uploads\/17-sol.jpg 950w, https:\/\/www.carillons.ch\/blog\/wp-content\/uploads\/17-sol-150x115.jpg 150w, https:\/\/www.carillons.ch\/blog\/wp-content\/uploads\/17-sol-300x229.jpg 300w, https:\/\/www.carillons.ch\/blog\/wp-content\/uploads\/17-sol-768x587.jpg 768w\" sizes=\"auto, (max-width: 950px) 100vw, 950px\" \/><\/a><\/figure>\n\n\n\n<p> Cloche 17, sol3, g3, 37 kg, 35,2 cm, 1953. <\/p>\n\n\n\n<figure class=\"wp-block-audio\"><audio controls src=\"http:\/\/www.langages.ch\/blog\/wp-content\/uploads\/17-sol-3.mp3\"><\/audio><figcaption>Ecouter le sol3 (mp3).<\/figcaption><\/figure>\n\n\n\n<figure class=\"wp-block-image\"><a href=\"http:\/\/www.langages.ch\/blog\/wp-content\/uploads\/18-sol-dieze.jpg\"><img loading=\"lazy\" decoding=\"async\" width=\"726\" height=\"802\" src=\"http:\/\/www.langages.ch\/blog\/wp-content\/uploads\/18-sol-dieze.jpg\" alt=\"\" class=\"wp-image-11836\" srcset=\"https:\/\/www.carillons.ch\/blog\/wp-content\/uploads\/18-sol-dieze.jpg 726w, https:\/\/www.carillons.ch\/blog\/wp-content\/uploads\/18-sol-dieze-136x150.jpg 136w, https:\/\/www.carillons.ch\/blog\/wp-content\/uploads\/18-sol-dieze-272x300.jpg 272w\" sizes=\"auto, (max-width: 726px) 100vw, 726px\" \/><\/a><\/figure>\n\n\n\n<p> Cloche 18, sol#3, gis3, 36 kg, 34 cm, Donateur: B. Eijsbouts 1953. <\/p>\n\n\n\n<figure class=\"wp-block-audio\"><audio controls src=\"http:\/\/www.langages.ch\/blog\/wp-content\/uploads\/18-sol-dieze-3.mp3\"><\/audio><figcaption>Ecouter le sol#3 (mp3).<\/figcaption><\/figure>\n\n\n\n<figure class=\"wp-block-image\"><a href=\"http:\/\/www.langages.ch\/blog\/wp-content\/uploads\/19-la.jpg\"><img loading=\"lazy\" decoding=\"async\" width=\"951\" height=\"726\" src=\"http:\/\/www.langages.ch\/blog\/wp-content\/uploads\/19-la.jpg\" alt=\"\" class=\"wp-image-11833\" srcset=\"https:\/\/www.carillons.ch\/blog\/wp-content\/uploads\/19-la.jpg 951w, https:\/\/www.carillons.ch\/blog\/wp-content\/uploads\/19-la-150x115.jpg 150w, https:\/\/www.carillons.ch\/blog\/wp-content\/uploads\/19-la-300x229.jpg 300w, https:\/\/www.carillons.ch\/blog\/wp-content\/uploads\/19-la-768x586.jpg 768w\" sizes=\"auto, (max-width: 951px) 100vw, 951px\" \/><\/a><\/figure>\n\n\n\n<p> Cloche 19, la3, a3, 31 kg, 33 cm, 1953. <\/p>\n\n\n\n<figure class=\"wp-block-audio\"><audio controls src=\"http:\/\/www.langages.ch\/blog\/wp-content\/uploads\/19-la-3.mp3\"><\/audio><figcaption>Ecouter le la3 (mp3).<\/figcaption><\/figure>\n\n\n\n<figure class=\"wp-block-image\"><a href=\"http:\/\/www.langages.ch\/blog\/wp-content\/uploads\/clavier.jpg\"><img loading=\"lazy\" decoding=\"async\" width=\"681\" height=\"891\" src=\"http:\/\/www.langages.ch\/blog\/wp-content\/uploads\/clavier.jpg\" alt=\"\" class=\"wp-image-11910\" srcset=\"https:\/\/www.carillons.ch\/blog\/wp-content\/uploads\/clavier.jpg 681w, https:\/\/www.carillons.ch\/blog\/wp-content\/uploads\/clavier-115x150.jpg 115w, https:\/\/www.carillons.ch\/blog\/wp-content\/uploads\/clavier-229x300.jpg 229w\" sizes=\"auto, (max-width: 681px) 100vw, 681px\" \/><\/a><\/figure>\n\n\n\n<p> Le clavier \u00e0 batons de 1953: 19 touches au clavier (2 octaves), 9 touches au p\u00e9dalier (1 octave), 5 touches de commande \u00e9lectrique des cloches \u00e0 la vol\u00e9e.<\/p>\n\n\n\n<figure class=\"wp-block-image\"><img loading=\"lazy\" decoding=\"async\" width=\"708\" height=\"1024\" src=\"http:\/\/www.langages.ch\/blog\/wp-content\/uploads\/guindage-des-cloches-708x1024.jpg\" alt=\"\" class=\"wp-image-11912\" srcset=\"https:\/\/www.carillons.ch\/blog\/wp-content\/uploads\/guindage-des-cloches-708x1024.jpg 708w, https:\/\/www.carillons.ch\/blog\/wp-content\/uploads\/guindage-des-cloches-104x150.jpg 104w, https:\/\/www.carillons.ch\/blog\/wp-content\/uploads\/guindage-des-cloches-207x300.jpg 207w, https:\/\/www.carillons.ch\/blog\/wp-content\/uploads\/guindage-des-cloches.jpg 731w\" sizes=\"auto, (max-width: 708px) 100vw, 708px\" \/><figcaption>Guindage des cloches en 1953<\/figcaption><\/figure>\n","protected":false},"excerpt":{"rendered":"<p>Carillon de 48 cloches.La place est tr\u00e8s calme, bonne acoustique pour les concerts de carillon, et le paysage est tr\u00e8s beau: Le Lac L\u00e9man et les Alpes. 48 cloches (la3, si3 &#8211; la7) (notes r\u00e9elles)48 Glocken (a1, h1 &#8211; a5)48 bells (a1, b1 &#8211; a5)19 cloches de 1953, Fondeur-constructeur : B. Eijsbouts \u00e0 Asten (Hollande)5 cloches de 2011,\u2026 <span class=\"read-more\"><a href=\"https:\/\/www.carillons.ch\/blog\/le-carillon-de-chantemerle-2\/\">Lire la suite &raquo;<\/a><\/span><\/p>\n","protected":false},"author":1,"featured_media":10572,"comment_status":"open","ping_status":"closed","sticky":false,"template":"","format":"standard","meta":{"sfsi_plus_gutenberg_text_before_share":"","sfsi_plus_gutenberg_show_text_before_share":"","sfsi_plus_gutenberg_icon_type":"","sfsi_plus_gutenberg_icon_alignemt":"","sfsi_plus_gutenburg_max_per_row":"","_EventAllDay":false,"_EventTimezone":"","_EventStartDate":"","_EventEndDate":"","_EventStartDateUTC":"","_EventEndDateUTC":"","_EventShowMap":false,"_EventShowMapLink":false,"_EventURL":"","_EventCost":"","_EventCostDescription":"","_EventCurrencySymbol":"","_EventCurrencyCode":"","_EventCurrencyPosition":"","_EventDateTimeSeparator":"","_EventTimeRangeSeparator":"","_EventOrganizerID":[],"_EventVenueID":[],"_OrganizerEmail":"","_OrganizerPhone":"","_OrganizerWebsite":"","_VenueAddress":"","_VenueCity":"","_VenueCountry":"","_VenueProvince":"","_VenueState":"","_VenueZip":"","_VenuePhone":"","_VenueURL":"","_VenueStateProvince":"","_VenueLat":"","_VenueLng":"","_VenueShowMap":false,"_VenueShowMapLink":false,"footnotes":""},"categories":[9,10],"tags":[490,587,43],"class_list":["post-3009","post","type-post","status-publish","format-standard","has-post-thumbnail","hentry","category-carillon","category-aacc-carillon-de-chantemerle","tag-carillon","tag-carillon-avec-clavier-mecanique","tag-cloches"],"_links":{"self":[{"href":"https:\/\/www.carillons.ch\/blog\/wp-json\/wp\/v2\/posts\/3009","targetHints":{"allow":["GET"]}}],"collection":[{"href":"https:\/\/www.carillons.ch\/blog\/wp-json\/wp\/v2\/posts"}],"about":[{"href":"https:\/\/www.carillons.ch\/blog\/wp-json\/wp\/v2\/types\/post"}],"author":[{"embeddable":true,"href":"https:\/\/www.carillons.ch\/blog\/wp-json\/wp\/v2\/users\/1"}],"replies":[{"embeddable":true,"href":"https:\/\/www.carillons.ch\/blog\/wp-json\/wp\/v2\/comments?post=3009"}],"version-history":[{"count":58,"href":"https:\/\/www.carillons.ch\/blog\/wp-json\/wp\/v2\/posts\/3009\/revisions"}],"predecessor-version":[{"id":16127,"href":"https:\/\/www.carillons.ch\/blog\/wp-json\/wp\/v2\/posts\/3009\/revisions\/16127"}],"wp:featuredmedia":[{"embeddable":true,"href":"https:\/\/www.carillons.ch\/blog\/wp-json\/wp\/v2\/media\/10572"}],"wp:attachment":[{"href":"https:\/\/www.carillons.ch\/blog\/wp-json\/wp\/v2\/media?parent=3009"}],"wp:term":[{"taxonomy":"category","embeddable":true,"href":"https:\/\/www.carillons.ch\/blog\/wp-json\/wp\/v2\/categories?post=3009"},{"taxonomy":"post_tag","embeddable":true,"href":"https:\/\/www.carillons.ch\/blog\/wp-json\/wp\/v2\/tags?post=3009"}],"curies":[{"name":"wp","href":"https:\/\/api.w.org\/{rel}","templated":true}]}}