{"id":3268,"date":"2011-01-05T18:23:59","date_gmt":"2011-01-05T17:23:59","guid":{"rendered":"http:\/\/www.langages.ch\/blog\/?p=3268"},"modified":"2022-11-14T12:53:56","modified_gmt":"2022-11-14T11:53:56","slug":"association-des-amis-de-labbaye-de-montheron","status":"publish","type":"post","link":"https:\/\/www.carillons.ch\/blog\/association-des-amis-de-labbaye-de-montheron\/","title":{"rendered":"Association des Amis de l&rsquo;Abbaye de Montheron"},"content":{"rendered":"\n<p>Qu\u2019est-ce que l&rsquo;AAAM?<br>Derri\u00e8re ce sigle, \u0153uvre depuis 1993 l&rsquo;Association des Amis de l&rsquo;Abbaye de Montheron, fond\u00e9e par Willy Chevalley (\u20202006) et Daniel Thomas et quelques-uns de leurs amis, sensibles \u00e0 la po\u00e9sie de ce lieu pittoresque. Aujourd\u2019hui pr\u00e9sid\u00e9e par D. Thomas, carillonneur et organiste, l\u2019AAAM est responsable de l\u2019animation culturelle de l&rsquo;ancienne abbaye. Elle contribue \u00e0 faire conna\u00eetre, depuis ses origines, les 860 ans de vie, int\u00e9gr\u00e9e \u00e0 l\u2019histoire vaudoise.<\/p>\n\n\n\n<p>Voir l&rsquo;<a href=\"https:\/\/www.carillons.ch\/blog\/petit-historique-de-labbaye-de-montheron\/\" data-type=\"URL\" data-id=\"https:\/\/www.carillons.ch\/blog\/petit-historique-de-labbaye-de-montheron\/\">historique<\/a> pour plus d&rsquo;informations. En 1997, c\u2019est le marquage, par des pav\u00e9s, du trac\u00e9 de l\u2019ancienne abbatiale Notre-Dame. En 2006, inauguration du nouvel orgue construit par l\u2019organier fran\u00e7ais Denis Londe. En 2007, toujours avec la collaboration de la Ville, la parution d\u2019un petit ouvrage d\u2019une centaine de pages, abondamment illustr\u00e9, a marqu\u00e9 la fin des travaux, tout en permettant \u00e0 un large public d\u2019en savoir un peu plus sur l\u2019histoire encore peu connue de notre abbaye.<\/p>\n\n\n<a href=\"https:\/\/www.carillons.ch\/blog\/wp-content\/uploads\/100-AA-Progr-A52-bulletin-dinscription.pdf\" class=\"pdfemb-viewer\" style=\"\" data-width=\"max\" data-height=\"max\" data-toolbar=\"bottom\" data-toolbar-fixed=\"off\">100-AA-Progr-A52-bulletin-dinscription<\/a>\n<p class=\"wp-block-pdfemb-pdf-embedder-viewer\"><\/p>\n\n\n\n<div class=\"wp-block-file\"><a id=\"wp-block-file--media-d3f88480-c438-4837-b965-a1f93a63ab73\" href=\"http:\/\/www.langages.ch\/blog\/wp-content\/uploads\/100-AA-Progr-A52-bulletin-dinscription.pdf\">100-AA Progr-A52 &#8211; bulletin d&rsquo;inscription<\/a><a href=\"http:\/\/www.langages.ch\/blog\/wp-content\/uploads\/100-AA-Progr-A52-bulletin-dinscription.pdf\" class=\"wp-block-file__button\" download aria-describedby=\"wp-block-file--media-d3f88480-c438-4837-b965-a1f93a63ab73\">T\u00e9l\u00e9charger<\/a><\/div>\n\n\n\n<p><span style=\"font-family: 'Times New Roman', Georgia, Times;\"><em>L&rsquo;Abbaye de <\/em>Montheron,&nbsp;<em>un lieu historique qui attend votre visite. Remarqu\u00e9 <\/em>en&nbsp;<em>1135 d\u00e9j\u00e0 par les moines cisterciens qui \u00e9tablirent leur monast\u00e8re au bord du Talent, cet endroit \u00e0 la lisi\u00e8re ouest de la for\u00eat du Jorat est tr\u00e8s po\u00e9tique.<br><\/em>C&rsquo;est un but de promenade id\u00e9al, plein d&rsquo;attraits. C&rsquo;est l\u00e0 que l&rsquo;Association des Amis de l&rsquo;Abbaye de Montheron vous invite \u00e0 partager calme, beaut\u00e9, musique et convivialit\u00e9.<\/span><\/p>\n\n\n\n<p><a name=\"aaam\"><\/a><span style=\"font-family: 'Times New Roman', Georgia, Times; font-size: small;\"><strong>Inscription \u00e0 l&rsquo;Association<\/strong><\/span><span style=\"font-family: 'Times New Roman', Georgia, Times; font-size: small;\"><strong><br><\/strong>Devenez, vous aussi, membre de l&rsquo;Association des Amis de l&rsquo;Abbaye de Montheron (AAAM). Vous b\u00e9n\u00e9ficierez de plusieurs avantages et<br>contribuerez au d\u00e9veloppement des activit\u00e9s musicales et culturelles sur le site historique de l&rsquo;ancienne abbaye.<br>Cotisations: membres individuels Fr. 40.-, couples Fr. 60.-, membres collectifs au minimum Fr. 100.-, membre de soutien, d\u00e8s Fr. 300. Cotisation \u00e0 vie, individuelle Fr. 500.-, couple Fr. 700.-.<\/span><\/p>\n\n\n\n<p><span style=\"font-family: 'Times New Roman', Georgia, Times; font-size: small;\">Inscrivez-vous sur la page de <a href=\"http:\/\/www.carillons.ch\/blog\/contact\/\">contact<\/a>!<\/span><\/p>\n\n\n\n<p><span style=\"font-family: 'Times New Roman', Georgia, Times; font-size: small;\">vous pouvez verser la cotisation ou un don au compte de la Banque Raiffeisen du Gros-de-Vaud 1040 Echallens: CH47 8043 4000 0082 6858 4 &nbsp;au nom de l&rsquo;Association des Amis de l&rsquo;Abbaye de Montheron, p.a. Monsieur Daniel Thomas, Ch. de Beaumont 8, 1053 Cugy VD<\/span><br>Fa\u00eetes un don en faveur des orgues de l&rsquo;Abbaye de Montheron, ou de son carillon:<\/p>\n\n\n\n<form action=\"https:\/\/www.paypal.com\/cgi-bin\/webscr\" method=\"post\"><input name=\"cmd\" type=\"hidden\" value=\"_donations\"> <input name=\"business\" type=\"hidden\" value=\"dt@carillonneur.ch\"> <input name=\"item_name\" type=\"hidden\" value=\"Don en faveur des orgues de l'Abbaye de Montheron\"> <input name=\"no_shipping\" type=\"hidden\" value=\"0\"> <input name=\"no_note\" type=\"hidden\" value=\"1\"> <input name=\"currency_code\" type=\"hidden\" value=\"CHF\"> <input name=\"tax\" type=\"hidden\" value=\"0\"> <input name=\"lc\" type=\"hidden\" value=\"CH\"> <input name=\"bn\" type=\"hidden\" value=\"PP-DonationsBF\"> <input alt=\"PayPal - la solution de paiement en ligne la plus simple et la plus s\u00e9curis\u00e9e !\" name=\"submit\" src=\"https:\/\/www.paypal.com\/fr_FR\/CH\/i\/btn\/x-click-butcc-donate.gif\" type=\"image\"> <figure><img loading=\"lazy\" decoding=\"async\" src=\"https:\/\/www.paypal.com\/fr_FR\/i\/scr\/pixel.gif\" alt=\"\" width=\"1\" height=\"1\" border=\"0\"><\/figure><\/form>\n\n\n\n<p>Les statuts de l&rsquo;Association :<\/p>\n\n\n<a href=\"https:\/\/www.carillons.ch\/blog\/wp-content\/uploads\/2019-statuts-montheron.pdf\" class=\"pdfemb-viewer\" style=\"\" data-width=\"max\" data-height=\"max\" data-toolbar=\"bottom\" data-toolbar-fixed=\"off\">2019-statuts-montheron<\/a>\n<p class=\"wp-block-pdfemb-pdf-embedder-viewer\"><\/p>\n\n\n\n<div class=\"wp-block-file\"><a id=\"wp-block-file--media-50939323-f794-44b0-8459-cb3decc58313\" href=\"http:\/\/www.langages.ch\/blog\/wp-content\/uploads\/2019-statuts-montheron.pdf\">2019 statuts-montheron<\/a><a href=\"http:\/\/www.langages.ch\/blog\/wp-content\/uploads\/2019-statuts-montheron.pdf\" class=\"wp-block-file__button\" download aria-describedby=\"wp-block-file--media-50939323-f794-44b0-8459-cb3decc58313\">T\u00e9l\u00e9charger<\/a><\/div>\n\n\n\n<p><script async=\"\" src=\"\/\/platform.twitter.com\/widgets.js\" charset=\"utf-8\"><\/script><\/p>\n","protected":false},"excerpt":{"rendered":"<p>Qu\u2019est-ce que l&rsquo;AAAM?Derri\u00e8re ce sigle, \u0153uvre depuis 1993 l&rsquo;Association des Amis de l&rsquo;Abbaye de Montheron, fond\u00e9e par Willy Chevalley (\u20202006) et Daniel Thomas et quelques-uns de leurs amis, sensibles \u00e0 la po\u00e9sie de ce lieu pittoresque. Aujourd\u2019hui pr\u00e9sid\u00e9e par D. Thomas, carillonneur et organiste, l\u2019AAAM est responsable de l\u2019animation culturelle de l&rsquo;ancienne abbaye. Elle contribue \u00e0 faire conna\u00eetre,\u2026 <span class=\"read-more\"><a href=\"https:\/\/www.carillons.ch\/blog\/association-des-amis-de-labbaye-de-montheron\/\">Lire la suite &raquo;<\/a><\/span><\/p>\n","protected":false},"author":1,"featured_media":14411,"comment_status":"open","ping_status":"closed","sticky":false,"template":"","format":"standard","meta":{"sfsi_plus_gutenberg_text_before_share":"","sfsi_plus_gutenberg_show_text_before_share":"","sfsi_plus_gutenberg_icon_type":"","sfsi_plus_gutenberg_icon_alignemt":"","sfsi_plus_gutenburg_max_per_row":"","_EventAllDay":false,"_EventTimezone":"","_EventStartDate":"","_EventEndDate":"","_EventStartDateUTC":"","_EventEndDateUTC":"","_EventShowMap":false,"_EventShowMapLink":false,"_EventURL":"","_EventCost":"","_EventCostDescription":"","_EventCurrencySymbol":"","_EventCurrencyCode":"","_EventCurrencyPosition":"","_EventDateTimeSeparator":"","_EventTimeRangeSeparator":"","_EventOrganizerID":[],"_EventVenueID":[],"_OrganizerEmail":"","_OrganizerPhone":"","_OrganizerWebsite":"","_VenueAddress":"","_VenueCity":"","_VenueCountry":"","_VenueProvince":"","_VenueState":"","_VenueZip":"","_VenuePhone":"","_VenueURL":"","_VenueStateProvince":"","_VenueLat":"","_VenueLng":"","_VenueShowMap":false,"_VenueShowMapLink":false,"footnotes":""},"categories":[8],"tags":[295],"class_list":["post-3268","post","type-post","status-publish","format-standard","has-post-thumbnail","hentry","category-aaam-abbaye-de-montheron","tag-concerts"],"_links":{"self":[{"href":"https:\/\/www.carillons.ch\/blog\/wp-json\/wp\/v2\/posts\/3268","targetHints":{"allow":["GET"]}}],"collection":[{"href":"https:\/\/www.carillons.ch\/blog\/wp-json\/wp\/v2\/posts"}],"about":[{"href":"https:\/\/www.carillons.ch\/blog\/wp-json\/wp\/v2\/types\/post"}],"author":[{"embeddable":true,"href":"https:\/\/www.carillons.ch\/blog\/wp-json\/wp\/v2\/users\/1"}],"replies":[{"embeddable":true,"href":"https:\/\/www.carillons.ch\/blog\/wp-json\/wp\/v2\/comments?post=3268"}],"version-history":[{"count":17,"href":"https:\/\/www.carillons.ch\/blog\/wp-json\/wp\/v2\/posts\/3268\/revisions"}],"predecessor-version":[{"id":16483,"href":"https:\/\/www.carillons.ch\/blog\/wp-json\/wp\/v2\/posts\/3268\/revisions\/16483"}],"wp:featuredmedia":[{"embeddable":true,"href":"https:\/\/www.carillons.ch\/blog\/wp-json\/wp\/v2\/media\/14411"}],"wp:attachment":[{"href":"https:\/\/www.carillons.ch\/blog\/wp-json\/wp\/v2\/media?parent=3268"}],"wp:term":[{"taxonomy":"category","embeddable":true,"href":"https:\/\/www.carillons.ch\/blog\/wp-json\/wp\/v2\/categories?post=3268"},{"taxonomy":"post_tag","embeddable":true,"href":"https:\/\/www.carillons.ch\/blog\/wp-json\/wp\/v2\/tags?post=3268"}],"curies":[{"name":"wp","href":"https:\/\/api.w.org\/{rel}","templated":true}]}}