{"id":4066,"date":"2011-11-03T21:11:24","date_gmt":"2011-11-03T20:11:24","guid":{"rendered":"http:\/\/www.langages.ch\/blog\/?p=4066"},"modified":"2022-01-27T05:06:49","modified_gmt":"2022-01-27T04:06:49","slug":"froideville-vd-carillon-du-centre-oecumenique","status":"publish","type":"post","link":"https:\/\/www.carillons.ch\/blog\/froideville-vd-carillon-du-centre-oecumenique\/","title":{"rendered":"Carillon de Froideville VD"},"content":{"rendered":"\n<figure class=\"wp-block-embed is-type-video is-provider-youtube wp-block-embed-youtube wp-embed-aspect-16-9 wp-has-aspect-ratio\"><div class=\"wp-block-embed__wrapper\">\n<iframe loading=\"lazy\" title=\"Carilllon de Froideville novembre 2011\" width=\"665\" height=\"374\" src=\"https:\/\/www.youtube.com\/embed\/Iiz2hDqrRsY?feature=oembed\" frameborder=\"0\" allow=\"accelerometer; autoplay; clipboard-write; encrypted-media; gyroscope; picture-in-picture; web-share\" referrerpolicy=\"strict-origin-when-cross-origin\" allowfullscreen><\/iframe>\n<\/div><\/figure>\n\n\n\n<p>Deux clochers de Froideville et arbres.<br><br>Video: S\u00e9r\u00e9nade au petit carillon de 16 cloches \u00e0 transmission \u00e9lectrique de Froideville Vaud, devant le paysage du soir. Une contredanse anglaise ancienne adapt\u00e9e pour clavier par Anna Barbara Speckner et adapt\u00e9e pour le carillon de 16 cloches et vari\u00e9e par le carillonneur du jour, Daniel Thomas:<\/p>\n\n\n\n<figure class=\"wp-block-image\"><img decoding=\"async\" src=\"http:\/\/www.campanae.ch\/uploads\/images\/carlistauto\/Froideville2.jpg\" alt=\"\"\/><\/figure>\n\n\n\n<p>&nbsp;<strong>Froideville VD, Carillon du Centre oecum\u00e9nique<\/strong><br>16 cloches (do4, r\u00e94, mi4-sol4, la4-do5, r\u00e95-sol5)<br>16 Glocken (c2, d2, e2-g2, a2-c3, d3-g3)<br>16 bells (c2, d2, e2-g2, a2-c3, d3-g3)<br>R\u00fcetschi 1986<\/p>\n\n\n\n<p>Vous pouvez r\u00e9server une visite priv\u00e9e du carillon avec un petit concert pour une famille, un groupe ou vous-m\u00eames sur la page de contact.<\/p>\n\n\n\n<p>Carillon \u00e0 transmission \u00e9lectrique, install\u00e9 en 1986 avec des cloches de la fonderie <a title=\"site de la fonderie Suisse\" rel=\"noopener noreferrer\" href=\"http:\/\/www.guk.ch\/\" target=\"_blank\">R\u00fcetschi<\/a>, Aarau.<\/p>\n\n\n\n<figure class=\"wp-block-table\"><table><tbody><tr><td><strong>No<\/strong><\/td><td><strong>notes<\/strong><\/td><td><strong>poids<\/strong><\/td><td><strong>diam\u00e8tre<\/strong><\/td><td><\/td><\/tr><tr><td>1<\/td><td>do *<\/td><td>270 kg<\/td><td>760<\/td><td>mm<\/td><\/tr><tr><td>2<\/td><td>r\u00e9<\/td><td>200 kg<\/td><td>690<\/td><td>mm<\/td><\/tr><tr><td>3<\/td><td>mi *<\/td><td>160 kg<\/td><td>635<\/td><td>mm<\/td><\/tr><tr><td>4<\/td><td>fa<\/td><td>130 kg<\/td><td>595<\/td><td>mm<\/td><\/tr><tr><td>5<\/td><td>fa di\u00e8se<\/td><td>110 kg<\/td><td>560<\/td><td>mm<\/td><\/tr><tr><td>6<\/td><td>sol *<\/td><td>95 kg<\/td><td>540<\/td><td>mm<\/td><\/tr><tr><td>7<\/td><td>la&nbsp;<\/td><td>15 kg<\/td><td>480<\/td><td>mm<\/td><\/tr><tr><td>8<\/td><td>si b\u00e9mol<\/td><td>60 kg<\/td><td>444<\/td><td>mm<\/td><\/tr><tr><td>9<\/td><td>si<\/td><td>50 kg<\/td><td>415<\/td><td>mm<\/td><\/tr><tr><td>10<\/td><td>do<\/td><td>46 kg<\/td><td>406<\/td><td>mm<\/td><\/tr><tr><td>11<\/td><td>r\u00e9<\/td><td>38 kg<\/td><td>375<\/td><td>mm<\/td><\/tr><tr><td>12<\/td><td>mi b\u00e9mol<\/td><td>32 kg<\/td><td>347<\/td><td>mm<\/td><\/tr><tr><td>13<\/td><td>mi<\/td><td>28 kg<\/td><td>332<\/td><td>mm<\/td><\/tr><tr><td>14<\/td><td>fa<\/td><td>24 kg<\/td><td>315<\/td><td>mm<\/td><\/tr><tr><td>15<\/td><td>fa di\u00e8se<\/td><td>20 kg<\/td><td>308<\/td><td>mm<\/td><\/tr><tr><td>16<\/td><td>sol<\/td><td>13 kg<\/td><td>274<\/td><td>mm<\/td><\/tr><\/tbody><\/table><figcaption>Cloches du carillon<\/figcaption><\/figure>\n\n\n\n<figure class=\"wp-block-image size-large\"><a href=\"http:\/\/www.langages.ch\/blog\/wp-content\/uploads\/Froideville-carillon-IMG_3510_Fotor.jpg\"><img loading=\"lazy\" decoding=\"async\" width=\"600\" height=\"844\" src=\"http:\/\/www.langages.ch\/blog\/wp-content\/uploads\/Froideville-carillon-IMG_3510_Fotor.jpg\" alt=\"\" class=\"wp-image-13322\" srcset=\"https:\/\/www.carillons.ch\/blog\/wp-content\/uploads\/Froideville-carillon-IMG_3510_Fotor.jpg 600w, https:\/\/www.carillons.ch\/blog\/wp-content\/uploads\/Froideville-carillon-IMG_3510_Fotor-213x300.jpg 213w, https:\/\/www.carillons.ch\/blog\/wp-content\/uploads\/Froideville-carillon-IMG_3510_Fotor-107x150.jpg 107w\" sizes=\"auto, (max-width: 600px) 100vw, 600px\" \/><\/a><\/figure>\n\n\n\n<p>Daniel Thomas anime le carillon de 16 cloches de Froideville dans le cadre de certains concerts ou cultes, ou messes. Il l&rsquo;anime aussi dans le cadre du Passeport-Vacances ou de balades du Jorat.<\/p>\n\n\n\n<p>Quelques photos du carillon (voir sur le site <a title=\"photos du carillon de Froideville\" href=\"http:\/\/www.flickr.com\/photos\/polymusicien\/sets\/72157628046128546\/\" target=\"_blank\" rel=\"noopener noreferrer\">Flikr<\/a>).<\/p>\n\n\n\n<a data-flickr-embed=\"true\" data-header=\"true\" data-footer=\"true\" href=\"https:\/\/www.flickr.com\/photos\/polymusicien\/albums\/72157628046128546\" title=\"Carillon de Froideville\"><img loading=\"lazy\" decoding=\"async\" src=\"https:\/\/live.staticflickr.com\/6226\/6309794129_d03b21e695.jpg\" width=\"640\" height=\"480\" alt=\"Carillon de Froideville\"><\/a><script async src=\"\/\/embedr.flickr.com\/assets\/client-code.js\" charset=\"utf-8\"><\/script>\n","protected":false},"excerpt":{"rendered":"<p>Deux clochers de Froideville et arbres. Video: S\u00e9r\u00e9nade au petit carillon de 16 cloches \u00e0 transmission \u00e9lectrique de Froideville Vaud, devant le paysage du soir. Une contredanse anglaise ancienne adapt\u00e9e pour clavier par Anna Barbara Speckner et adapt\u00e9e pour le carillon de 16 cloches et vari\u00e9e par le carillonneur du jour, Daniel Thomas: &nbsp;Froideville VD, Carillon du Centre\u2026 <span class=\"read-more\"><a href=\"https:\/\/www.carillons.ch\/blog\/froideville-vd-carillon-du-centre-oecumenique\/\">Lire la suite &raquo;<\/a><\/span><\/p>\n","protected":false},"author":1,"featured_media":12844,"comment_status":"open","ping_status":"closed","sticky":false,"template":"","format":"standard","meta":{"sfsi_plus_gutenberg_text_before_share":"","sfsi_plus_gutenberg_show_text_before_share":"","sfsi_plus_gutenberg_icon_type":"","sfsi_plus_gutenberg_icon_alignemt":"","sfsi_plus_gutenburg_max_per_row":"","_EventAllDay":false,"_EventTimezone":"","_EventStartDate":"","_EventEndDate":"","_EventStartDateUTC":"","_EventEndDateUTC":"","_EventShowMap":false,"_EventShowMapLink":false,"_EventURL":"","_EventCost":"","_EventCostDescription":"","_EventCurrencySymbol":"","_EventCurrencyCode":"","_EventCurrencyPosition":"","_EventDateTimeSeparator":"","_EventTimeRangeSeparator":"","_EventOrganizerID":[],"_EventVenueID":[],"_OrganizerEmail":"","_OrganizerPhone":"","_OrganizerWebsite":"","_VenueAddress":"","_VenueCity":"","_VenueCountry":"","_VenueProvince":"","_VenueState":"","_VenueZip":"","_VenuePhone":"","_VenueURL":"","_VenueStateProvince":"","_VenueLat":"","_VenueLng":"","_VenueShowMap":false,"_VenueShowMapLink":false,"footnotes":""},"categories":[9,163,695],"tags":[490,726,43,693,493,603],"class_list":["post-4066","post","type-post","status-publish","format-standard","has-post-thumbnail","hentry","category-carillon","category-carillon-videos","category-passeport-vacances-lausanne","tag-carillon","tag-carillon-haut-talent","tag-cloches","tag-passeport-vacances","tag-video","tag-visite-de-carillons"],"_links":{"self":[{"href":"https:\/\/www.carillons.ch\/blog\/wp-json\/wp\/v2\/posts\/4066","targetHints":{"allow":["GET"]}}],"collection":[{"href":"https:\/\/www.carillons.ch\/blog\/wp-json\/wp\/v2\/posts"}],"about":[{"href":"https:\/\/www.carillons.ch\/blog\/wp-json\/wp\/v2\/types\/post"}],"author":[{"embeddable":true,"href":"https:\/\/www.carillons.ch\/blog\/wp-json\/wp\/v2\/users\/1"}],"replies":[{"embeddable":true,"href":"https:\/\/www.carillons.ch\/blog\/wp-json\/wp\/v2\/comments?post=4066"}],"version-history":[{"count":31,"href":"https:\/\/www.carillons.ch\/blog\/wp-json\/wp\/v2\/posts\/4066\/revisions"}],"predecessor-version":[{"id":15864,"href":"https:\/\/www.carillons.ch\/blog\/wp-json\/wp\/v2\/posts\/4066\/revisions\/15864"}],"wp:featuredmedia":[{"embeddable":true,"href":"https:\/\/www.carillons.ch\/blog\/wp-json\/wp\/v2\/media\/12844"}],"wp:attachment":[{"href":"https:\/\/www.carillons.ch\/blog\/wp-json\/wp\/v2\/media?parent=4066"}],"wp:term":[{"taxonomy":"category","embeddable":true,"href":"https:\/\/www.carillons.ch\/blog\/wp-json\/wp\/v2\/categories?post=4066"},{"taxonomy":"post_tag","embeddable":true,"href":"https:\/\/www.carillons.ch\/blog\/wp-json\/wp\/v2\/tags?post=4066"}],"curies":[{"name":"wp","href":"https:\/\/api.w.org\/{rel}","templated":true}]}}