{"id":4363,"date":"2012-04-19T15:56:10","date_gmt":"2012-04-19T13:56:10","guid":{"rendered":"http:\/\/www.langages.ch\/blog\/?p=4363"},"modified":"2020-08-27T21:28:57","modified_gmt":"2020-08-27T19:28:57","slug":"revue-des-amis-de-labbaye-de-montheron-2012","status":"publish","type":"post","link":"https:\/\/www.carillons.ch\/blog\/revue-des-amis-de-labbaye-de-montheron-2012\/","title":{"rendered":"Revue 2012 Abbaye de Montheron"},"content":{"rendered":"\n<p>Lisez la revue et programme 2012, les quatre articles et le programme:<br>SOMMAIRE<br>3 \/ Pr\u00e9lude Moments de bonheur  <em>Daniel Thomas<\/em><br>4 \/ Programme des manifestations 2012<br>15 \/ Fouilles arch\u00e9ologiques et documents d\u2019archives  <em>Valentine Bays et Arnaud Taurian<\/em><br>20 \/ Hommage \u00e0 Pierre Margot ou D\u2019un Pierre \u00e0 l\u2019autre : \u00c9vocation d\u2019une tr\u00e8s longue amiti\u00e9  <em>Pierre Golaz<\/em><br>22 \/ L\u2019AAAM en balade au pays de la grue  <em>Pierre Golaz<\/em><\/p>\n\n\n<a href=\"https:\/\/www.carillons.ch\/blog\/wp-content\/uploads\/2012-revue-montheron.pdf\" class=\"pdfemb-viewer\" style=\"\" data-width=\"max\" data-height=\"max\" data-toolbar=\"bottom\" data-toolbar-fixed=\"off\">2012-revue-montheron<\/a>\n<p class=\"wp-block-pdfemb-pdf-embedder-viewer\"><\/p>\n\n\n\n<p>Revue AAAM 2012 en pdf \u00e0 t\u00e9l\u00e9charger: <\/p>\n\n\n\n<div class=\"wp-block-file\"><a href=\"http:\/\/www.langages.ch\/blog\/wp-content\/uploads\/2012-revue-montheron.pdf\">2012-revue-montheron<\/a><a href=\"http:\/\/www.langages.ch\/blog\/wp-content\/uploads\/2012-revue-montheron.pdf\" class=\"wp-block-file__button\" download>T\u00e9l\u00e9charger<\/a><\/div>\n\n\n\n<figure class=\"wp-block-image\"><img loading=\"lazy\" decoding=\"async\" width=\"315\" height=\"327\" src=\"http:\/\/www.langages.ch\/blog\/wp-content\/uploads\/plan-montheron.png\" alt=\"plan ancien\" class=\"wp-image-4368\" srcset=\"https:\/\/www.carillons.ch\/blog\/wp-content\/uploads\/plan-montheron.png 315w, https:\/\/www.carillons.ch\/blog\/wp-content\/uploads\/plan-montheron-144x150.png 144w, https:\/\/www.carillons.ch\/blog\/wp-content\/uploads\/plan-montheron-288x300.png 288w\" sizes=\"auto, (max-width: 315px) 100vw, 315px\" \/><\/figure>\n","protected":false},"excerpt":{"rendered":"<p>Lisez la revue et programme 2012, les quatre articles et le programme:SOMMAIRE3 \/ Pr\u00e9lude Moments de bonheur Daniel Thomas4 \/ Programme des manifestations 201215 \/ Fouilles arch\u00e9ologiques et documents d\u2019archives Valentine Bays et Arnaud Taurian20 \/ Hommage \u00e0 Pierre Margot ou D\u2019un Pierre \u00e0 l\u2019autre : \u00c9vocation d\u2019une tr\u00e8s longue amiti\u00e9 Pierre Golaz22 \/ L\u2019AAAM en balade au\u2026 <span class=\"read-more\"><a href=\"https:\/\/www.carillons.ch\/blog\/revue-des-amis-de-labbaye-de-montheron-2012\/\">Lire la suite &raquo;<\/a><\/span><\/p>\n","protected":false},"author":1,"featured_media":13729,"comment_status":"open","ping_status":"closed","sticky":false,"template":"","format":"standard","meta":{"sfsi_plus_gutenberg_text_before_share":"","sfsi_plus_gutenberg_show_text_before_share":"","sfsi_plus_gutenberg_icon_type":"","sfsi_plus_gutenberg_icon_alignemt":"","sfsi_plus_gutenburg_max_per_row":"","_EventAllDay":false,"_EventTimezone":"","_EventStartDate":"","_EventEndDate":"","_EventStartDateUTC":"","_EventEndDateUTC":"","_EventShowMap":false,"_EventShowMapLink":false,"_EventURL":"","_EventCost":"","_EventCostDescription":"","_EventCurrencySymbol":"","_EventCurrencyCode":"","_EventCurrencyPosition":"","_EventDateTimeSeparator":"","_EventTimeRangeSeparator":"","_EventOrganizerID":[],"_EventVenueID":[],"_OrganizerEmail":"","_OrganizerPhone":"","_OrganizerWebsite":"","_VenueAddress":"","_VenueCity":"","_VenueCountry":"","_VenueProvince":"","_VenueState":"","_VenueZip":"","_VenuePhone":"","_VenueURL":"","_VenueStateProvince":"","_VenueLat":"","_VenueLng":"","_VenueShowMap":false,"_VenueShowMapLink":false,"footnotes":""},"categories":[8,20],"tags":[187,191],"class_list":["post-4363","post","type-post","status-publish","format-standard","has-post-thumbnail","hentry","category-aaam-abbaye-de-montheron","category-pdf-lecture-en-direct","tag-cistercien","tag-revue-montheron"],"_links":{"self":[{"href":"https:\/\/www.carillons.ch\/blog\/wp-json\/wp\/v2\/posts\/4363","targetHints":{"allow":["GET"]}}],"collection":[{"href":"https:\/\/www.carillons.ch\/blog\/wp-json\/wp\/v2\/posts"}],"about":[{"href":"https:\/\/www.carillons.ch\/blog\/wp-json\/wp\/v2\/types\/post"}],"author":[{"embeddable":true,"href":"https:\/\/www.carillons.ch\/blog\/wp-json\/wp\/v2\/users\/1"}],"replies":[{"embeddable":true,"href":"https:\/\/www.carillons.ch\/blog\/wp-json\/wp\/v2\/comments?post=4363"}],"version-history":[{"count":17,"href":"https:\/\/www.carillons.ch\/blog\/wp-json\/wp\/v2\/posts\/4363\/revisions"}],"predecessor-version":[{"id":14906,"href":"https:\/\/www.carillons.ch\/blog\/wp-json\/wp\/v2\/posts\/4363\/revisions\/14906"}],"wp:featuredmedia":[{"embeddable":true,"href":"https:\/\/www.carillons.ch\/blog\/wp-json\/wp\/v2\/media\/13729"}],"wp:attachment":[{"href":"https:\/\/www.carillons.ch\/blog\/wp-json\/wp\/v2\/media?parent=4363"}],"wp:term":[{"taxonomy":"category","embeddable":true,"href":"https:\/\/www.carillons.ch\/blog\/wp-json\/wp\/v2\/categories?post=4363"},{"taxonomy":"post_tag","embeddable":true,"href":"https:\/\/www.carillons.ch\/blog\/wp-json\/wp\/v2\/tags?post=4363"}],"curies":[{"name":"wp","href":"https:\/\/api.w.org\/{rel}","templated":true}]}}