{"id":4397,"date":"2012-04-19T17:31:17","date_gmt":"2012-04-19T16:31:17","guid":{"rendered":"http:\/\/www.langages.ch\/blog\/?p=4397"},"modified":"2020-08-27T21:48:12","modified_gmt":"2020-08-27T19:48:12","slug":"a-propos-dune-maquette-de-lancienne-abbatiale-de-montheron","status":"publish","type":"post","link":"https:\/\/www.carillons.ch\/blog\/a-propos-dune-maquette-de-lancienne-abbatiale-de-montheron\/","title":{"rendered":"A propos d\u2019une maquette de l\u2019ancienne Abbatiale de Montheron"},"content":{"rendered":"\n<p>\u00c0 propos d\u2019une maquette de l\u2019ancienne Abbatiale de Montheron Pierre Golaz, 2011, p 20.<\/p>\n\n\n\n<p>Si les al\u00e9as de l\u2019histoire ne l\u2019avaient d\u00e9cid\u00e9 autrement, les visiteurs de Montheron auraient sous les yeux l\u2019un des plus beaux sanctuaires romans de notre r\u00e9gion, dont le plan pr\u00e9sente la particularit\u00e9, rare dans le monde cistercien, d\u2019un chevet comportant cinq absides semi-circulaires. En effet, il faut aller dans le sud-ouest de la France, \u00e0 Flaran dans le Gers, pour d\u00e9couvrir une abbatiale cistercienne ayant la m\u00eame caract\u00e9ristique. &#8230;<\/p>\n\n\n<a href=\"https:\/\/www.carillons.ch\/blog\/wp-content\/uploads\/2011-revue-Montheron-maquette.pdf\" class=\"pdfemb-viewer\" style=\"\" data-width=\"max\" data-height=\"max\" data-toolbar=\"bottom\" data-toolbar-fixed=\"off\">2011-revue-Montheron-maquette<\/a>\n<p class=\"wp-block-pdfemb-pdf-embedder-viewer\"><\/p>\n\n\n\n<div class=\"wp-block-file\"><a href=\"http:\/\/www.langages.ch\/blog\/wp-content\/uploads\/2011-revue-Montheron-maquette.pdf\">2011-revue-Montheron-maquette<\/a><a href=\"http:\/\/www.langages.ch\/blog\/wp-content\/uploads\/2011-revue-Montheron-maquette.pdf\" class=\"wp-block-file__button\" download>T\u00e9l\u00e9charger<\/a><\/div>\n\n\n\n<p><script type=\"text\/javascript\" src=\"\/\/e.issuu.com\/embed.js\" async=\"true\"><\/script><\/p>\n","protected":false},"excerpt":{"rendered":"<p>\u00c0 propos d\u2019une maquette de l\u2019ancienne Abbatiale de Montheron Pierre Golaz, 2011, p 20. Si les al\u00e9as de l\u2019histoire ne l\u2019avaient d\u00e9cid\u00e9 autrement, les visiteurs de Montheron auraient sous les yeux l\u2019un des plus beaux sanctuaires romans de notre r\u00e9gion, dont le plan pr\u00e9sente la particularit\u00e9, rare dans le monde cistercien, d\u2019un chevet comportant cinq absides semi-circulaires. En\u2026 <span class=\"read-more\"><a href=\"https:\/\/www.carillons.ch\/blog\/a-propos-dune-maquette-de-lancienne-abbatiale-de-montheron\/\">Lire la suite &raquo;<\/a><\/span><\/p>\n","protected":false},"author":1,"featured_media":4398,"comment_status":"open","ping_status":"closed","sticky":false,"template":"","format":"standard","meta":{"sfsi_plus_gutenberg_text_before_share":"","sfsi_plus_gutenberg_show_text_before_share":"","sfsi_plus_gutenberg_icon_type":"","sfsi_plus_gutenberg_icon_alignemt":"","sfsi_plus_gutenburg_max_per_row":"","_EventAllDay":false,"_EventTimezone":"","_EventStartDate":"","_EventEndDate":"","_EventStartDateUTC":"","_EventEndDateUTC":"","_EventShowMap":false,"_EventShowMapLink":false,"_EventURL":"","_EventCost":"","_EventCostDescription":"","_EventCurrencySymbol":"","_EventCurrencyCode":"","_EventCurrencyPosition":"","_EventDateTimeSeparator":"","_EventTimeRangeSeparator":"","_EventOrganizerID":[],"_EventVenueID":[],"_OrganizerEmail":"","_OrganizerPhone":"","_OrganizerWebsite":"","_VenueAddress":"","_VenueCity":"","_VenueCountry":"","_VenueProvince":"","_VenueState":"","_VenueZip":"","_VenuePhone":"","_VenueURL":"","_VenueStateProvince":"","_VenueLat":"","_VenueLng":"","_VenueShowMap":false,"_VenueShowMapLink":false,"footnotes":""},"categories":[8],"tags":[281,54,104,636,247],"class_list":["post-4397","post","type-post","status-publish","format-standard","has-post-thumbnail","hentry","category-aaam-abbaye-de-montheron","tag-abbatiale","tag-abbaye","tag-eglise","tag-histoire-montheron","tag-maquette"],"_links":{"self":[{"href":"https:\/\/www.carillons.ch\/blog\/wp-json\/wp\/v2\/posts\/4397","targetHints":{"allow":["GET"]}}],"collection":[{"href":"https:\/\/www.carillons.ch\/blog\/wp-json\/wp\/v2\/posts"}],"about":[{"href":"https:\/\/www.carillons.ch\/blog\/wp-json\/wp\/v2\/types\/post"}],"author":[{"embeddable":true,"href":"https:\/\/www.carillons.ch\/blog\/wp-json\/wp\/v2\/users\/1"}],"replies":[{"embeddable":true,"href":"https:\/\/www.carillons.ch\/blog\/wp-json\/wp\/v2\/comments?post=4397"}],"version-history":[{"count":11,"href":"https:\/\/www.carillons.ch\/blog\/wp-json\/wp\/v2\/posts\/4397\/revisions"}],"predecessor-version":[{"id":14929,"href":"https:\/\/www.carillons.ch\/blog\/wp-json\/wp\/v2\/posts\/4397\/revisions\/14929"}],"wp:featuredmedia":[{"embeddable":true,"href":"https:\/\/www.carillons.ch\/blog\/wp-json\/wp\/v2\/media\/4398"}],"wp:attachment":[{"href":"https:\/\/www.carillons.ch\/blog\/wp-json\/wp\/v2\/media?parent=4397"}],"wp:term":[{"taxonomy":"category","embeddable":true,"href":"https:\/\/www.carillons.ch\/blog\/wp-json\/wp\/v2\/categories?post=4397"},{"taxonomy":"post_tag","embeddable":true,"href":"https:\/\/www.carillons.ch\/blog\/wp-json\/wp\/v2\/tags?post=4397"}],"curies":[{"name":"wp","href":"https:\/\/api.w.org\/{rel}","templated":true}]}}