{"id":4486,"date":"2012-04-20T12:33:51","date_gmt":"2012-04-20T10:33:51","guid":{"rendered":"http:\/\/www.langages.ch\/blog\/?p=4486"},"modified":"2020-08-27T21:33:02","modified_gmt":"2020-08-27T19:33:02","slug":"2005-revue-des-amis-de-labbaye-de-montheron","status":"publish","type":"post","link":"https:\/\/www.carillons.ch\/blog\/2005-revue-des-amis-de-labbaye-de-montheron\/","title":{"rendered":"Revue 2005 Abbaye de Montheron"},"content":{"rendered":"\n<p>Programme et articles, 2005, Abbaye de Montheron.<br>Restauration de l&rsquo;\u00e9glise de Montheron Quelques mots des travaux qui seront ex\u00e9cut\u00e9s en 2005  <em>Christophe Amsler<\/em><br>De Frigida villa \u00e0 Froideville et Froideville aujourd&rsquo;hui  <em>Michel Pittet <\/em> <br>Qui est St-Hubert, patron des chasseurs ? <em>Willy Chevalley<\/em><\/p>\n\n\n<a href=\"https:\/\/www.carillons.ch\/blog\/wp-content\/uploads\/2005-01-revue-aaam-22.pdf\" class=\"pdfemb-viewer\" style=\"\" data-width=\"max\" data-height=\"max\" data-toolbar=\"bottom\" data-toolbar-fixed=\"off\">2005-01-revue-aaam-22<\/a>\n<p class=\"wp-block-pdfemb-pdf-embedder-viewer\"><\/p>\n\n\n\n<p>Revue AAAM 2005 en pdf \u00e0 t\u00e9l\u00e9charger:<\/p>\n\n\n\n<div class=\"wp-block-file\"><a href=\"http:\/\/www.langages.ch\/blog\/wp-content\/uploads\/2005-01-revue-aaam-22.pdf\">2005-01-revue-aaam-22<\/a><a href=\"http:\/\/www.langages.ch\/blog\/wp-content\/uploads\/2005-01-revue-aaam-22.pdf\" class=\"wp-block-file__button\" download>T\u00e9l\u00e9charger<\/a><\/div>\n","protected":false},"excerpt":{"rendered":"<p>Programme et articles, 2005, Abbaye de Montheron.Restauration de l&rsquo;\u00e9glise de Montheron Quelques mots des travaux qui seront ex\u00e9cut\u00e9s en 2005 Christophe AmslerDe Frigida villa \u00e0 Froideville et Froideville aujourd&rsquo;hui Michel Pittet Qui est St-Hubert, patron des chasseurs ? Willy Chevalley Revue AAAM 2005 en pdf \u00e0 t\u00e9l\u00e9charger:<\/p>\n","protected":false},"author":1,"featured_media":13794,"comment_status":"open","ping_status":"closed","sticky":false,"template":"","format":"standard","meta":{"sfsi_plus_gutenberg_text_before_share":"","sfsi_plus_gutenberg_show_text_before_share":"","sfsi_plus_gutenberg_icon_type":"","sfsi_plus_gutenberg_icon_alignemt":"","sfsi_plus_gutenburg_max_per_row":"","_EventAllDay":false,"_EventTimezone":"","_EventStartDate":"","_EventEndDate":"","_EventStartDateUTC":"","_EventEndDateUTC":"","_EventShowMap":false,"_EventShowMapLink":false,"_EventURL":"","_EventCost":"","_EventCostDescription":"","_EventCurrencySymbol":"","_EventCurrencyCode":"","_EventCurrencyPosition":"","_EventDateTimeSeparator":"","_EventTimeRangeSeparator":"","_EventOrganizerID":[],"_EventVenueID":[],"_OrganizerEmail":"","_OrganizerPhone":"","_OrganizerWebsite":"","_VenueAddress":"","_VenueCity":"","_VenueCountry":"","_VenueProvince":"","_VenueState":"","_VenueZip":"","_VenuePhone":"","_VenueURL":"","_VenueStateProvince":"","_VenueLat":"","_VenueLng":"","_VenueShowMap":false,"_VenueShowMapLink":false,"footnotes":""},"categories":[8],"tags":[54,104,289,191],"class_list":["post-4486","post","type-post","status-publish","format-standard","has-post-thumbnail","hentry","category-aaam-abbaye-de-montheron","tag-abbaye","tag-eglise","tag-restauration","tag-revue-montheron"],"_links":{"self":[{"href":"https:\/\/www.carillons.ch\/blog\/wp-json\/wp\/v2\/posts\/4486","targetHints":{"allow":["GET"]}}],"collection":[{"href":"https:\/\/www.carillons.ch\/blog\/wp-json\/wp\/v2\/posts"}],"about":[{"href":"https:\/\/www.carillons.ch\/blog\/wp-json\/wp\/v2\/types\/post"}],"author":[{"embeddable":true,"href":"https:\/\/www.carillons.ch\/blog\/wp-json\/wp\/v2\/users\/1"}],"replies":[{"embeddable":true,"href":"https:\/\/www.carillons.ch\/blog\/wp-json\/wp\/v2\/comments?post=4486"}],"version-history":[{"count":13,"href":"https:\/\/www.carillons.ch\/blog\/wp-json\/wp\/v2\/posts\/4486\/revisions"}],"predecessor-version":[{"id":14913,"href":"https:\/\/www.carillons.ch\/blog\/wp-json\/wp\/v2\/posts\/4486\/revisions\/14913"}],"wp:featuredmedia":[{"embeddable":true,"href":"https:\/\/www.carillons.ch\/blog\/wp-json\/wp\/v2\/media\/13794"}],"wp:attachment":[{"href":"https:\/\/www.carillons.ch\/blog\/wp-json\/wp\/v2\/media?parent=4486"}],"wp:term":[{"taxonomy":"category","embeddable":true,"href":"https:\/\/www.carillons.ch\/blog\/wp-json\/wp\/v2\/categories?post=4486"},{"taxonomy":"post_tag","embeddable":true,"href":"https:\/\/www.carillons.ch\/blog\/wp-json\/wp\/v2\/tags?post=4486"}],"curies":[{"name":"wp","href":"https:\/\/api.w.org\/{rel}","templated":true}]}}