{"id":4760,"date":"2012-05-06T06:48:45","date_gmt":"2012-05-06T05:48:45","guid":{"rendered":"http:\/\/www.langages.ch\/blog\/?p=4760"},"modified":"2025-11-08T08:46:00","modified_gmt":"2025-11-08T07:46:00","slug":"eglise-de-pully-la-rosiaz","status":"publish","type":"post","link":"https:\/\/www.carillons.ch\/blog\/eglise-de-pully-la-rosiaz\/","title":{"rendered":"Eglise de Pully-La-Rosiaz"},"content":{"rendered":"\n<p>L&rsquo;\u00e9glise de Pully-La-Rosiaz a \u00e9t\u00e9 inaugur\u00e9e le 26 avril 1953.<br>Elle a \u00e9t\u00e9 construite avec une large tour, un beau clocher, un grand beffroi en pr\u00e9voyant l&rsquo;installation d&rsquo;un carillon.<br>L&#8217;emplacement de l&rsquo;\u00e9glise construite par l&rsquo;architecte lausannois Paul Lavenex est d&rsquo;une beaut\u00e9 exceptionnelle. Elle jouit d&rsquo;un tr\u00e8s belle situation, dominant l&rsquo;esplanade de Chantemerle, avec son jardin, un balcon ouvert panorama du la L\u00e9man et des Alpes de Savoie.<\/p>\n\n\n\n<p><strong>La paroisse:<\/strong> \u00e9vang\u00e9lique r\u00e9form\u00e9e de <a title=\"trois \u00e9glises\" href=\"http:\/\/pullypaudex.eerv.ch\" target=\"_blank\" rel=\"noopener noreferrer\">Pully-Paudex<\/a>.<\/p>\n\n\n\n<p><strong>Le carillon:<\/strong> carillon de <a title=\"carillon de Chantemerle\" href=\"http:\/\/www.langages.ch\/blog\/le-carillon-de-chantemerle-2\/\">48 cloches<\/a>, 4 octaves.<\/p>\n\n\n\n<p><strong>Les carillonneurs:<\/strong> Jean-Fran\u00e7ois Cavin, Daniel <a href=\"http:\/\/www.langages.ch\/blog\/daniel-thomas-carillonneur\/\">Thomas<\/a>.<\/p>\n\n\n\n<p><strong>Les orgues:<\/strong> orgues de <a href=\"http:\/\/www.langages.ch\/blog\/les-orgues-de-leglise-de-la-rosiaz\/\">23 jeux<\/a>.<\/p>\n\n\n\n<p><strong>Carte:<\/strong>&nbsp;<a title=\"carte pour trouver\" href=\"http:\/\/maps.google.com\/maps?q=Place+de+Chantemerle+1009,+Pully,+Suisse&amp;hl=fr&amp;ll=46.517096,6.660719&amp;spn=0.006999,0.013905&amp;sll=46.516631,6.661588&amp;sspn=0.006999,0.013905&amp;t=h&amp;z=17&amp;iwloc=A\" target=\"_blank\" rel=\"noopener noreferrer\">Eglise de la Rosiaz<\/a>, Esplanade de Chantemerle, 1009 Pully<\/p>\n\n\n\n<p><strong>Acc\u00e8s en bus:<\/strong><br>Bus tl 7: Rosiaz; tl 48: Les Liaudes. <a title=\"Les T-L\" href=\"http:\/\/t-l.ch\/\" target=\"_blank\" rel=\"noopener noreferrer\">Horaire<\/a> des bus. Acc\u00e8s aussi par trains cff: gare de Pully-Nord.<\/p>\n\n\n\n<p>Un des vitraux de l&rsquo;\u00e9glise de La Rosiaz, du peintre verrier Bodjol (Walther Grandjean, 1919-2006):<\/p>\n\n\n\n<figure class=\"wp-block-image\"><a href=\"http:\/\/www.langages.ch\/blog\/wp-content\/uploads\/vitrail-grand-600.jpg\"><img loading=\"lazy\" decoding=\"async\" width=\"600\" height=\"418\" src=\"http:\/\/www.langages.ch\/blog\/wp-content\/uploads\/vitrail-grand-600.jpg\" alt=\"\" class=\"wp-image-11984\" srcset=\"https:\/\/www.carillons.ch\/blog\/wp-content\/uploads\/vitrail-grand-600.jpg 600w, https:\/\/www.carillons.ch\/blog\/wp-content\/uploads\/vitrail-grand-600-150x105.jpg 150w, https:\/\/www.carillons.ch\/blog\/wp-content\/uploads\/vitrail-grand-600-300x209.jpg 300w\" sizes=\"auto, (max-width: 600px) 100vw, 600px\" \/><\/a><\/figure>\n\n\n\n<p><span style=\"text-decoration: underline;\">Texte du pasteur <strong>Marc Vernet<\/strong> concernant l&rsquo;\u00e9glise de La Rosiaz et sa construction:<\/span><br>Des circonstances bien inattendues ont conduit l&rsquo;auteur de cet ou\u00advrage (Les carillons valaisans) au-devant d&rsquo;une d\u00e9couverte dont il \u00e9tait loin de soup\u00e7onner l&rsquo;im\u00adportance et la valeur. Pasteur de l&rsquo;Eglise nationale vaudoise, il a exerc\u00e9 son minist\u00e8re pendant un quart de si\u00e8cle dans la paroisse de Pully. Au cours des dix derni\u00e8res ann\u00e9es de sa carri\u00e8re, il fut \u00e9troitement as\u00adsoci\u00e9 \u00e0 la construction d&rsquo;une \u00e9glise dans le quartier de La Rosiaz. Le comit\u00e9 responsable de cette entreprise le chargea de pr\u00e9parer des pro\u00adjets relatifs aux vitraux, aux orgues et aux cloches. C&rsquo;\u00e9taient l\u00e0 de vastes horizons ! Le pasteur demanda \u00e0 Dieu de pouvoir, non seule\u00adment effectuer les \u00e9tudes et les d\u00e9marches n\u00e9cessaires, mais poursuivre cette \u0153uvre jusqu&rsquo;\u00e0 son ach\u00e8vement dans la r\u00e9alit\u00e9 concr\u00e8te. Cette re\u00adqu\u00eate fut exauc\u00e9e. De tr\u00e8s nombreux et g\u00e9n\u00e9reux appuis permirent l&rsquo;ex\u00e9cution compl\u00e8te du programme fix\u00e9 ; les limites envisag\u00e9es au d\u00e9\u00adbut en furent m\u00eame largement d\u00e9pass\u00e9es.<br>L&#8217;emplacement de l&rsquo;\u00e9glise construite par l&rsquo;architecte lausannois Paul Lavenex est d&rsquo;une beaut\u00e9 exceptionnelle. Face au L\u00e9man, il invite \u00e0 la contemplation, au r\u00eave, \u00e0 la pri\u00e8re. Le plan de l&rsquo;\u00e9difice, sa structure, son aspect t\u00e9moignent d&rsquo;une recherche intelligente, dont les r\u00e9sultats sortent de l&rsquo;ordinaire et du banal. Que de s\u00e9duisantes perspectives offertes \u00e0 celui auquel on avait confi\u00e9 l&rsquo;\u00ab\u00e9quipement sonore\u00bb du clocher ! C&rsquo;\u00e9tait l&rsquo;occasion de quitter les chemins battus et se mettre en qu\u00eate de solu\u00adtions nouvelles \u00e0 un probl\u00e8me qui, dans notre pays, n&rsquo;est g\u00e9n\u00e9rale\u00adment examin\u00e9 que sous l&rsquo;angle des exigences budg\u00e9taires.<br>Il a fallu cependant beaucoup de r\u00e9flexions, de calculs, de contacts personnels et \u00e9pistolaires pour nous convaincre que l&rsquo;installation d&rsquo;un carillon serait une initiative riche en possibilit\u00e9s et en promesses, autant au point de vue spirituel que sur le plan musical. Cette perspective fut accueillie avec enthousiasme par la grande majorit\u00e9 des paroissiens. Les adversaires et les h\u00e9sitants renonc\u00e8rent \u00e0 leurs objections lorsqu&rsquo;ils entendirent leurs cloches pour la premi\u00e8re fois, le 1er novembre 1953 (L&rsquo;\u00e9glise de Pully-Rosiaz avait \u00e9t\u00e9 inaugur\u00e9e quelques mois plus t\u00f4t, le 26 avril 1953).<\/p>\n\n\n\n<p>Ferroneries de la porte et teintes des verres:<\/p>\n\n\n\n<blockquote class=\"wp-block-quote twitter-tweet is-layout-flow wp-block-quote-is-layout-flow\">\n<p>teintes myst\u00e9rieuses, ambiances obscures dans l&rsquo;\u00e9glise de la Rosiaz, l&rsquo;\u00e9glise du carillon, belle porte! <\/p>\n\n\n\n<p><\/p>\n<\/blockquote>\n","protected":false},"excerpt":{"rendered":"<p>L&rsquo;\u00e9glise de Pully-La-Rosiaz a \u00e9t\u00e9 inaugur\u00e9e le 26 avril 1953.<br \/>\nElle a \u00e9t\u00e9 construite avec une large tour, un beau clocher, un grand beffroi en pr\u00e9voyant l&rsquo;installation d&rsquo;un carillon.<\/p>\n","protected":false},"author":1,"featured_media":15435,"comment_status":"open","ping_status":"closed","sticky":false,"template":"","format":"standard","meta":{"sfsi_plus_gutenberg_text_before_share":"","sfsi_plus_gutenberg_show_text_before_share":"","sfsi_plus_gutenberg_icon_type":"","sfsi_plus_gutenberg_icon_alignemt":"","sfsi_plus_gutenburg_max_per_row":"","_EventAllDay":false,"_EventTimezone":"","_EventStartDate":"","_EventEndDate":"","_EventStartDateUTC":"","_EventEndDateUTC":"","_EventShowMap":false,"_EventShowMapLink":false,"_EventURL":"","_EventCost":"","_EventCostDescription":"","_EventCurrencySymbol":"","_EventCurrencyCode":"","_EventCurrencyPosition":"","_EventDateTimeSeparator":"","_EventTimeRangeSeparator":"","_EventOrganizerID":[],"_EventVenueID":[],"_OrganizerEmail":"","_OrganizerPhone":"","_OrganizerWebsite":"","_VenueAddress":"","_VenueCity":"","_VenueCountry":"","_VenueProvince":"","_VenueState":"","_VenueZip":"","_VenuePhone":"","_VenueURL":"","_VenueStateProvince":"","_VenueLat":"","_VenueLng":"","_VenueShowMap":false,"_VenueShowMapLink":false,"footnotes":""},"categories":[10],"tags":[284,199,104,198],"class_list":["post-4760","post","type-post","status-publish","format-standard","has-post-thumbnail","hentry","category-aacc-carillon-de-chantemerle","tag-architecture","tag-beffroi","tag-eglise","tag-tour"],"_links":{"self":[{"href":"https:\/\/www.carillons.ch\/blog\/wp-json\/wp\/v2\/posts\/4760","targetHints":{"allow":["GET"]}}],"collection":[{"href":"https:\/\/www.carillons.ch\/blog\/wp-json\/wp\/v2\/posts"}],"about":[{"href":"https:\/\/www.carillons.ch\/blog\/wp-json\/wp\/v2\/types\/post"}],"author":[{"embeddable":true,"href":"https:\/\/www.carillons.ch\/blog\/wp-json\/wp\/v2\/users\/1"}],"replies":[{"embeddable":true,"href":"https:\/\/www.carillons.ch\/blog\/wp-json\/wp\/v2\/comments?post=4760"}],"version-history":[{"count":24,"href":"https:\/\/www.carillons.ch\/blog\/wp-json\/wp\/v2\/posts\/4760\/revisions"}],"predecessor-version":[{"id":18209,"href":"https:\/\/www.carillons.ch\/blog\/wp-json\/wp\/v2\/posts\/4760\/revisions\/18209"}],"wp:featuredmedia":[{"embeddable":true,"href":"https:\/\/www.carillons.ch\/blog\/wp-json\/wp\/v2\/media\/15435"}],"wp:attachment":[{"href":"https:\/\/www.carillons.ch\/blog\/wp-json\/wp\/v2\/media?parent=4760"}],"wp:term":[{"taxonomy":"category","embeddable":true,"href":"https:\/\/www.carillons.ch\/blog\/wp-json\/wp\/v2\/categories?post=4760"},{"taxonomy":"post_tag","embeddable":true,"href":"https:\/\/www.carillons.ch\/blog\/wp-json\/wp\/v2\/tags?post=4760"}],"curies":[{"name":"wp","href":"https:\/\/api.w.org\/{rel}","templated":true}]}}