{"id":59,"date":"2008-05-29T05:57:52","date_gmt":"2008-05-29T03:57:52","guid":{"rendered":"http:\/\/www.langages.ch\/blog\/?p=59"},"modified":"2019-03-26T08:03:04","modified_gmt":"2019-03-26T07:03:04","slug":"arrivee-des-nouvelles-orgues-a-labbaye-de-montheron","status":"publish","type":"post","link":"https:\/\/www.carillons.ch\/blog\/arrivee-des-nouvelles-orgues-a-labbaye-de-montheron\/","title":{"rendered":"Arriv\u00e9e des nouvelles orgues \u00e0 l&rsquo;Abbaye de Montheron"},"content":{"rendered":"\n<figure class=\"wp-block-embed-dailymotion wp-block-embed is-type-video is-provider-dailymotion wp-embed-aspect-4-3 wp-has-aspect-ratio\"><div class=\"wp-block-embed__wrapper\">\n<iframe loading=\"lazy\" title=\"Arriv\u00e9e des nouvelles orgues, Abbaye de Montheron\" frameborder=\"0\" width=\"665\" height=\"498\" src=\"https:\/\/geo.dailymotion.com\/player.html?video=x5la9d&#038;\" allowfullscreen allow=\"autoplay; fullscreen; picture-in-picture; web-share\"><\/iframe>\n<\/div><figcaption>Arriv\u00e9e des nouvelles orgues, Abbaye de Montheron<\/figcaption><\/figure>\n\n\n\n<p>Le 16 ao\u00fbt 2006, un \u00e9v\u00e9nement, l&rsquo;arriv\u00e9e des orgues et leur installation! Le facteur d&rsquo;orgues Denis Londe de Frasnes-les-Meuli\u00e8res dans le Jura fran\u00e7ais.<\/p>\n","protected":false},"excerpt":{"rendered":"<p>Le 16 ao\u00fbt 2006, un \u00e9v\u00e9nement, l&rsquo;arriv\u00e9e des orgues et leur installation! Le facteur d&rsquo;orgues Denis Londe de Frasnes-les-Meuli\u00e8res dans le Jura fran\u00e7ais.<\/p>\n","protected":false},"author":5,"featured_media":2360,"comment_status":"open","ping_status":"closed","sticky":false,"template":"","format":"standard","meta":{"sfsi_plus_gutenberg_text_before_share":"","sfsi_plus_gutenberg_show_text_before_share":"","sfsi_plus_gutenberg_icon_type":"","sfsi_plus_gutenberg_icon_alignemt":"","sfsi_plus_gutenburg_max_per_row":"","_EventAllDay":false,"_EventTimezone":"","_EventStartDate":"","_EventEndDate":"","_EventStartDateUTC":"","_EventEndDateUTC":"","_EventShowMap":false,"_EventShowMapLink":false,"_EventURL":"","_EventCost":"","_EventCostDescription":"","_EventCurrencySymbol":"","_EventCurrencyCode":"","_EventCurrencyPosition":"","_EventDateTimeSeparator":"","_EventTimeRangeSeparator":"","_EventOrganizerID":[],"_EventVenueID":[],"_OrganizerEmail":"","_OrganizerPhone":"","_OrganizerWebsite":"","_VenueAddress":"","_VenueCity":"","_VenueCountry":"","_VenueProvince":"","_VenueState":"","_VenueZip":"","_VenuePhone":"","_VenueURL":"","_VenueStateProvince":"","_VenueLat":"","_VenueLng":"","_VenueShowMap":false,"_VenueShowMapLink":false,"footnotes":""},"categories":[25],"tags":[494,493],"class_list":["post-59","post","type-post","status-publish","format-standard","has-post-thumbnail","hentry","category-orgue","tag-orgue","tag-video"],"_links":{"self":[{"href":"https:\/\/www.carillons.ch\/blog\/wp-json\/wp\/v2\/posts\/59","targetHints":{"allow":["GET"]}}],"collection":[{"href":"https:\/\/www.carillons.ch\/blog\/wp-json\/wp\/v2\/posts"}],"about":[{"href":"https:\/\/www.carillons.ch\/blog\/wp-json\/wp\/v2\/types\/post"}],"author":[{"embeddable":true,"href":"https:\/\/www.carillons.ch\/blog\/wp-json\/wp\/v2\/users\/5"}],"replies":[{"embeddable":true,"href":"https:\/\/www.carillons.ch\/blog\/wp-json\/wp\/v2\/comments?post=59"}],"version-history":[{"count":13,"href":"https:\/\/www.carillons.ch\/blog\/wp-json\/wp\/v2\/posts\/59\/revisions"}],"predecessor-version":[{"id":11931,"href":"https:\/\/www.carillons.ch\/blog\/wp-json\/wp\/v2\/posts\/59\/revisions\/11931"}],"wp:featuredmedia":[{"embeddable":true,"href":"https:\/\/www.carillons.ch\/blog\/wp-json\/wp\/v2\/media\/2360"}],"wp:attachment":[{"href":"https:\/\/www.carillons.ch\/blog\/wp-json\/wp\/v2\/media?parent=59"}],"wp:term":[{"taxonomy":"category","embeddable":true,"href":"https:\/\/www.carillons.ch\/blog\/wp-json\/wp\/v2\/categories?post=59"},{"taxonomy":"post_tag","embeddable":true,"href":"https:\/\/www.carillons.ch\/blog\/wp-json\/wp\/v2\/tags?post=59"}],"curies":[{"name":"wp","href":"https:\/\/api.w.org\/{rel}","templated":true}]}}