{"id":6137,"date":"2013-02-09T07:05:39","date_gmt":"2013-02-09T06:05:39","guid":{"rendered":"http:\/\/www.langages.ch\/blog\/?p=6137"},"modified":"2020-09-17T05:16:55","modified_gmt":"2020-09-17T03:16:55","slug":"fuhrungen-durch-die-zisterzienser-statte","status":"publish","type":"post","link":"https:\/\/www.carillons.ch\/blog\/fuhrungen-durch-die-zisterzienser-statte\/","title":{"rendered":"F\u00fchrungen durch die Zisterzienser St\u00e4tte"},"content":{"rendered":"<h1>Die Abtei von Montheron<\/h1>\n<div>\n<div>\n<p>Entdecken Sie die Geschichte des ehemaligen Zisterzienserklosters Montheron und besuchen Sie die arch\u00e4ologische St\u00e4tte.<\/p>\n<\/div>\n<\/div>\n<div>\n<div>\n<p>F\u00fchrungen durch die Zisterzienser St\u00e4tte, den Kapitelsaal der Abtei von Montheron und die heutige Kirche. F\u00fchrungen gefolgt von einem Konzert auf der neuen Orgel (2007) und auf der alten Orgel der Kirche (1860 Sumiswald).<\/p>\n<\/div>\n<\/div>\n<div>\n<div>\n<div>\n<div>\n<div>\n<div><img decoding=\"async\" title=\"Abbaye de Montheron, salle capitulaire, fouilles de 1928\u00a0\u00a9\u00a0ACV (Archives Cantonales Vaudoises)\" src=\"http:\/\/www.langages.ch\/blog\/wp-content\/uploads\/montheron-site-archeologique-cistercien.jpg\" alt=\"Abbaye de Montheron, salle capitulaire, fouilles de 1928\u00a0\u00a9\u00a0ACV (Archives Cantonales Vaudoises)\" \/><\/p>\n<div><\/div>\n<\/div>\n<\/div>\n<\/div>\n<div><\/div>\n<div>\n<div>\n<h4>Arch\u00e4ologische St\u00e4tte<\/h4>\n<div>\n<p>Entdecken Sie die Welt der Zisterzienser.<br \/>\nEntdecken Sie in Montheron die Geschichte der alten Abtei der Zisterzienser M\u00f6nche welche im Jahr 1045 gegr\u00fcndet und aktiv bis zur Reform im sechzehnten Jahrhundert war. Anlehnung an die Kloster- und Zisterzienser Architektur. Erkl\u00e4rung der Gr\u00fcnde des R\u00fcckzuges vom \u00f6ffentlichen ins monastische Leben.<\/p>\n<\/div>\n<\/div>\n<\/div>\n<div><\/div>\n<\/div>\n<div><\/div>\n<\/div>\n<\/div>\n<div>\n<div>\n<div>\n<div>\n<div>\n<div>\n<p><img decoding=\"async\" title=\"\u00a0\u00a9\u00a0Daniel Thomas\" src=\"http:\/\/www.langages.ch\/blog\/wp-content\/uploads\/fa\u00e7ade-eglise-montheron-6001.jpg\" alt=\"\u00a0\u00a9\u00a0Daniel Thomas\" \/><\/p>\n<div><\/div>\n<\/div>\n<\/div>\n<\/div>\n<div><\/div>\n<div>\n<div>\n<h4>Heutige Kirche<\/h4>\n<div>\n<p>Im Jahr 1782, erweitert der Architekt William Fraisse die Kirche im Norden. Er erbaute die sch\u00f6ne barocke Fassade, welche wir heute im Norden des Geb\u00e4udes bewundern k\u00f6nnen. Gro\u00dfe Fenster lassen den Innenraum heller erscheinen.<br \/>\nDie Kirche im Zentrum der Landschaft, im Tal, nahe des Baches, im Wald.<\/p>\n<p>&nbsp;<\/p>\n<p>&nbsp;<\/p>\n<\/div>\n<\/div>\n<\/div>\n<div><\/div>\n<\/div>\n<div><\/div>\n<\/div>\n<\/div>\n<div>\n<div>\n<div>\n<div>\n<div>\n<div><img decoding=\"async\" title=\"\u00a0\u00a9\u00a0Daniel Thomas\" src=\"http:\/\/www.langages.ch\/blog\/wp-content\/uploads\/photo-orgue-fev-07-2.jpg\" alt=\"\u00a0\u00a9\u00a0Daniel Thomas\" \/><\/p>\n<div><\/div>\n<\/div>\n<\/div>\n<\/div>\n<div><\/div>\n<div>\n<div>\n<h4>Orgeln der Kirche<\/h4>\n<div>\n<p>Orgel mit 17 Registern, mit zwei Tastaturen und mechanischem Pedal. Au\u00dferdem gibt es drei Register von Effekten: eine Nachtigall, ein Kuckuck und ein Zimbelstern. Auf der zweiten Tastatur gibt es auch ein kleines mechanisches Glockenspiel von 3 Oktaven und 40 Gl\u00f6ckchen.<\/p>\n<p>&nbsp;<\/p>\n<p>&nbsp;<\/p>\n<p>&nbsp;<\/p>\n<\/div>\n<\/div>\n<\/div>\n<div><\/div>\n<\/div>\n<div><\/div>\n<\/div>\n<\/div>\n<div>\n<div>\n<div>\n<div>\n<div>\n<div>\n<p><img decoding=\"async\" title=\"\u00a0\u00a9\u00a0Daniel Thomas\" src=\"http:\/\/www.langages.ch\/blog\/wp-content\/uploads\/orgue-sumiswald2.jpg\" alt=\"\u00a0\u00a9\u00a0Daniel Thomas\" \/><\/p>\n<div><\/div>\n<\/div>\n<\/div>\n<\/div>\n<div><\/div>\n<div>\n<div>\n<h4>Chororgel<\/h4>\n<div>\n<p>Herkunft: wahrscheinlich Emmental &#8211; vielleicht Sumiswald. Datum: 1860?<br \/>\nOrgelbauer ist unbekannt.<br \/>\nZusammensetzung: Gedakt 8&prime;, Principal 8&prime;, Fl\u00f6te 4 &lsquo;, Superoctave 2&rsquo;.<\/p>\n<p>&nbsp;<\/p>\n<p>&nbsp;<\/p>\n<\/div>\n<\/div>\n<\/div>\n<div><\/div>\n<\/div>\n<div><\/div>\n<\/div>\n<\/div>\n<div>\n<div>\n<div>\n<div>\n<div>\n<div><img decoding=\"async\" title=\"\u00a0\u00a9\u00a0Daniel Thomas\" src=\"http:\/\/www.langages.ch\/blog\/wp-content\/uploads\/texmelucan1.jpg\" alt=\"\u00a0\u00a9\u00a0Daniel Thomas\" \/><\/p>\n<div><\/div>\n<\/div>\n<\/div>\n<\/div>\n<div><\/div>\n<div>\n<div>\n<h4>Der Organist<\/h4>\n<div>\n<p>Daniel Thomas, Titularorganist der Abtei von Montheron, Lausanne. Im Jahre 1992 erh\u00e4lt er den virtuosen Preis f\u00fcr Orgel des Konservatoriums in Lausanne . Er spielt Orgelkonzerte in der Schweiz und anderen Regionen der Welt.<br \/>\nEr improvisiert und komponiert f\u00fcr die Orgel.<br \/>\nEr begleitet die F\u00fchrungen durch die Zisterzienser St\u00e4tte und gibt kleine Konzerte.<\/p>\n<\/div>\n<\/div>\n<\/div>\n<div><\/div>\n<\/div>\n<div><\/div>\n<\/div>\n<\/div>\n<div>\n<div>\n<div>\n<div>\n<div>\n<div>\n<p>Tarife in Schweizer Franken<\/p>\n<\/div>\n<div><\/div>\n<div>\n<p><strong>F\u00fchrung auf Anfrage<\/strong><br \/>\nTarif: 10.-\/pro Person, min 10 zahlende Personen, bis zu -16 Jahren Gratis.<br \/>\n*\u00a0<strong>Aufpreis f\u00fcr Orgelkonzert<\/strong><br \/>\nPreis: 200. &#8211; 15 min \/ 400. &#8211; f\u00fcr 30 min \/ 700. &#8211; Fr f\u00fcr 60 min.<\/p>\n<\/div>\n<div><\/div>\n<\/div>\n<div>\n<div>\n<p>Contact<\/p>\n<\/div>\n<div><\/div>\n<div>\n<p><a href=\"http:\/\/www.langages.ch\/blog\/contact\/\">www.langages.ch\/blog\/plan\/contact<\/a><\/p>\n<\/div>\n<div><\/div>\n<\/div>\n<div>\n<div>\n<p>* Themen<\/p>\n<\/div>\n<div><\/div>\n<div>\n<p>Sie k\u00f6nnen sich \u00fcberraschen lassen oder ein Thema aussuchen :<\/p>\n<ul>\n<li><strong>Zisterziense Musik<\/strong>, mit Variationen \u00fcber gregorianische Themen, musikalische Gebete und Hymnen<\/li>\n<li><strong>Mittelalterliche Musik<\/strong>, \u00e4lteste geschriebene Musik f\u00fcr Orgel, mit einem Programm vom 14. Bis 16. Jahrhundert<\/li>\n<li><strong>Schweizerische Musik<\/strong>, vor allem Musik aus dem alten Bern um 1820 auf unserer Emmentaler Orgel, Musik um 1730 aus dem Kloster St. Katharinental in Schaffhausen, und Musik vom Fest der Winzer in Vevey von Gustave Doret<\/li>\n<li><strong>Vogelges\u00e4nge<\/strong>, Musik zum Thema V\u00f6gel von verschiedenen Komponisten wie Prokofjew, Saint-Sa\u00ebns, Couperin, Grieg, &#8230;<\/li>\n<li><strong>Musikalische Blumen<\/strong>, Musik zum Thema Blumen und Pflanzen, von verschiedenen Komponisten wie Couperin, Schumann, &#8230;<\/li>\n<li><strong>Weihnachtslieder aus Frankreich und der Schweiz<\/strong>, Pastoralen und Tambourins<\/li>\n<li><strong>Andere Themen<\/strong>\u00a0sind m\u00f6glich, je nach Ihrem Interesse<\/li>\n<\/ul>\n<p>Gem\u00e4ss den ausgew\u00e4hlten Themen, verwenden wir auch das Harmonium, Clavichord und den Fl\u00fcgel in der Kirche.<\/p>\n<\/div>\n<\/div>\n<\/div>\n<\/div>\n<\/div>\n<\/div>\n<div class=\"fb-comments\" data-href=\"http:\/\/www.langages.ch\/blog\/2013\/02\/09\/fuhrungen-durch-die-zisterzienser-statte\/\" data-width=\"600\" data-num-posts=\"10\"><\/div>\n","protected":false},"excerpt":{"rendered":"<p>Die Abtei von Montheron Entdecken Sie die Geschichte des ehemaligen Zisterzienserklosters Montheron und besuchen Sie die arch\u00e4ologische St\u00e4tte. F\u00fchrungen durch die Zisterzienser St\u00e4tte, den Kapitelsaal der Abtei von Montheron und die heutige Kirche. F\u00fchrungen gefolgt von einem Konzert auf der neuen Orgel (2007) und auf der alten Orgel der Kirche (1860 Sumiswald). Arch\u00e4ologische St\u00e4tte Entdecken Sie die Welt\u2026 <span class=\"read-more\"><a href=\"https:\/\/www.carillons.ch\/blog\/fuhrungen-durch-die-zisterzienser-statte\/\">Lire la suite &raquo;<\/a><\/span><\/p>\n","protected":false},"author":1,"featured_media":4403,"comment_status":"open","ping_status":"closed","sticky":false,"template":"","format":"standard","meta":{"sfsi_plus_gutenberg_text_before_share":"","sfsi_plus_gutenberg_show_text_before_share":"","sfsi_plus_gutenberg_icon_type":"","sfsi_plus_gutenberg_icon_alignemt":"","sfsi_plus_gutenburg_max_per_row":"","_EventAllDay":false,"_EventTimezone":"","_EventStartDate":"","_EventEndDate":"","_EventStartDateUTC":"","_EventEndDateUTC":"","_EventShowMap":false,"_EventShowMapLink":false,"_EventURL":"","_EventCost":"","_EventCostDescription":"","_EventCurrencySymbol":"","_EventCurrencyCode":"","_EventCurrencyPosition":"","_EventDateTimeSeparator":"","_EventTimeRangeSeparator":"","_EventOrganizerID":[],"_EventVenueID":[],"_OrganizerEmail":"","_OrganizerPhone":"","_OrganizerWebsite":"","_VenueAddress":"","_VenueCity":"","_VenueCountry":"","_VenueProvince":"","_VenueState":"","_VenueZip":"","_VenuePhone":"","_VenueURL":"","_VenueStateProvince":"","_VenueLat":"","_VenueLng":"","_VenueShowMap":false,"_VenueShowMapLink":false,"footnotes":""},"categories":[8,253],"tags":[356,189],"class_list":["post-6137","post","type-post","status-publish","format-standard","has-post-thumbnail","hentry","category-aaam-abbaye-de-montheron","category-visite-guidee-style","tag-allemand","tag-visite-guidee"],"_links":{"self":[{"href":"https:\/\/www.carillons.ch\/blog\/wp-json\/wp\/v2\/posts\/6137","targetHints":{"allow":["GET"]}}],"collection":[{"href":"https:\/\/www.carillons.ch\/blog\/wp-json\/wp\/v2\/posts"}],"about":[{"href":"https:\/\/www.carillons.ch\/blog\/wp-json\/wp\/v2\/types\/post"}],"author":[{"embeddable":true,"href":"https:\/\/www.carillons.ch\/blog\/wp-json\/wp\/v2\/users\/1"}],"replies":[{"embeddable":true,"href":"https:\/\/www.carillons.ch\/blog\/wp-json\/wp\/v2\/comments?post=6137"}],"version-history":[{"count":19,"href":"https:\/\/www.carillons.ch\/blog\/wp-json\/wp\/v2\/posts\/6137\/revisions"}],"predecessor-version":[{"id":15007,"href":"https:\/\/www.carillons.ch\/blog\/wp-json\/wp\/v2\/posts\/6137\/revisions\/15007"}],"wp:featuredmedia":[{"embeddable":true,"href":"https:\/\/www.carillons.ch\/blog\/wp-json\/wp\/v2\/media\/4403"}],"wp:attachment":[{"href":"https:\/\/www.carillons.ch\/blog\/wp-json\/wp\/v2\/media?parent=6137"}],"wp:term":[{"taxonomy":"category","embeddable":true,"href":"https:\/\/www.carillons.ch\/blog\/wp-json\/wp\/v2\/categories?post=6137"},{"taxonomy":"post_tag","embeddable":true,"href":"https:\/\/www.carillons.ch\/blog\/wp-json\/wp\/v2\/tags?post=6137"}],"curies":[{"name":"wp","href":"https:\/\/api.w.org\/{rel}","templated":true}]}}