{"id":7462,"date":"2014-08-15T21:28:13","date_gmt":"2014-08-15T20:28:13","guid":{"rendered":"http:\/\/www.langages.ch\/blog\/?p=7462"},"modified":"2020-09-17T05:17:37","modified_gmt":"2020-09-17T03:17:37","slug":"visite-guidee-du-carillon-de-chantemerle","status":"publish","type":"post","link":"https:\/\/www.carillons.ch\/blog\/visite-guidee-du-carillon-de-chantemerle\/","title":{"rendered":"Visite guid\u00e9e du carillon de Chantemerle"},"content":{"rendered":"<p style=\"text-align: left;\">Visite du carillon de Chantemerle suivie d\u2019un petit concert de 15 minutes.<\/p>\n<p style=\"text-align: left;\">Visite sur demande pour un groupe: Tarif : 15.- par personne, minimum 10 personnes payantes, tarif unique \u2013 gratuit jusqu\u2019\u00e0 16 ans.<\/p>\n<p style=\"text-align: left;\">La visite inclut aussi une visite de l&rsquo;<a href=\"http:\/\/www.langages.ch\/blog\/eglise-de-pully-la-rosiaz\/\">\u00e9glise<\/a>, avec son architecture et ses vitraux.<br \/>\nIl y aurait un suppl\u00e9ment de 100.- Frs pour un petit concert de 15 minutes sur les orgues de l&rsquo;\u00e9glise dans le courant de la visite en plus du concert de carillon.<\/p>\n<p style=\"text-align: left;\">R\u00e9server une date pour votre visite aupr\u00e8s de :<br \/>\nDaniel Thomas, ch. de Beaumont 8 1053 Cugy t\u00e9l: 021\/731 25 39<br \/>\nR\u00e9servez une visite sur la <a href=\"http:\/\/www.langages.ch\/blog\/contact\/\">page de contact<\/a>.<\/p>\n<table border=\"0\" width=\"730\" cellspacing=\"2\" cellpadding=\"0\">\n<tbody>\n<tr>\n<td colspan=\"2\">\u00a0<img decoding=\"async\" class=\"alignright\" title=\"Daniel Thomas, carillonneur\" src=\"http:\/\/www.langages.ch\/blog\/wp-content\/uploads\/daniel-carillonneur-zofingue33-mini.jpg\" alt=\"Daniel Thomas, carillonneur\" width=\"110\" \/><\/td>\n<\/tr>\n<tr>\n<td><\/td>\n<td valign=\"top\" width=\"600\"><strong>Le carillonneur<\/strong><\/p>\n<p>Daniel Thomas, carillonneur au carillon de Chantemerle, Pully.<\/p>\n<p>Il a suivi des cours de carillon \u00e0 l\u2019\u00e9cole de carillonneurs \u00e0 Amersfoort en 1996-1998 (Hollande) et \u00e0 Mechelen en 1999-2000 (Belgique).<\/p>\n<p>Il joue des concerts de carillon en Suisse et dans d\u2019autres r\u00e9gions.<\/p>\n<p>Il improvise au carillon et compose pour le carillon.\u00a0Page du <a title=\"Daniel Thomas carillonneur\" href=\"http:\/\/www.langages.ch\/blog\/daniel-thomas-carillonneur\/\" target=\"_blank\" rel=\"noopener noreferrer\">carillonneur<\/a>, <a title=\"Page facebook de Daniel Thomas, suivez-le\" href=\"https:\/\/www.facebook.com\/pages\/Daniel-Thomas-artiste-musicien\/141234042644269\" target=\"_blank\" rel=\"noopener noreferrer\">facebook<\/a>, <a title=\"page twitter de Daniel Thomas, suivez-le\" href=\"http:\/\/twitter.com\/polymusicien\" target=\"_blank\" rel=\"noopener noreferrer\">twitter<\/a>, <a title=\"Profil professionnel complet de Daniel Thomas sur LinkedIn, curriculum, fonctions, activit\u00e9s\" href=\"https:\/\/www.linkedin.com\/in\/dthomascarillonneur\/\" target=\"_blank\" rel=\"noopener noreferrer\">linkedin<\/a>.<\/td>\n<\/tr>\n<tr>\n<td><\/td>\n<td width=\"600\"><\/td>\n<\/tr>\n<tr>\n<td colspan=\"2\">\u00a0<img loading=\"lazy\" decoding=\"async\" class=\"alignright\" title=\"cloches du carillon de Chantemerle\" src=\"http:\/\/www.langages.ch\/blog\/wp-content\/uploads\/cloches-carillon-mini.jpg\" alt=\"cloches du carillon de Chantemerle\" width=\"110\" height=\"155\" \/><\/td>\n<\/tr>\n<tr>\n<td><\/td>\n<td valign=\"top\" width=\"600\"><strong>Le carillon de Chantemerle<\/strong><\/p>\n<p>Carillon de<strong>\u00a048 cloches<\/strong>\u00a0(la3, si3 \u2013 la7)\u00a0avec clavier et p\u00e9dalier m\u00e9caniques.<\/p>\n<p>Inaugur\u00e9 le 1er novembre 1953, ce carillon porte le nom du quartier au centre duquel s&rsquo;\u00e9l\u00e8ve le clocher de l&rsquo;\u00e9glise de Pully Rosiaz, dominant la magnifique \u00abesplanade de Chantemerle\u00bb inaugur\u00e9e en juin 1957. C&rsquo;est un des rares carillon de type flamand (Hollande, Belgique. Nord de la France) existant en Suisse. Ses 48 cloches donnent 4 octaves dans le ton de LA majeur. Carillon de 48 cloches (la3, si3 \u2013 la7) (notes r\u00e9elles), 19 cloches de 1953, Fondeur : B. Eijsbouts \u00e0 Asten (Hollande), 5 cloches de 2011, Fonderie Perner, Passau (Allemagne), 24 cloches de 2014, Simon Laudy, Fonderie Reiderland, Beerta, Pays-Bas. Dessin des cloches 2011 et 2014 et accordage de tout le carillon:<br \/>\nHet Molenpad expertise, Gideon Bodden, Al Gouda, Pays-Bas.Page du <a title=\"le carillon de Chantemerle\" href=\"http:\/\/www.langages.ch\/blog\/index-carillon-de-chantemerle-ses-48-cloches\/\">carillon<\/a>.<\/td>\n<\/tr>\n<tr>\n<td><\/td>\n<td width=\"600\"><\/td>\n<\/tr>\n<tr>\n<td colspan=\"2\">\u00a0<img decoding=\"async\" class=\"alignright\" title=\"Beffroi clair, \u00e9glise de la Rosiaz\" src=\"http:\/\/www.langages.ch\/blog\/wp-content\/uploads\/beffroi-clair-mini.jpg\" alt=\"Beffroi clair, \u00e9glise de la Rosiaz\" width=\"110\" \/><\/td>\n<\/tr>\n<tr>\n<td valign=\"top\"><\/td>\n<td valign=\"top\" width=\"600\"><strong>L&rsquo;\u00e9glise de La Rosiaz<\/strong><\/p>\n<p>L\u2019\u00e9glise de <a title=\"\u00e9glise de Pully-La-Rosiaz\" href=\"http:\/\/www.langages.ch\/blog\/eglise-de-pully-la-rosiaz\/\" target=\"_blank\" rel=\"noopener noreferrer\">Pully-La-Rosiaz<\/a> a \u00e9t\u00e9 inaugur\u00e9e le 26 avril 1953.<\/p>\n<p>Elle jouit d\u2019un tr\u00e8s belle situation, son beau clocher dominant l\u2019esplanade de Chantemerle, avec son jardin, un balcon ouvert, panorama du lac L\u00e9man et des Alpes de Savoie.<\/p>\n<p><strong>Carte:\u00a0<\/strong><a title=\"carte pour trouver\" href=\"http:\/\/maps.google.com\/maps?q=Place+de+Chantemerle+1009,+Pully,+Suisse&amp;hl=fr&amp;ll=46.517096,6.660719&amp;spn=0.006999,0.013905&amp;sll=46.516631,6.661588&amp;sspn=0.006999,0.013905&amp;t=h&amp;z=17&amp;iwloc=A\" target=\"_blank\" rel=\"noopener noreferrer\">Eglise de la Rosiaz<\/a>, Esplanade de Chantemerle, 1009 Pully.<\/p>\n<p><strong>Acc\u00e8s en bus:<\/strong><\/p>\n<p>Bus tl 7: Rosiaz; tl 48: Les Liaudes. <a title=\"Les T-L\" href=\"http:\/\/t-l.ch\/\" target=\"_blank\" rel=\"noopener noreferrer\">Horaire<\/a>\u00a0des bus. Acc\u00e8s aussi par trains cff: gare de Pully-Nord.<\/td>\n<\/tr>\n<tr>\n<td><\/td>\n<td width=\"470\"><\/td>\n<\/tr>\n<tr>\n<td><\/td>\n<td width=\"600\"><\/td>\n<\/tr>\n<\/tbody>\n<\/table>\n","protected":false},"excerpt":{"rendered":"<p>Visite du carillon de Chantemerle suivie d\u2019un petit concert de 15 minutes. Visite sur demande pour un groupe: Tarif : 15.- par personne, minimum 10 personnes payantes, tarif unique \u2013 gratuit jusqu\u2019\u00e0 16 ans. La visite inclut aussi une visite de l&rsquo;\u00e9glise, avec son architecture et ses vitraux. Il y aurait un suppl\u00e9ment de 100.- Frs pour un\u2026 <span class=\"read-more\"><a href=\"https:\/\/www.carillons.ch\/blog\/visite-guidee-du-carillon-de-chantemerle\/\">Lire la suite &raquo;<\/a><\/span><\/p>\n","protected":false},"author":1,"featured_media":13363,"comment_status":"closed","ping_status":"closed","sticky":false,"template":"","format":"standard","meta":{"sfsi_plus_gutenberg_text_before_share":"","sfsi_plus_gutenberg_show_text_before_share":"","sfsi_plus_gutenberg_icon_type":"","sfsi_plus_gutenberg_icon_alignemt":"","sfsi_plus_gutenburg_max_per_row":"","_EventAllDay":false,"_EventTimezone":"","_EventStartDate":"","_EventEndDate":"","_EventStartDateUTC":"","_EventEndDateUTC":"","_EventShowMap":false,"_EventShowMapLink":false,"_EventURL":"","_EventCost":"","_EventCostDescription":"","_EventCurrencySymbol":"","_EventCurrencyCode":"","_EventCurrencyPosition":"","_EventDateTimeSeparator":"","_EventTimeRangeSeparator":"","_EventOrganizerID":[],"_EventVenueID":[],"_OrganizerEmail":"","_OrganizerPhone":"","_OrganizerWebsite":"","_VenueAddress":"","_VenueCity":"","_VenueCountry":"","_VenueProvince":"","_VenueState":"","_VenueZip":"","_VenuePhone":"","_VenueURL":"","_VenueStateProvince":"","_VenueLat":"","_VenueLng":"","_VenueShowMap":false,"_VenueShowMapLink":false,"footnotes":""},"categories":[9,10,695,253],"tags":[490,104,603,189,395],"class_list":["post-7462","post","type-post","status-publish","format-standard","has-post-thumbnail","hentry","category-carillon","category-aacc-carillon-de-chantemerle","category-passeport-vacances-lausanne","category-visite-guidee-style","tag-carillon","tag-eglise","tag-visite-de-carillons","tag-visite-guidee","tag-vitraux"],"_links":{"self":[{"href":"https:\/\/www.carillons.ch\/blog\/wp-json\/wp\/v2\/posts\/7462","targetHints":{"allow":["GET"]}}],"collection":[{"href":"https:\/\/www.carillons.ch\/blog\/wp-json\/wp\/v2\/posts"}],"about":[{"href":"https:\/\/www.carillons.ch\/blog\/wp-json\/wp\/v2\/types\/post"}],"author":[{"embeddable":true,"href":"https:\/\/www.carillons.ch\/blog\/wp-json\/wp\/v2\/users\/1"}],"replies":[{"embeddable":true,"href":"https:\/\/www.carillons.ch\/blog\/wp-json\/wp\/v2\/comments?post=7462"}],"version-history":[{"count":21,"href":"https:\/\/www.carillons.ch\/blog\/wp-json\/wp\/v2\/posts\/7462\/revisions"}],"predecessor-version":[{"id":15016,"href":"https:\/\/www.carillons.ch\/blog\/wp-json\/wp\/v2\/posts\/7462\/revisions\/15016"}],"wp:featuredmedia":[{"embeddable":true,"href":"https:\/\/www.carillons.ch\/blog\/wp-json\/wp\/v2\/media\/13363"}],"wp:attachment":[{"href":"https:\/\/www.carillons.ch\/blog\/wp-json\/wp\/v2\/media?parent=7462"}],"wp:term":[{"taxonomy":"category","embeddable":true,"href":"https:\/\/www.carillons.ch\/blog\/wp-json\/wp\/v2\/categories?post=7462"},{"taxonomy":"post_tag","embeddable":true,"href":"https:\/\/www.carillons.ch\/blog\/wp-json\/wp\/v2\/tags?post=7462"}],"curies":[{"name":"wp","href":"https:\/\/api.w.org\/{rel}","templated":true}]}}