{"id":7727,"date":"2015-03-21T19:46:42","date_gmt":"2015-03-21T18:46:42","guid":{"rendered":"http:\/\/www.langages.ch\/blog\/?p=7727"},"modified":"2020-08-25T16:14:07","modified_gmt":"2020-08-25T14:14:07","slug":"orgue-positif-walpen-au-dezaley","status":"publish","type":"post","link":"https:\/\/www.carillons.ch\/blog\/orgue-positif-walpen-au-dezaley\/","title":{"rendered":"Orgue positif Walpen au D\u00e9zaley 1800"},"content":{"rendered":"\n<p>N\u00e9 vers 1800, dans les ateliers des facteurs d\u2019orgues haut-valaisans Walpen<sup>1<\/sup>, non loin de la belle \u00e9glise baroque de Reckingen, je ne garde, malheureusement aucun souvenir de mes premi\u00e8res ann\u00e9es. Sign\u00e9 mais non dat\u00e9, dois-je la vie \u00e0 Joseph (1764-1841) ou \u00e0 Bonifaz (1774-1828)? Peut-\u00eatre \u00e0 tous les deux ! Je pourrais m\u00eame avoir encore un fr\u00e8re, autrefois chez l\u2019instituteur de M\u00fcnster (en 1952) ? Myst\u00e8re !<\/p>\n\n\n<a href=\"https:\/\/www.carillons.ch\/blog\/wp-content\/uploads\/2015-revue-walpen-22.pdf\" class=\"pdfemb-viewer\" style=\"\" data-width=\"max\" data-height=\"max\" data-toolbar=\"bottom\" data-toolbar-fixed=\"off\">2015-revue-walpen-22<\/a>\n<p class=\"wp-block-pdfemb-pdf-embedder-viewer\"><\/p>\n\n\n\n<div class=\"wp-block-file\"><a href=\"http:\/\/www.langages.ch\/blog\/wp-content\/uploads\/2015-revue-walpen-22.pdf\">2015-revue-walpen 22<\/a><a href=\"http:\/\/www.langages.ch\/blog\/wp-content\/uploads\/2015-revue-walpen-22.pdf\" class=\"wp-block-file__button\" download>T\u00e9l\u00e9charger<\/a><\/div>\n\n\n\n<p>Je r\u00e9apparais timidement chez un c\u00e9l\u00e8bre antiquaire s\u00e9dunois, l\u00e0 o\u00f9 me d\u00e9couvrit, un matin de 1952, tristement coinc\u00e9 entre le vieux mur d\u2019une cave et le dos d\u2019une grosse armoire, celui qui prit soin de moi jusqu\u2019\u00e0 aujourd\u2019hui (le soussign\u00e9!)&#8230; L\u2019histoire n\u2019est d\u2019ailleurs pas banale ! A l\u2019\u00e9poque, pour un ami du roi des instruments, il \u00e9tait quasiment impossible de se procurer des tuyaux ou autre mat\u00e9riel usag\u00e9. L\u2019inutilis\u00e9<sup>2<\/sup> \u00e9tait d\u00e9truit, tant les facteurs d\u2019alors craignaient la r\u00e9cup\u00e9ration par des bricoleurs, peut-\u00eatre futurs concurrents!<br>Pourtant, parmi les mordus, un bruit courait: \u00abDu c\u00f4t\u00e9 d\u2019Yverdon, il y aurait, peut-\u00eatre, un petit orgue \u00e0 vendre!\u00bb. Ce fut notre ami Jean-Jacques, celui du Mus\u00e9e de l\u2019Orgue, qui l\u2019emporta, pour 70 francs d\u2019alors<sup>3<\/sup> ! \u00ab Ne t\u2019en fais pas, Pierre, va \u00e0 Sion, fouine les antiquaires, tu trouveras ! \u00bb Et Pierre m\u2019a trouv\u00e9 !<br>Malgr\u00e9 un voyage rocambolesque, couch\u00e9 dans une vieille fourgonnette 2 CV, sur quatre cageots \u00e0 pommes de terre, mon nouveau propri\u00e9taire allong\u00e9 dans l\u2019espace laiss\u00e9 libre&#8230; mon arriv\u00e9e \u00e0 Lausanne ne passa pas longtemps inaper\u00e7ue! Tr\u00e8s vite, je fus sollicit\u00e9 pour la r\u00e9alisation d\u2019une \u0153uvre<br>lyrique peu banale, l\u2019Ubu Roi d\u2019Alfred Jarry, mis en musique par le regrett\u00e9 G\u00e9rald Gorgerat. Au th\u00e9\u00e2tre des Faux-Nez<sup>4<\/sup>, perch\u00e9 sur une minuscule sc\u00e8ne tournante, sous les doigts de Jacqueline Burnand, la com\u00e9dienne, j\u2019accompagnais les inimitables ritournelles qui, soit dit en passant, m\u00e9riteraient bien une r\u00e9\u00e9dition&#8230; ! A cette occasion, je re\u00e7us une soufflerie \u00e9lectrique qui est toujours l\u00e0 !<sup>5<\/sup><br>Lausanne, Gollion, puis, depuis 2007 le Mus\u00e9e de l\u2019Orgue \u00e0 Roche, je serai heureux de participer \u00e0 la nouvelle vie qui m\u2019est offerte, l\u00e0 o\u00f9 je pourrais bien \u00eatre le premier \u00e0 faire chanter les douces sonorit\u00e9s d\u2019un orgue historique, sous les vo\u00fbtes v\u00e9n\u00e9rables de la chapelle cistercienne du Clos des Abbayes ! D\u00e9sormais propri\u00e9t\u00e9 de l\u2019Association des Amis de l\u2019Abbaye de Montheron, je me r\u00e9jouis que vous veniez m\u2019\u00e9couter, vous ne le regretterez pas!<br>Pierre Golaz<br>\ufffc\ufffc<br>1. Etablis \u00e0 Reckingen, les Walpen, souvent associ\u00e9s \u00e0 une autre dynastie haut-valaisanne, celle des Carlen, ont r\u00e9alis\u00e9 un grand nombre d\u2019instruments, tant en Valais qu\u2019ailleurs en Suisse et m\u00eame en Savoie ou en Italie (Bacceno pr\u00e8s de Domodossola).<br>2. De nombreux instruments, qui seraient aujourd\u2019hui class\u00e9s, ont \u00e9t\u00e9 d\u00e9truits dans l\u2019indiff\u00e9rence quasi g\u00e9n\u00e9rale (Cath\u00e9drale de Lausanne \u2013 XVIIIe s. \u2013 Cully, Morges, Orbe, Le Landeron, etc.)<br>3. Positif Sumiswald du XVIIIe s., l\u2019un des bijoux du Mus\u00e9e de l\u2019Orgue.<br>4. L\u2019ancienne cave des Faux-Nez, \u00e0 la rue de Bourg, \u00e0 Lausanne, avec Charles Apoth\u00e9loz et ses amis.<br>5. Ma vieille soufflerie, actionn\u00e9e par une p\u00e9dale, pourrait \u00eatre facilement restaur\u00e9e<\/p>\n\n\n\n<div class=\"wp-block-image\"><figure class=\"aligncenter\"><img loading=\"lazy\" decoding=\"async\" width=\"600\" height=\"800\" src=\"http:\/\/www.langages.ch\/blog\/wp-content\/uploads\/walpen-orgue-600.jpg\" alt=\"orgue Walpen\" class=\"wp-image-7711\" srcset=\"https:\/\/www.carillons.ch\/blog\/wp-content\/uploads\/walpen-orgue-600.jpg 600w, https:\/\/www.carillons.ch\/blog\/wp-content\/uploads\/walpen-orgue-600-e1426999411301-113x150.jpg 113w, https:\/\/www.carillons.ch\/blog\/wp-content\/uploads\/walpen-orgue-600-225x300.jpg 225w\" sizes=\"auto, (max-width: 600px) 100vw, 600px\" \/><\/figure><\/div>\n\n\n\n<p><br>D\u00e9tails techniques: clavier 54 notes (do1-fa5):<br>Principal 8\u2019 dessus (do3-fa5), prestant 4\u2019, doublette 2\u2019. Soufflerie \u00e0 pied hors d\u2019usage, soufflerie \u00e9lectrique 230 V monophas\u00e9 1952, en bon \u00e9tat. On pourrait avoir les deux souffleries, \u00e0 choix. En fa\u00e7ade: prestant 4\u2019.<br>L\u2019orgue a gard\u00e9 son accord d\u2019origine, environ un ton plus bas que le diapason actuel ! Photo : Pierre Golaz<\/p>\n\n\n\n<figure class=\"wp-block-embed-wordpress wp-block-embed is-type-wp-embed is-provider-carillons-ch\"><div class=\"wp-block-embed__wrapper\">\nhttp:\/\/www.langages.ch\/blog\/orgue-de-tribune-denis-londe-jura-francais-2007\/\n<\/div><\/figure>\n\n\n\n<figure class=\"wp-block-embed-wordpress wp-block-embed is-type-wp-embed is-provider-carillons-ch\"><div class=\"wp-block-embed__wrapper\">\nhttp:\/\/www.langages.ch\/blog\/orgue-de-choeur-sumiswald-berne-1860\/\n<\/div><\/figure>\n\n\n\n<figure class=\"wp-block-embed-wordpress wp-block-embed is-type-wp-embed is-provider-carillons-ch\"><div class=\"wp-block-embed__wrapper\">\nhttp:\/\/www.langages.ch\/blog\/daniel-thomas-organiste\/\n<\/div><\/figure>\n","protected":false},"excerpt":{"rendered":"<p>N\u00e9 vers 1800, dans les ateliers des facteurs d\u2019orgues haut-valaisans Walpen1, non loin de la belle \u00e9glise baroque de Reckingen, je ne garde, malheureusement aucun souvenir de mes premi\u00e8res ann\u00e9es. Sign\u00e9 mais non dat\u00e9, dois-je la vie \u00e0 Joseph (1764-1841) ou \u00e0 Bonifaz (1774-1828)? Peut-\u00eatre \u00e0 tous les deux ! Je pourrais m\u00eame avoir encore un fr\u00e8re, autrefois\u2026 <span class=\"read-more\"><a href=\"https:\/\/www.carillons.ch\/blog\/orgue-positif-walpen-au-dezaley\/\">Lire la suite &raquo;<\/a><\/span><\/p>\n","protected":false},"author":1,"featured_media":9342,"comment_status":"closed","ping_status":"closed","sticky":false,"template":"","format":"standard","meta":{"sfsi_plus_gutenberg_text_before_share":"","sfsi_plus_gutenberg_show_text_before_share":"","sfsi_plus_gutenberg_icon_type":"","sfsi_plus_gutenberg_icon_alignemt":"","sfsi_plus_gutenburg_max_per_row":"","_EventAllDay":false,"_EventTimezone":"","_EventStartDate":"","_EventEndDate":"","_EventStartDateUTC":"","_EventEndDateUTC":"","_EventShowMap":false,"_EventShowMapLink":false,"_EventURL":"","_EventCost":"","_EventCostDescription":"","_EventCurrencySymbol":"","_EventCurrencyCode":"","_EventCurrencyPosition":"","_EventDateTimeSeparator":"","_EventTimeRangeSeparator":"","_EventOrganizerID":[],"_EventVenueID":[],"_OrganizerEmail":"","_OrganizerPhone":"","_OrganizerWebsite":"","_VenueAddress":"","_VenueCity":"","_VenueCountry":"","_VenueProvince":"","_VenueState":"","_VenueZip":"","_VenuePhone":"","_VenueURL":"","_VenueStateProvince":"","_VenueLat":"","_VenueLng":"","_VenueShowMap":false,"_VenueShowMapLink":false,"footnotes":""},"categories":[8,473,707,716,711,25,700],"tags":[719,494],"class_list":["post-7727","post","type-post","status-publish","format-standard","has-post-thumbnail","hentry","category-aaam-abbaye-de-montheron","category-chapelle-du-dezaley","category-charte-europeenne-des-abbayes-et-sites-cisterciens","category-lavaux-patrimoine-mondial-unesco","category-organiste-du-site","category-orgue","category-route-europeenne-des-abbayes-cisterciennes","tag-instruments-de-labbaye-de-montheron","tag-orgue"],"_links":{"self":[{"href":"https:\/\/www.carillons.ch\/blog\/wp-json\/wp\/v2\/posts\/7727","targetHints":{"allow":["GET"]}}],"collection":[{"href":"https:\/\/www.carillons.ch\/blog\/wp-json\/wp\/v2\/posts"}],"about":[{"href":"https:\/\/www.carillons.ch\/blog\/wp-json\/wp\/v2\/types\/post"}],"author":[{"embeddable":true,"href":"https:\/\/www.carillons.ch\/blog\/wp-json\/wp\/v2\/users\/1"}],"replies":[{"embeddable":true,"href":"https:\/\/www.carillons.ch\/blog\/wp-json\/wp\/v2\/comments?post=7727"}],"version-history":[{"count":24,"href":"https:\/\/www.carillons.ch\/blog\/wp-json\/wp\/v2\/posts\/7727\/revisions"}],"predecessor-version":[{"id":14887,"href":"https:\/\/www.carillons.ch\/blog\/wp-json\/wp\/v2\/posts\/7727\/revisions\/14887"}],"wp:featuredmedia":[{"embeddable":true,"href":"https:\/\/www.carillons.ch\/blog\/wp-json\/wp\/v2\/media\/9342"}],"wp:attachment":[{"href":"https:\/\/www.carillons.ch\/blog\/wp-json\/wp\/v2\/media?parent=7727"}],"wp:term":[{"taxonomy":"category","embeddable":true,"href":"https:\/\/www.carillons.ch\/blog\/wp-json\/wp\/v2\/categories?post=7727"},{"taxonomy":"post_tag","embeddable":true,"href":"https:\/\/www.carillons.ch\/blog\/wp-json\/wp\/v2\/tags?post=7727"}],"curies":[{"name":"wp","href":"https:\/\/api.w.org\/{rel}","templated":true}]}}