{"id":7754,"date":"2015-03-22T03:49:08","date_gmt":"2015-03-22T02:49:08","guid":{"rendered":"http:\/\/www.langages.ch\/blog\/?p=7754"},"modified":"2019-04-01T06:16:25","modified_gmt":"2019-04-01T05:16:25","slug":"carillon-de-st-maurice-souvenirs-de-2004","status":"publish","type":"post","link":"https:\/\/www.carillons.ch\/blog\/carillon-de-st-maurice-souvenirs-de-2004\/","title":{"rendered":"Carillon de St-Maurice, souvenirs de 2004"},"content":{"rendered":"\n<p>Reportages de la radio SSR,<\/p>\n\n\n\n<p>Les carillons, de la facture \u00e0 l&rsquo;audition (2004)<\/p>\n\n\n\n<p>24 septembre 2004<\/p>\n\n\n\n<div class=\"wp-block-image\"><figure class=\"alignleft\"><a href=\"http:\/\/www.rts.ch\/dossiers\/2015\/abbaye-saint-maurice\/6308988-archives-rts-le-rayonnement-de-saint-maurice.html?id=6243433\" rel=\"noopener\"><img decoding=\"async\" src=\"http:\/\/www.langages.ch\/blog\/wp-content\/uploads\/benediction-2004.jpg\" alt=\"B\u00e9n\u00e9diction des cloches du carillon\" class=\"wp-image-7756\"\/><\/a><figcaption>Reportage RTS en pr\u00e9lude \u00e0 l&rsquo;inauguration du nouveau carillon de Saint-Maurice. B\u00e9n\u00e9diction des cloches du carillon<\/figcaption><\/figure><\/div>\n\n\n\n<div class=\"wp-block-image\"><figure class=\"alignleft\"><a href=\"http:\/\/www.rts.ch\/dossiers\/2015\/abbaye-saint-maurice\/6308988-archives-rts-le-rayonnement-de-saint-maurice.html?id=6301096\" rel=\"noopener\"><img decoding=\"async\" src=\"http:\/\/www.langages.ch\/blog\/wp-content\/uploads\/suite-bach.jpg\" alt=\"suite de Bach\" class=\"wp-image-7760\"\/><\/a><figcaption>Suite de Bach au carillon (2004) 26 septembre 2004. Interpr\u00e9t\u00e9e par Arie Abbenes, carillonneur \u00e0 Utrecht, sur le carillon de Saint-Maurice.<\/figcaption><\/figure><\/div>\n","protected":false},"excerpt":{"rendered":"<p>Reportages de la radio SSR, Les carillons, de la facture \u00e0 l&rsquo;audition (2004) 24 septembre 2004<\/p>\n","protected":false},"author":1,"featured_media":9388,"comment_status":"closed","ping_status":"closed","sticky":false,"template":"","format":"standard","meta":{"sfsi_plus_gutenberg_text_before_share":"","sfsi_plus_gutenberg_show_text_before_share":"","sfsi_plus_gutenberg_icon_type":"","sfsi_plus_gutenberg_icon_alignemt":"","sfsi_plus_gutenburg_max_per_row":"","_EventAllDay":false,"_EventTimezone":"","_EventStartDate":"","_EventEndDate":"","_EventStartDateUTC":"","_EventEndDateUTC":"","_EventShowMap":false,"_EventShowMapLink":false,"_EventURL":"","_EventCost":"","_EventCostDescription":"","_EventCurrencySymbol":"","_EventCurrencyCode":"","_EventCurrencyPosition":"","_EventDateTimeSeparator":"","_EventTimeRangeSeparator":"","_EventOrganizerID":[],"_EventVenueID":[],"_OrganizerEmail":"","_OrganizerPhone":"","_OrganizerWebsite":"","_VenueAddress":"","_VenueCity":"","_VenueCountry":"","_VenueProvince":"","_VenueState":"","_VenueZip":"","_VenuePhone":"","_VenueURL":"","_VenueStateProvince":"","_VenueLat":"","_VenueLng":"","_VenueShowMap":false,"_VenueShowMapLink":false,"footnotes":""},"categories":[163],"tags":[490,43,493],"class_list":["post-7754","post","type-post","status-publish","format-standard","has-post-thumbnail","hentry","category-carillon-videos","tag-carillon","tag-cloches","tag-video"],"_links":{"self":[{"href":"https:\/\/www.carillons.ch\/blog\/wp-json\/wp\/v2\/posts\/7754","targetHints":{"allow":["GET"]}}],"collection":[{"href":"https:\/\/www.carillons.ch\/blog\/wp-json\/wp\/v2\/posts"}],"about":[{"href":"https:\/\/www.carillons.ch\/blog\/wp-json\/wp\/v2\/types\/post"}],"author":[{"embeddable":true,"href":"https:\/\/www.carillons.ch\/blog\/wp-json\/wp\/v2\/users\/1"}],"replies":[{"embeddable":true,"href":"https:\/\/www.carillons.ch\/blog\/wp-json\/wp\/v2\/comments?post=7754"}],"version-history":[{"count":7,"href":"https:\/\/www.carillons.ch\/blog\/wp-json\/wp\/v2\/posts\/7754\/revisions"}],"predecessor-version":[{"id":12003,"href":"https:\/\/www.carillons.ch\/blog\/wp-json\/wp\/v2\/posts\/7754\/revisions\/12003"}],"wp:featuredmedia":[{"embeddable":true,"href":"https:\/\/www.carillons.ch\/blog\/wp-json\/wp\/v2\/media\/9388"}],"wp:attachment":[{"href":"https:\/\/www.carillons.ch\/blog\/wp-json\/wp\/v2\/media?parent=7754"}],"wp:term":[{"taxonomy":"category","embeddable":true,"href":"https:\/\/www.carillons.ch\/blog\/wp-json\/wp\/v2\/categories?post=7754"},{"taxonomy":"post_tag","embeddable":true,"href":"https:\/\/www.carillons.ch\/blog\/wp-json\/wp\/v2\/tags?post=7754"}],"curies":[{"name":"wp","href":"https:\/\/api.w.org\/{rel}","templated":true}]}}