{"id":9425,"date":"2016-01-22T17:44:18","date_gmt":"2016-01-22T16:44:18","guid":{"rendered":"http:\/\/www.langages.ch\/blog\/?p=9425"},"modified":"2020-02-06T12:07:57","modified_gmt":"2020-02-06T11:07:57","slug":"2017-05-20-mai-nuit-des-eglises","status":"publish","type":"post","link":"https:\/\/www.carillons.ch\/blog\/2017-05-20-mai-nuit-des-eglises\/","title":{"rendered":"Nuit des \u00e9glises"},"content":{"rendered":"\n<p>Durant une soir\u00e9e, dans le Grand Lausanne, les \u00e9glises de toutes confessions ouvrent leurs portes au grand public avec des activit\u00e9s alliant spiritualit\u00e9 et culture.<br>Cette manifestation a lieu tous les trois ans, donc rendez-vous dans trois ans, apr\u00e8s celle de 2017!<\/p>\n\n\n\n<p>La prochaine Nuit des \u00e9glises: le vendredi 5 juin 2020 ! Notez la date!  Site : <a rel=\"noreferrer noopener\" aria-label=\"https:\/\/www.facebook.com\/lanuitdeseglises\/ (s\u2019ouvre dans un nouvel onglet)\" href=\"https:\/\/www.facebook.com\/lanuitdeseglises\/\" target=\"_blank\">https:\/\/www.facebook.com\/lanuitdeseglises\/<\/a><\/p>\n\n\n\n<p>Manifestations \u00e0 l&rsquo;Abbaye de Montheron lors de la Nuit des \u00e9glises:<\/p>\n\n\n<div class='powr-rss-feed' id='5733be1e_1484549459728'><\/div>\n\n\n\n<p>Page Facebook de la Nuit des \u00e9glises:<\/p>\n\n\n<p>[powr-facebook-feed id=a7bd9db6_1484549052581]<\/p>\n","protected":false},"excerpt":{"rendered":"<p>Durant une soir\u00e9e, dans le Grand Lausanne, les \u00e9glises de toutes confessions ouvrent leurs portes au grand public avec des activit\u00e9s alliant spiritualit\u00e9 et culture.Cette manifestation a lieu tous les trois ans, donc rendez-vous dans trois ans, apr\u00e8s celle de 2017! La prochaine Nuit des \u00e9glises: le vendredi 5 juin 2020 ! Notez la date! Site : https:\/\/www.facebook.com\/lanuitdeseglises\/\u2026 <span class=\"read-more\"><a href=\"https:\/\/www.carillons.ch\/blog\/2017-05-20-mai-nuit-des-eglises\/\">Lire la suite &raquo;<\/a><\/span><\/p>\n","protected":false},"author":1,"featured_media":14041,"comment_status":"closed","ping_status":"closed","sticky":false,"template":"","format":"standard","meta":{"sfsi_plus_gutenberg_text_before_share":"","sfsi_plus_gutenberg_show_text_before_share":"","sfsi_plus_gutenberg_icon_type":"","sfsi_plus_gutenberg_icon_alignemt":"","sfsi_plus_gutenburg_max_per_row":"","_EventAllDay":false,"_EventTimezone":"","_EventStartDate":"","_EventEndDate":"","_EventStartDateUTC":"","_EventEndDateUTC":"","_EventShowMap":false,"_EventShowMapLink":false,"_EventURL":"","_EventCost":"","_EventCostDescription":"","_EventCurrencySymbol":"","_EventCurrencyCode":"","_EventCurrencyPosition":"","_EventDateTimeSeparator":"","_EventTimeRangeSeparator":"","_EventOrganizerID":[],"_EventVenueID":[],"_OrganizerEmail":"","_OrganizerPhone":"","_OrganizerWebsite":"","_VenueAddress":"","_VenueCity":"","_VenueCountry":"","_VenueProvince":"","_VenueState":"","_VenueZip":"","_VenuePhone":"","_VenueURL":"","_VenueStateProvince":"","_VenueLat":"","_VenueLng":"","_VenueShowMap":false,"_VenueShowMapLink":false,"footnotes":""},"categories":[8,702],"tags":[557],"class_list":["post-9425","post","type-post","status-publish","format-standard","has-post-thumbnail","hentry","category-aaam-abbaye-de-montheron","category-nuit-des-eglises","tag-nuit-des-eglises"],"_links":{"self":[{"href":"https:\/\/www.carillons.ch\/blog\/wp-json\/wp\/v2\/posts\/9425","targetHints":{"allow":["GET"]}}],"collection":[{"href":"https:\/\/www.carillons.ch\/blog\/wp-json\/wp\/v2\/posts"}],"about":[{"href":"https:\/\/www.carillons.ch\/blog\/wp-json\/wp\/v2\/types\/post"}],"author":[{"embeddable":true,"href":"https:\/\/www.carillons.ch\/blog\/wp-json\/wp\/v2\/users\/1"}],"replies":[{"embeddable":true,"href":"https:\/\/www.carillons.ch\/blog\/wp-json\/wp\/v2\/comments?post=9425"}],"version-history":[{"count":8,"href":"https:\/\/www.carillons.ch\/blog\/wp-json\/wp\/v2\/posts\/9425\/revisions"}],"predecessor-version":[{"id":14043,"href":"https:\/\/www.carillons.ch\/blog\/wp-json\/wp\/v2\/posts\/9425\/revisions\/14043"}],"wp:featuredmedia":[{"embeddable":true,"href":"https:\/\/www.carillons.ch\/blog\/wp-json\/wp\/v2\/media\/14041"}],"wp:attachment":[{"href":"https:\/\/www.carillons.ch\/blog\/wp-json\/wp\/v2\/media?parent=9425"}],"wp:term":[{"taxonomy":"category","embeddable":true,"href":"https:\/\/www.carillons.ch\/blog\/wp-json\/wp\/v2\/categories?post=9425"},{"taxonomy":"post_tag","embeddable":true,"href":"https:\/\/www.carillons.ch\/blog\/wp-json\/wp\/v2\/tags?post=9425"}],"curies":[{"name":"wp","href":"https:\/\/api.w.org\/{rel}","templated":true}]}}