{"id":189,"count":64,"description":"Visites guid\u00e9es du site carillons.ch, soit visite pour groupes \u00e0 la demande, soit visites \u00e0 dates fixes sur inscription ou avec libre acc\u00e8s.\r\n\r\nVous pouvez aussi r\u00e9server une visite priv\u00e9e \u00e0 la date de votre choix et sur le th\u00e8me de votre choix sur la page de <a href=\"https:\/\/www.carillons.ch\/blog\/plan\/contact\/\">contact<\/a>.\r\nListe de quelques-unes des visites propos\u00e9es sur ce site \u00e0 la demande, par ordre alphab\u00e9tique:\r\n<a title=\"L\u2019\u00c9glise paritaire Saint-Germain d\u2019Assens, t\u00e9moin d\u2019un mode de vie exceptionnel en Europe: le partage des lieux de culte\" href=\"https:\/\/www.carillons.ch\/blog\/2018-10-11-octobre-assens-visite-guidee\/\">Assens<\/a>, retable, <a title=\"La baronnie de Bercher et son ch\u00e2teau, l\u2019\u00e9glise et la cure\" href=\"https:\/\/www.carillons.ch\/blog\/la-baronnie-de-bercher-et-son-chateau-leglise-et-la-cure-visite-guidee\/\">Bercher<\/a>, cloches,\u00a0<a title=\"Bottens, ses trois clochers, ses deux \u00e9glises, ses deux ch\u00e2teaux et ses croix de rogations\" href=\"https:\/\/www.carillons.ch\/blog\/bottens-ses-trois-clochers-ses-deux-eglises-ses-deux-chateaux-et-ses-croix-de-rogations\/\">Bottens<\/a>, \u00e9glises, \u00a0<a title=\"Bursins \u2013 prieur\u00e9 clunisien, grange viticole et maison forte\" href=\"https:\/\/www.carillons.ch\/blog\/bursins-prieure-clunisien-grange-viticole-et-maison-forte\/\">Bursins<\/a>, prieur\u00e9, <a href=\"https:\/\/www.carillons.ch\/blog\/2019-09-05-septembre-leglise-de-chatel-st-denis\/\">Ch\u00e2tel St-Denis<\/a>, \u00e9glise, <a title=\"Daillens, le choeur gothique de son \u00e9glise, ses d\u00e9cors peints du XIVe s. et son ch\u00e2teau\" href=\"https:\/\/www.carillons.ch\/blog\/2018-10-04-octobre-daillens-visite-guidee\/\">Daillens<\/a>, fresques,\u00a0<a title=\"Dommartin, ancienne petite ville fortifi\u00e9e et importante ch\u00e2tellenie du Jorat\" href=\"https:\/\/www.carillons.ch\/blog\/2018-09-21-septembre-dommartin-ville-fortifiee\/\">Dommartin<\/a>, ch\u00e2teau, <a href=\"https:\/\/www.carillons.ch\/blog\/2019-09-13-septembre-echallens-son-chateau-son-turlet-ses-deux-eglises\/\">\u00c9challens<\/a>, ch\u00e2teau, \u00e9glises, <a href=\"https:\/\/www.carillons.ch\/blog\/2019-05-17-mai-leglise-paritaire-saint-laurent-detagnieres\/\">\u00c9tagni\u00e8res<\/a>, retable,\u00a0<a title=\"Visite du centre oecum\u00e9nique de Froideville avec son orgue et son carillon de 16 cloches\" href=\"https:\/\/www.carillons.ch\/blog\/froideville-vd-carillon-du-centre-oecumenique\/\">Froideville<\/a>, carillon, <a title=\"Goumoens-la-Ville, ses trois ch\u00e2teaux et son \u00e9glise carolingienne\" href=\"https:\/\/www.carillons.ch\/blog\/goumoens-la-ville-ses-trois-chateaux-et-son-eglise-carolingienne-visite-guidee\/\">Goumoens-la-Ville<\/a>, \u00e9glise,\u00a0<a title=\"Le Village de Morrens, son vieux ch\u00eane, son \u00e9glise m\u00e9di\u00e9vale, son ch\u00e2teau et la cure du Major Davel\" href=\"https:\/\/www.carillons.ch\/blog\/le-village-de-morrens-chene-eglise-cure-et-chateau-visite-guidee\/\">Morrens<\/a>, \u00e9glise, <a href=\"http:\/\/www.carillons.ch\/blog\/2019-08-22-aout-oulens-sous-echallens-son-eglise-medievale\/\">Oulens-sous-\u00c9challens<\/a>, \u00e9glise, <a title=\"Poliez-Pittet, ses deux \u00e9glises, son Turlet, ses 4 clochers, et son grenier\" href=\"https:\/\/www.carillons.ch\/blog\/poliez-pittet-et-ses-4-clochers-visite-guidee\/\">Poliez-Pittet<\/a>, clochers,\u00a0<a title=\"Visite guid\u00e9e du carillon de Chantemerle de 48 cloches et de l'\u00e9glise de la Rosiaz\" href=\"https:\/\/www.carillons.ch\/blog\/visite-guidee-du-carillon-de-chantemerle\/\">Pully<\/a>, carillon,\u00a0<a title=\"Le Prieur\u00e9 de Pully, villa romaine, grange viticole clunisienne \/ Visite guid\u00e9e\" href=\"https:\/\/www.carillons.ch\/blog\/le-prieure-de-pully-villa-romaine-grange-viticole-clunisienne-visite-guidee\/\">Pully<\/a>, Prieur\u00e9,\u00a0<a title=\"Le carillon de 49 cloches de l\u2019Abbaye de St-Maurice, le plus grand carillon de Suisse\" href=\"https:\/\/www.carillons.ch\/blog\/2018-09-13-septembre-le-carillon-de-49-cloches-de-labbaye-de-st-maurice\/\">St-Maurice<\/a>, carillon, <a title=\"L\u2019\u00c9glise paritaire Saint-Nicolas de Villars-le-Terroir, t\u00e9moin d\u2019un mode de vie exceptionnel en Europe: le partage des lieux de culte\" href=\"https:\/\/www.carillons.ch\/blog\/leglise-paritaire-saint-nicolas-de-villars-le-terroir-visite-guidee\/\">Villars-le-Terroir<\/a>, \u00e9glise.","link":"https:\/\/www.carillons.ch\/blog\/tag\/visite-guidee\/","name":"visite guid\u00e9e","slug":"visite-guidee","taxonomy":"post_tag","meta":[],"_links":{"self":[{"href":"https:\/\/www.carillons.ch\/blog\/wp-json\/wp\/v2\/tags\/189","targetHints":{"allow":["GET"]}}],"collection":[{"href":"https:\/\/www.carillons.ch\/blog\/wp-json\/wp\/v2\/tags"}],"about":[{"href":"https:\/\/www.carillons.ch\/blog\/wp-json\/wp\/v2\/taxonomies\/post_tag"}],"wp:post_type":[{"href":"https:\/\/www.carillons.ch\/blog\/wp-json\/wp\/v2\/posts?tags=189"},{"href":"https:\/\/www.carillons.ch\/blog\/wp-json\/wp\/v2\/tribe_events?tags=189"},{"href":"https:\/\/www.carillons.ch\/blog\/wp-json\/wp\/v2\/tec_calendar_embed?tags=189"}],"curies":[{"name":"wp","href":"https:\/\/api.w.org\/{rel}","templated":true}]}}