{"id":505,"count":7,"description":"Balades diverses, \u00e0 th\u00e8mes, excursions du site langages.ch\r\nBalades organis\u00e9es par les associations culturelles du site langages.ch, balades g\u00e9n\u00e9ralement associ\u00e9e \u00e0 un moment musical sur le th\u00e8me de la balade.","link":"https:\/\/www.carillons.ch\/blog\/tag\/balade\/","name":"balade","slug":"balade","taxonomy":"post_tag","meta":[],"_links":{"self":[{"href":"https:\/\/www.carillons.ch\/blog\/wp-json\/wp\/v2\/tags\/505","targetHints":{"allow":["GET"]}}],"collection":[{"href":"https:\/\/www.carillons.ch\/blog\/wp-json\/wp\/v2\/tags"}],"about":[{"href":"https:\/\/www.carillons.ch\/blog\/wp-json\/wp\/v2\/taxonomies\/post_tag"}],"wp:post_type":[{"href":"https:\/\/www.carillons.ch\/blog\/wp-json\/wp\/v2\/posts?tags=505"},{"href":"https:\/\/www.carillons.ch\/blog\/wp-json\/wp\/v2\/tribe_events?tags=505"},{"href":"https:\/\/www.carillons.ch\/blog\/wp-json\/wp\/v2\/tec_calendar_embed?tags=505"}],"curies":[{"name":"wp","href":"https:\/\/api.w.org\/{rel}","templated":true}]}}