{"id":575,"count":2,"description":"Le Parc naturel du Jorat est reconnu \u00ab Parc d\u2019importance nationale \u00bb par la Conf\u00e9d\u00e9ration, devenant ainsi le premier parc naturel p\u00e9riurbain de Suisse romande et le second \u00e0 l\u2019\u00e9chelle nationale. L\u2019octroi de cette labellisation par la Conf\u00e9d\u00e9ration pour une p\u00e9riode de dix ans survient apr\u00e8s une phase de candidature au cours de laquelle le p\u00e9rim\u00e8tre du parc s\u2019est \u00e9tabli enti\u00e8rement sur le territoire communal lausannois, en partenariat avec les communes d\u2019Epalinges, du Mont-sur-Lausanne, de Jorat-Menthue et de Jorat-M\u00e9zi\u00e8res. Au terme de l\u2019\u00e9valuation du dossier, l\u2019Office f\u00e9d\u00e9ral de l\u2019environnement (OFEV) conclut que le Parc naturel du Jorat remplit les exigences pour ce type de parc, puisqu\u2019il est notamment situ\u00e9 \u00e0 proximit\u00e9 d\u2019une agglom\u00e9ration, que la superficie de sa zone centrale o\u00f9 la for\u00eat est laiss\u00e9e \u00e0 sa libre \u00e9volution d\u00e9passe les 4 km2 minimaux exig\u00e9s, qu\u2019il dispose d\u2019une structure de gestion et d\u2019une charte. Il propose \u00e9galement un programme d\u2019activit\u00e9s ax\u00e9es sur le d\u00e9veloppement durable ainsi que sur la d\u00e9couverte et la sensibilisation au milieu forestier et naturel.\r\nL\u2019Abbaye de Montheron est tout naturellement un des p\u00f4les culturels et historiques de ce futur parc.\r\nSite internet de ce parc: <a href=\"http:\/\/www.jorat.org\">http:\/\/www.jorat.org<\/a>.","link":"https:\/\/www.carillons.ch\/blog\/tag\/parc-naturel-du-jorat\/","name":"Parc Naturel du Jorat","slug":"parc-naturel-du-jorat","taxonomy":"post_tag","meta":[],"_links":{"self":[{"href":"https:\/\/www.carillons.ch\/blog\/wp-json\/wp\/v2\/tags\/575","targetHints":{"allow":["GET"]}}],"collection":[{"href":"https:\/\/www.carillons.ch\/blog\/wp-json\/wp\/v2\/tags"}],"about":[{"href":"https:\/\/www.carillons.ch\/blog\/wp-json\/wp\/v2\/taxonomies\/post_tag"}],"wp:post_type":[{"href":"https:\/\/www.carillons.ch\/blog\/wp-json\/wp\/v2\/posts?tags=575"},{"href":"https:\/\/www.carillons.ch\/blog\/wp-json\/wp\/v2\/tribe_events?tags=575"},{"href":"https:\/\/www.carillons.ch\/blog\/wp-json\/wp\/v2\/tec_calendar_embed?tags=575"}],"curies":[{"name":"wp","href":"https:\/\/api.w.org\/{rel}","templated":true}]}}